{"id":42748,"date":"2022-01-21T00:00:00","date_gmt":"2022-01-20T23:00:00","guid":{"rendered":"https:\/\/imagazine.it\/?p=42748"},"modified":"2022-01-21T00:00:00","modified_gmt":"2022-01-20T23:00:00","slug":"air-serbia-colleghera-belgrado-con-trieste-airport","status":"publish","type":"post","link":"https:\/\/imagazine.it\/home_desk\/air-serbia-colleghera-belgrado-con-trieste-airport\/","title":{"rendered":"Air Serbia collegher\u00e0 Belgrado con Trieste Airport"},"content":{"rendered":"<p> \t<strong>Air Serbia<\/strong>, la compagnia di bandiera della Repubblica di Serbia, inizier\u00e0 a operare voli di linea tra <strong>Belgrado e Trieste<\/strong> il 2 giugno e tra Belgrado e Bologna il 6 giugno.<\/p>\n<p> \tI voli per queste due destinazioni italiane opereranno tre volte alla settimana, su Trieste il marted\u00ec, il gioved\u00ec ed il sabato e su Bologna il luned\u00ec, il mercoled\u00ec ed il venerd\u00ec.<\/p>\n<p> \tCon l\u2019introduzione dei collegamenti per Trieste e Bologna, i voli gi\u00e0 operativi su Roma e Milano e quelli gi\u00e0 annunciati su Venezia e Bari, l\u2019Italia diventa cos\u00ec il mercato con il maggior numero di destinazioni servite da Belgrado, sei in totale.<\/p>\n<p> \t<em>\u201cLa decisione di aprire nuove destinazioni in Italia \u00e8 un risultato strategicamente importante per rinnovare e rafforzare la nostra presenza in uno dei Paesi pi\u00f9 visitati al mondo. L\u2019Italia rappresenta un mercato estremamente importante sia per la nostra compagnia aerea che per la Serbia, anche per i forti legami economici che esistono tra i nostri due Paesi. Siamo particolarmente felici di inaugurare i voli per Trieste, la citt\u00e0 che ospita la pi\u00f9 grande comunit\u00e0 serba d\u2019Italia, mentre i voli per Bologna contribuiranno ancor di pi\u00f9 ad incrementare i nostri legami culturali ed economici con l\u2019Italia\u201d<\/em>, ha dichiarato <strong>Bojan Aran\u0111elovi\u0107<\/strong>, Head of Network Planning and Scheduling di Air Serbia.<\/p>\n","protected":false},"excerpt":{"rendered":"<p>A partire da giugno<\/p>\n","protected":false},"author":28,"featured_media":42749,"comment_status":"closed","ping_status":"closed","sticky":false,"template":"","format":"standard","meta":{"dwc-title":[],"dwc-content":[],"footnotes":""},"categories":[5],"tags":[],"class_list":["post-42748","post","type-post","status-publish","format-standard","has-post-thumbnail","hentry","category-attualita"],"rttpg_featured_image_url":{"full":["https:\/\/imagazine.it\/wp-content\/uploads\/2024\/01\/45761-1.webp",750,500,false],"landscape":["https:\/\/imagazine.it\/wp-content\/uploads\/2024\/01\/45761-1.webp",750,500,false],"portraits":["https:\/\/imagazine.it\/wp-content\/uploads\/2024\/01\/45761-1.webp",750,500,false],"thumbnail":["https:\/\/imagazine.it\/wp-content\/uploads\/2024\/01\/45761-1-150x150.webp",150,150,true],"medium":["https:\/\/imagazine.it\/wp-content\/uploads\/2024\/01\/45761-1-300x200.webp",300,200,true],"large":["https:\/\/imagazine.it\/wp-content\/uploads\/2024\/01\/45761-1.webp",640,427,false],"thumblist":["https:\/\/imagazine.it\/wp-content\/uploads\/2024\/01\/45761-1.webp",300,200,false],"thumbrelated":["https:\/\/imagazine.it\/wp-content\/uploads\/2024\/01\/45761-1.webp",500,333,false],"meccarouselthumb":["https:\/\/imagazine.it\/wp-content\/uploads\/2024\/01\/45761-1.webp",474,316,false],"gridsquare":["https:\/\/imagazine.it\/wp-content\/uploads\/2024\/01\/45761-1.webp",391,260,false],"tileview":["https:\/\/imagazine.it\/wp-content\/uploads\/2024\/01\/45761-1.webp",300,200,false],"1536x1536":["https:\/\/imagazine.it\/wp-content\/uploads\/2024\/01\/45761-1.webp",750,500,false],"2048x2048":["https:\/\/imagazine.it\/wp-content\/uploads\/2024\/01\/45761-1.webp",750,500,false],"newsup-slider-full":["https:\/\/imagazine.it\/wp-content\/uploads\/2024\/01\/45761-1.webp",750,500,false],"newsup-featured":["https:\/\/imagazine.it\/wp-content\/uploads\/2024\/01\/45761-1.webp",750,500,false],"newsup-medium":["https:\/\/imagazine.it\/wp-content\/uploads\/2024\/01\/45761-1-720x380.webp",720,380,true],"tptn_thumbnail":["https:\/\/imagazine.it\/wp-content\/uploads\/2024\/01\/45761-1.webp",250,167,false],"sow-carousel-default":["https:\/\/imagazine.it\/wp-content\/uploads\/2024\/01\/45761-1-272x182.webp",272,182,true]},"rttpg_author":{"display_name":"redazione","author_link":"https:\/\/imagazine.it\/home_desk\/author\/redazione\/"},"rttpg_comment":0,"rttpg_category":"<a href=\"https:\/\/imagazine.it\/home_desk\/category\/attualita\/\" rel=\"category tag\">ATTUALIT\u00c0<\/a>","rttpg_excerpt":"A partire da giugno","_links":{"self":[{"href":"https:\/\/imagazine.it\/home_desk\/wp-json\/wp\/v2\/posts\/42748","targetHints":{"allow":["GET"]}}],"collection":[{"href":"https:\/\/imagazine.it\/home_desk\/wp-json\/wp\/v2\/posts"}],"about":[{"href":"https:\/\/imagazine.it\/home_desk\/wp-json\/wp\/v2\/types\/post"}],"author":[{"embeddable":true,"href":"https:\/\/imagazine.it\/home_desk\/wp-json\/wp\/v2\/users\/28"}],"replies":[{"embeddable":true,"href":"https:\/\/imagazine.it\/home_desk\/wp-json\/wp\/v2\/comments?post=42748"}],"version-history":[{"count":0,"href":"https:\/\/imagazine.it\/home_desk\/wp-json\/wp\/v2\/posts\/42748\/revisions"}],"wp:featuredmedia":[{"embeddable":true,"href":"https:\/\/imagazine.it\/home_desk\/wp-json\/wp\/v2\/media\/42749"}],"wp:attachment":[{"href":"https:\/\/imagazine.it\/home_desk\/wp-json\/wp\/v2\/media?parent=42748"}],"wp:term":[{"taxonomy":"category","embeddable":true,"href":"https:\/\/imagazine.it\/home_desk\/wp-json\/wp\/v2\/categories?post=42748"},{"taxonomy":"post_tag","embeddable":true,"href":"https:\/\/imagazine.it\/home_desk\/wp-json\/wp\/v2\/tags?post=42748"}],"curies":[{"name":"wp","href":"https:\/\/api.w.org\/{rel}","templated":true}]}}