{"id":42730,"date":"2022-01-18T00:00:00","date_gmt":"2022-01-17T23:00:00","guid":{"rendered":"https:\/\/imagazine.it\/?p=42730"},"modified":"2022-01-18T00:00:00","modified_gmt":"2022-01-17T23:00:00","slug":"siglato-il-protocollo-tra-i-sindaci-del-mare","status":"publish","type":"post","link":"https:\/\/imagazine.it\/home_desk\/siglato-il-protocollo-tra-i-sindaci-del-mare\/","title":{"rendered":"Siglato il Protocollo tra i \u201cSindaci del mare\u201d"},"content":{"rendered":"<p> \tFirmato a <strong>Monfalcone<\/strong> l\u2019accordo tra i Comuni di Aquileia, Duino Aurisina, Grado, Monfalcone e Muggia mirato &#8220;ad attivare forme di collaborazione al fine di sviluppare e promuovere lo sviluppo locale, la tutela e la valorizzazione dei beni culturali, museali e ambientali, nonch\u00e9 le specificit\u00e0 dell&#39;identit\u00e0 territoriale e delle opportunit\u00e0 turistiche del territorio in forma integrata&#8221;.<\/p>\n<p> \t&#8220;I Comuni si sono organizzati liberamente &#8211; ha rilevato il governatore del Friuli Venezia Giulia, <strong>Massimiliano Fedriga<\/strong>, nella sede dell&#39;Hannibal, teatro della sigla &#8211; per dare le migliori risposte possibili ai cittadini ottimizzando le risorse umane ed economiche. Mi auguro che questo esempio sia seguito da molte altre amministrazioni. La Regione c&#39;\u00e8 e ci sar\u00e0 ricordando che non si sostituisce ai Comuni ma si affianca a essi&#8221;.<\/p>\n<p> \tIl protocollo d&#39;intesa \u00e8 stato sottoscritto dai sindaci di Monfalcone, <strong>Anna Maria Cisint<\/strong>, di Aquileia, <strong>Emanuele Zorino<\/strong>, di Duino Aurisina, <strong>Daniela Pallotta<\/strong>, di Grado, <strong>Claudio Kovatsch<\/strong> e di Muggia, <strong>Paolo Polidori<\/strong>.<\/p>\n<p> \tL&#39;accordo si concentra in particolare su tre ambiti di interesse. In primo luogo mira a valorizzare lo sviluppo turistico del territorio che pu\u00f2 derivare dalla complementariet\u00e0 dell&#39;offerta potenziando le reciproche attrattivit\u00e0, in particolare dell&#39;ambito del litorale e della laguna, delle attivit\u00e0 legate allo sport marino e alla nautica, ai club nautici e alle societ\u00e0 nautiche e delle altre specificit\u00e0 del territorio dei Comuni interessati.<\/p>\n<p> \tIn secondo luogo il protocollo riguarda le questioni ambientali che comprendono lo scambio di esperienze per la valorizzazione delle aree naturalistiche, il tema dei dragaggi, la protezione della fauna e della flora marina, le campagne di tutela ecologica, compreso il contrasto all&#39;impiego della plastica in mare.<\/p>\n<p> \tInfine vengono promosse politiche culturali attraverso la condivisione di iniziative di particolare rilievo e valore che tramite sinergie organizzative e finanziarie consentano di dar vita a programmi di alto profilo, valorizzando le identit\u00e0 culturali, le peculiarit\u00e0 storiche, le specificit\u00e0 collegate alle citt\u00e0 murate, la possibilit\u00e0 di progettualit\u00e0 congiunte anche nel contesto della prospettiva 2025 di Nova Gorica\/Gorizia Capitale Europea della Cultura.<\/p>\n","protected":false},"excerpt":{"rendered":"<p>Attivate nuove forme di collaborazione<\/p>\n","protected":false},"author":28,"featured_media":42731,"comment_status":"closed","ping_status":"closed","sticky":false,"template":"","format":"standard","meta":{"dwc-title":[],"dwc-content":[],"footnotes":""},"categories":[5],"tags":[],"class_list":["post-42730","post","type-post","status-publish","format-standard","has-post-thumbnail","hentry","category-attualita"],"rttpg_featured_image_url":{"full":["https:\/\/imagazine.it\/wp-content\/uploads\/2024\/01\/45724-1.webp",1600,1202,false],"landscape":["https:\/\/imagazine.it\/wp-content\/uploads\/2024\/01\/45724-1.webp",1600,1202,false],"portraits":["https:\/\/imagazine.it\/wp-content\/uploads\/2024\/01\/45724-1.webp",1600,1202,false],"thumbnail":["https:\/\/imagazine.it\/wp-content\/uploads\/2024\/01\/45724-1-150x150.webp",150,150,true],"medium":["https:\/\/imagazine.it\/wp-content\/uploads\/2024\/01\/45724-1-300x225.webp",300,225,true],"large":["https:\/\/imagazine.it\/wp-content\/uploads\/2024\/01\/45724-1-1024x769.webp",640,481,true],"thumblist":["https:\/\/imagazine.it\/wp-content\/uploads\/2024\/01\/45724-1.webp",300,225,false],"thumbrelated":["https:\/\/imagazine.it\/wp-content\/uploads\/2024\/01\/45724-1.webp",500,376,false],"meccarouselthumb":["https:\/\/imagazine.it\/wp-content\/uploads\/2024\/01\/45724-1.webp",431,324,false],"gridsquare":["https:\/\/imagazine.it\/wp-content\/uploads\/2024\/01\/45724-1.webp",346,260,false],"tileview":["https:\/\/imagazine.it\/wp-content\/uploads\/2024\/01\/45724-1.webp",300,225,false],"1536x1536":["https:\/\/imagazine.it\/wp-content\/uploads\/2024\/01\/45724-1-1536x1154.webp",1536,1154,true],"2048x2048":["https:\/\/imagazine.it\/wp-content\/uploads\/2024\/01\/45724-1.webp",1600,1202,false],"newsup-slider-full":["https:\/\/imagazine.it\/wp-content\/uploads\/2024\/01\/45724-1-1280x720.webp",1280,720,true],"newsup-featured":["https:\/\/imagazine.it\/wp-content\/uploads\/2024\/01\/45724-1-1024x769.webp",1024,769,true],"newsup-medium":["https:\/\/imagazine.it\/wp-content\/uploads\/2024\/01\/45724-1-720x380.webp",720,380,true],"tptn_thumbnail":["https:\/\/imagazine.it\/wp-content\/uploads\/2024\/01\/45724-1.webp",250,188,false],"sow-carousel-default":["https:\/\/imagazine.it\/wp-content\/uploads\/2024\/01\/45724-1-272x182.webp",272,182,true]},"rttpg_author":{"display_name":"redazione","author_link":"https:\/\/imagazine.it\/home_desk\/author\/redazione\/"},"rttpg_comment":0,"rttpg_category":"<a href=\"https:\/\/imagazine.it\/home_desk\/category\/attualita\/\" rel=\"category tag\">ATTUALIT\u00c0<\/a>","rttpg_excerpt":"Attivate nuove forme di collaborazione","_links":{"self":[{"href":"https:\/\/imagazine.it\/home_desk\/wp-json\/wp\/v2\/posts\/42730","targetHints":{"allow":["GET"]}}],"collection":[{"href":"https:\/\/imagazine.it\/home_desk\/wp-json\/wp\/v2\/posts"}],"about":[{"href":"https:\/\/imagazine.it\/home_desk\/wp-json\/wp\/v2\/types\/post"}],"author":[{"embeddable":true,"href":"https:\/\/imagazine.it\/home_desk\/wp-json\/wp\/v2\/users\/28"}],"replies":[{"embeddable":true,"href":"https:\/\/imagazine.it\/home_desk\/wp-json\/wp\/v2\/comments?post=42730"}],"version-history":[{"count":0,"href":"https:\/\/imagazine.it\/home_desk\/wp-json\/wp\/v2\/posts\/42730\/revisions"}],"wp:featuredmedia":[{"embeddable":true,"href":"https:\/\/imagazine.it\/home_desk\/wp-json\/wp\/v2\/media\/42731"}],"wp:attachment":[{"href":"https:\/\/imagazine.it\/home_desk\/wp-json\/wp\/v2\/media?parent=42730"}],"wp:term":[{"taxonomy":"category","embeddable":true,"href":"https:\/\/imagazine.it\/home_desk\/wp-json\/wp\/v2\/categories?post=42730"},{"taxonomy":"post_tag","embeddable":true,"href":"https:\/\/imagazine.it\/home_desk\/wp-json\/wp\/v2\/tags?post=42730"}],"curies":[{"name":"wp","href":"https:\/\/api.w.org\/{rel}","templated":true}]}}