{"id":42726,"date":"2022-01-18T00:00:00","date_gmt":"2022-01-17T23:00:00","guid":{"rendered":"https:\/\/imagazine.it\/?p=42726"},"modified":"2022-01-18T00:00:00","modified_gmt":"2022-01-17T23:00:00","slug":"cervignano-nuovo-regolamento-per-il-nido-comunale","status":"publish","type":"post","link":"https:\/\/imagazine.it\/home_desk\/cervignano-nuovo-regolamento-per-il-nido-comunale\/","title":{"rendered":"Cervignano, nuovo regolamento per il Nido comunale"},"content":{"rendered":"<p> \tIl <strong>Consiglio comunale di Cervignano del Friuli<\/strong> nella seduta <strong>di luned\u00ec 17 gennaio<\/strong> ha approvato all\u2019unanimit\u00e0 il nuovo regolamento del <strong>Nido comunale<\/strong>, gi\u00e0 illustrato dall\u2019assessore all\u2019istruzione <strong>Federica Maule<\/strong> venerd\u00ec 14 gennaio alla Commissione statuto e regolamenti del Comune.<\/p>\n<p> \tLa struttura del Nido comunale consta a <strong>oggi 69 iscritti<\/strong> trovandosi per la prima volta a coprire il numero massimo consentito dalla legge regionale di settore. Si \u00e8 evidenziata cos\u00ec la necessit\u00e0 di regolamentare\u00a0al meglio la gestione di una lista d&#39;attesa, novit\u00e0 assoluta per una struttura che sino ad ora era riuscita a soddisfare le richieste di tutta l&#39;utenza.<\/p>\n<p> \t\u201cSi \u00e8 colta inoltre l&#39;occasione &#8211; spiega l\u2019assessore Maule &#8211; di una rivisitazione\u00a0totale del testo regolamentare rendendolo pi\u00f9 fruibile per l&#39;utenza e offrendo ulteriori\u00a0modifiche, alcune particolarmente a favore delle famiglie vista la notevole richiesta di questo servizio. Un plauso alla cooperativa ITACA aggiudicataria della gestione del servizio che con grande professionalit\u00e0 rende appetibile la struttura alle famiglie di Cervignano e non solo, perch\u00e9 molti iscritti provengono anche dai comuni limitrofi\u201d.<\/p>\n<p> \tIl regolamento definisce i criteri in base a cui stabilire diritti di precedenza nel caso in cui il numero degli iscritti superi la capienza massima della struttura, al fine di garantire trasparenza e medesimo diritto di accesso\u00a0al servizio.<\/p>\n<p> \tPer l\u2019ammissione al servizio viene cos\u00ec predisposta apposita graduatoria per la copertura dei posti disponibili. La graduatoria viene definita sulla base dei seguenti criteri, in ordine di priorit\u00e0: precedenza ai residenti nel Comune di Cervignano del Friuli; precedenza ai residenti nei Comuni convenzionati (nei limiti della quota di riserva di posti stabilita nella convenzione che regola i rapporti fra gli Enti); precedenza ai bambini disabili (con idonea certificazione); precedenza ai bambini in situazione di rischio, con particolari situazioni di ordine economico, psicologico e sociale nel minore e\/o nella famiglia (con relazione comprovante lo stato di necessit\u00e0 del competente Servizio sociale e con specifica convenzione del Comune di residenza); precedenza ai bambini riconosciuti da un solo genitore; precedenza ai bambini con entrambi i genitori che lavorano; precedenza ai bambini che abbiano un fratello\/sorella che gi\u00e0 frequentano il servizio; in caso di parit\u00e0 delle condizioni di priorit\u00e0 indicate ai punti precedenti, viene applicato il criterio residuale del bambino con minore et\u00e0, nei limiti di et\u00e0 previsti per l\u2019ingresso.<\/p>\n<p> \tLa <strong>presentazione delle domande<\/strong> che prima avveniva dall\u20191 al 30 aprile di ogni anno per l&#39;avvio dell&#39;iscrizione il 1\u00b0 settembre, ora vede ampliata la fascia temporale: si \u00e8 infatti passati <strong>dal 1\u00b0 marzo al 30 aprile di ogni anno<\/strong>, per offrire maggior tempo a disposizione delle famiglie.<\/p>\n<p> \tL&#39;<strong>inserimento<\/strong> che prima veniva fatto in qualsiasi\u00a0momento dell&#39;anno ora viene stabilito <strong>dal 1\u00b0 al 30 settembre<\/strong>, con la possibilit\u00e0 di posticiparlo di massimo 120 giorni con il pagamento della retta per la conservazione del posto al 70%.<\/p>\n<p> \tCon il precedente regolamento vi era la <strong>possibilit\u00e0 di sospendere il servizio<\/strong> dandone comunicazione scritta con preavviso di almeno 15 giorni anche se comportava il pagamento della retta per intero, mentre ora la possibilit\u00e0 di sospensione\u00a0viene sempre richiesta per iscritto con preavviso di almeno 15 giorni, ma <strong>la retta per la conservazione del posto viene sempre unificata al 70%<\/strong>.<\/p>\n<p> \tNovit\u00e0 anche <strong>in caso di assenze<\/strong> che prima vedevano degli scaglioni di riduzione della retta, ma fino a 8 giorni lavorativi consecutivi nel mese, prevedendo di corrispondere la retta per il 100%; ora tutto viene unificato con una <strong>retta al 70%.<\/strong><\/p>\n<p> \t&#8220;Il Nido d&#39;infanzia della nostra citt\u00e0 &#8211; conclude Federica Maule &#8211; \u00e8 cresciuto notevolmente in questi anni ed \u00e8 una struttura che merita grande attenzione perch\u00e9 offre un servizio educativo per molte famiglie divenuto ormai irrinunciabile. Il Nido si propone come luogo sicuro e attento al bisogno del bambino\u00a0e soprattutto come luogo educativo di primaria importanza per i genitori che lo scelgono con accuratezza e che da sempre lo apprezzano. Compito di un&#39;Amministrazione\u00a0\u00e8 quello di vigilare e garantire un&#39;alta qualit\u00e0 del servizio offrendo tutto il sostegno burocratico alle famiglie per garantire un abbassamento delle tariffe, ove consentito dalla norma, in termini di contribuzione comunale, regionale\u00a0e di altri enti superiori preposti&#8221;.<\/p>\n","protected":false},"excerpt":{"rendered":"<p>Approvato all&#8217;unanimit\u00e0 dal Consiglio comunale<\/p>\n","protected":false},"author":22,"featured_media":42727,"comment_status":"closed","ping_status":"closed","sticky":false,"template":"","format":"standard","meta":{"dwc-title":[],"dwc-content":[],"footnotes":""},"categories":[5],"tags":[],"class_list":["post-42726","post","type-post","status-publish","format-standard","has-post-thumbnail","hentry","category-attualita"],"rttpg_featured_image_url":{"full":["https:\/\/imagazine.it\/wp-content\/uploads\/2024\/01\/45715-1.webp",960,720,false],"landscape":["https:\/\/imagazine.it\/wp-content\/uploads\/2024\/01\/45715-1.webp",960,720,false],"portraits":["https:\/\/imagazine.it\/wp-content\/uploads\/2024\/01\/45715-1.webp",960,720,false],"thumbnail":["https:\/\/imagazine.it\/wp-content\/uploads\/2024\/01\/45715-1-150x150.webp",150,150,true],"medium":["https:\/\/imagazine.it\/wp-content\/uploads\/2024\/01\/45715-1-300x225.webp",300,225,true],"large":["https:\/\/imagazine.it\/wp-content\/uploads\/2024\/01\/45715-1.webp",640,480,false],"thumblist":["https:\/\/imagazine.it\/wp-content\/uploads\/2024\/01\/45715-1.webp",300,225,false],"thumbrelated":["https:\/\/imagazine.it\/wp-content\/uploads\/2024\/01\/45715-1.webp",500,375,false],"meccarouselthumb":["https:\/\/imagazine.it\/wp-content\/uploads\/2024\/01\/45715-1.webp",432,324,false],"gridsquare":["https:\/\/imagazine.it\/wp-content\/uploads\/2024\/01\/45715-1.webp",347,260,false],"tileview":["https:\/\/imagazine.it\/wp-content\/uploads\/2024\/01\/45715-1.webp",300,225,false],"1536x1536":["https:\/\/imagazine.it\/wp-content\/uploads\/2024\/01\/45715-1.webp",960,720,false],"2048x2048":["https:\/\/imagazine.it\/wp-content\/uploads\/2024\/01\/45715-1.webp",960,720,false],"newsup-slider-full":["https:\/\/imagazine.it\/wp-content\/uploads\/2024\/01\/45715-1.webp",960,720,false],"newsup-featured":["https:\/\/imagazine.it\/wp-content\/uploads\/2024\/01\/45715-1.webp",960,720,false],"newsup-medium":["https:\/\/imagazine.it\/wp-content\/uploads\/2024\/01\/45715-1-720x380.webp",720,380,true],"tptn_thumbnail":["https:\/\/imagazine.it\/wp-content\/uploads\/2024\/01\/45715-1.webp",250,188,false],"sow-carousel-default":["https:\/\/imagazine.it\/wp-content\/uploads\/2024\/01\/45715-1-272x182.webp",272,182,true]},"rttpg_author":{"display_name":"Livio Nonis","author_link":"https:\/\/imagazine.it\/home_desk\/author\/nonis\/"},"rttpg_comment":0,"rttpg_category":"<a href=\"https:\/\/imagazine.it\/home_desk\/category\/attualita\/\" rel=\"category tag\">ATTUALIT\u00c0<\/a>","rttpg_excerpt":"Approvato all'unanimit\u00e0 dal Consiglio comunale","_links":{"self":[{"href":"https:\/\/imagazine.it\/home_desk\/wp-json\/wp\/v2\/posts\/42726","targetHints":{"allow":["GET"]}}],"collection":[{"href":"https:\/\/imagazine.it\/home_desk\/wp-json\/wp\/v2\/posts"}],"about":[{"href":"https:\/\/imagazine.it\/home_desk\/wp-json\/wp\/v2\/types\/post"}],"author":[{"embeddable":true,"href":"https:\/\/imagazine.it\/home_desk\/wp-json\/wp\/v2\/users\/22"}],"replies":[{"embeddable":true,"href":"https:\/\/imagazine.it\/home_desk\/wp-json\/wp\/v2\/comments?post=42726"}],"version-history":[{"count":0,"href":"https:\/\/imagazine.it\/home_desk\/wp-json\/wp\/v2\/posts\/42726\/revisions"}],"wp:featuredmedia":[{"embeddable":true,"href":"https:\/\/imagazine.it\/home_desk\/wp-json\/wp\/v2\/media\/42727"}],"wp:attachment":[{"href":"https:\/\/imagazine.it\/home_desk\/wp-json\/wp\/v2\/media?parent=42726"}],"wp:term":[{"taxonomy":"category","embeddable":true,"href":"https:\/\/imagazine.it\/home_desk\/wp-json\/wp\/v2\/categories?post=42726"},{"taxonomy":"post_tag","embeddable":true,"href":"https:\/\/imagazine.it\/home_desk\/wp-json\/wp\/v2\/tags?post=42726"}],"curies":[{"name":"wp","href":"https:\/\/api.w.org\/{rel}","templated":true}]}}