{"id":42716,"date":"2022-01-17T00:00:00","date_gmt":"2022-01-16T23:00:00","guid":{"rendered":"https:\/\/imagazine.it\/?p=42716"},"modified":"2022-01-17T00:00:00","modified_gmt":"2022-01-16T23:00:00","slug":"anche-lisontino-punta-sul-baskin","status":"publish","type":"post","link":"https:\/\/imagazine.it\/home_desk\/anche-lisontino-punta-sul-baskin\/","title":{"rendered":"Anche l&#8217;isontino punta sul baskin"},"content":{"rendered":"<p> \tIl progetto <strong>Carpe Diem Baskin <\/strong>a<strong> Turriaco<\/strong>, organizzato da <strong>N.B.I. (Nuova Basket Isonzo)<\/strong>, dopo l\u2019anno \u201c0\u201d, entra nel vivo con l\u2019iscrizione al campionato regionale che inizier\u00e0 presumibilmente a met\u00e0 marzo.<\/p>\n<p> \tDopo un anno di preparazione \u00e8 giunto il momento di mettere in pratica sul campo di gioco quello che si \u00e8 provato e riprovato negli allenamenti. Il gruppo di atleti si \u00e8 consolidato: ora sono una ventina i giocatori che si alternano nella preparazione, ma solo 14 potranno scendere in campo, in quanto il regolamento prevede che possono giocare persone che abbiano compiuto i 14 anni.<\/p>\n<p> \t<strong>Paola Grazia Ferfoglia<\/strong> \u00e8 il presidente del sodalizio mentre <strong>Erik Franceschini<\/strong> \u00e8 il direttore sportivo, il capo allenatore \u00e8 <strong>Fabio Zuppar<\/strong>, <strong>Michele Russo <\/strong>e <strong>Sara Pesci<\/strong> saranno i suoi aiuti, mentre <strong>Sabrina Sandrigo<\/strong> sar\u00e0 il dirigente accompagnatore. Referenti squadra per ruoli 1-2-3 sono <strong>Cecilia Zecchini<\/strong> e <strong>Isotta Orlando<\/strong>, altre figure della societ\u00e0 saranno punto di riferimento per le famiglie di ragazzi con disabilit\u00e0.<\/p>\n<p> \tRicordiamo che il Baskin deriva da Basket e Inclusione e permette la partecipazione attiva di giocatori con qualsiasi tipo di disabilit\u00e0 (fisica e mentale) che consenta il tiro in un canestro, con diversi ruoli che vanno da \u201c1\u201d a \u201c5\u201d. Nella rosa della squadra il Carpe Diem ha due giocatori nel ruolo di \u201c2\u201d, due nel ruolo di \u201c3\u201d, sette nel ruolo di \u201c4\u201d e 3 nel ruolo di \u201c5\u201d.<\/p>\n<p> \tLe squadre che parteciperanno al secondo campionato regionale saranno: Zio Pino Udine (con 3 formazioni), Bazinga Trieste, Interclub Muggia, Carpe Diem Baskin, K-Ros Over Pasiano di Pordenone, Baskin Tolmezzo, Energy Baskin Portogruaro. L\u2019impegno per il Carpe Diem Baskin non termina con il campionato regionale: sono previste numerose amichevoli e l&#39;organizzazione di qualche torneo al fine di preparare nel miglior modo possibile i ragazzi per le prossime competizioni.<\/p>\n<p> \tIl Carpe Diem Baskin si allena nel palaMarson di Turriaco, che sar\u00e0 il campo ufficiale delle gare di campionato, ogni marted\u00ec e venerd\u00ec dalle 18.30 alle 20: chi \u00e8 curioso, chi vuole conoscere questa disciplina sportiva, \u00e8 invitato agli allenamenti anche solo per provare. Possono allenarsi ragazzini dai 6 anni in su, infatti si stanno organizzano tornei \u201cJunior\u201d bambini dai 6 a 11 anni e \u201cChildren\u201d ragazzi dai 11 ai 14 anni.\u00a0\u00a0\u00a0\u00a0<\/p>\n<p> \t\u00a0<\/p>\n<p> \tRUOLO \u201c1\u201d (pivot che non hanno cammino), stazionano nell&#39;area dei canestri laterali, sono rivolti verso il gioco, da quando il compagno entrato in area gli ha consegnato la palla hanno 10 secondi di tempo per tirare.<\/p>\n<p> \tRUOLO \u201c2\u201d giocatore disabile con l&#39;uso totale o parziale delle mani per il tiro nel canestro laterale alto, il cammino gli consente di spostarsi. Non possiede la corsa o non \u00e8 in grado di utilizzarla: \u00e8 un pivot di movimento, quindi si sposta.\u00a0\u00a0<\/p>\n<p> \tRUOLO \u201c3\u201d possono tirare nei canestri laterali alti da fuori area o nei canestri alti non laterali, effettuando una corsa con almeno qualche palleggio anche se interrotto e non continuato.<\/p>\n<p> \tRUOLO \u201c4\u201d giocatore normodotato o disabile che possiede le grandi prassie (l&#39;uso totale o parziale delle mani quindi il tiro, il cammino, la corsa fluida con palleggio regolare) pu\u00f2 commettere passi di partenza, ma non \u00e8 in grado di effettuare l&#39;entrata in terzo tempo o giri in palleggio con disinvoltura.<\/p>\n<p> \tRUOLO \u201c5\u201d giocatore normodotato o disabile che possiede tutti i fondamentali della pallacanestro (pu\u00f2 assumere anche il ruolo di tutor).<\/p>\n","protected":false},"excerpt":{"rendered":"<p>Confermata l&#8217;attivit\u00e0 a Turriaco<\/p>\n","protected":false},"author":22,"featured_media":42717,"comment_status":"closed","ping_status":"closed","sticky":false,"template":"","format":"standard","meta":{"dwc-title":[],"dwc-content":[],"footnotes":""},"categories":[38],"tags":[],"class_list":["post-42716","post","type-post","status-publish","format-standard","has-post-thumbnail","hentry","category-sport"],"rttpg_featured_image_url":{"full":["https:\/\/imagazine.it\/wp-content\/uploads\/2024\/01\/45704-1.webp",1000,529,false],"landscape":["https:\/\/imagazine.it\/wp-content\/uploads\/2024\/01\/45704-1.webp",1000,529,false],"portraits":["https:\/\/imagazine.it\/wp-content\/uploads\/2024\/01\/45704-1.webp",1000,529,false],"thumbnail":["https:\/\/imagazine.it\/wp-content\/uploads\/2024\/01\/45704-1-150x150.webp",150,150,true],"medium":["https:\/\/imagazine.it\/wp-content\/uploads\/2024\/01\/45704-1-300x159.webp",300,159,true],"large":["https:\/\/imagazine.it\/wp-content\/uploads\/2024\/01\/45704-1.webp",640,339,false],"thumblist":["https:\/\/imagazine.it\/wp-content\/uploads\/2024\/01\/45704-1.webp",300,159,false],"thumbrelated":["https:\/\/imagazine.it\/wp-content\/uploads\/2024\/01\/45704-1.webp",500,265,false],"meccarouselthumb":["https:\/\/imagazine.it\/wp-content\/uploads\/2024\/01\/45704-1.webp",474,251,false],"gridsquare":["https:\/\/imagazine.it\/wp-content\/uploads\/2024\/01\/45704-1.webp",391,207,false],"tileview":["https:\/\/imagazine.it\/wp-content\/uploads\/2024\/01\/45704-1.webp",300,159,false],"1536x1536":["https:\/\/imagazine.it\/wp-content\/uploads\/2024\/01\/45704-1.webp",1000,529,false],"2048x2048":["https:\/\/imagazine.it\/wp-content\/uploads\/2024\/01\/45704-1.webp",1000,529,false],"newsup-slider-full":["https:\/\/imagazine.it\/wp-content\/uploads\/2024\/01\/45704-1.webp",1000,529,false],"newsup-featured":["https:\/\/imagazine.it\/wp-content\/uploads\/2024\/01\/45704-1.webp",1000,529,false],"newsup-medium":["https:\/\/imagazine.it\/wp-content\/uploads\/2024\/01\/45704-1-720x380.webp",720,380,true],"tptn_thumbnail":["https:\/\/imagazine.it\/wp-content\/uploads\/2024\/01\/45704-1.webp",250,132,false],"sow-carousel-default":["https:\/\/imagazine.it\/wp-content\/uploads\/2024\/01\/45704-1-272x182.webp",272,182,true]},"rttpg_author":{"display_name":"Livio Nonis","author_link":"https:\/\/imagazine.it\/home_desk\/author\/nonis\/"},"rttpg_comment":0,"rttpg_category":"<a href=\"https:\/\/imagazine.it\/home_desk\/category\/sport\/\" rel=\"category tag\">SPORT<\/a>","rttpg_excerpt":"Confermata l'attivit\u00e0 a Turriaco","_links":{"self":[{"href":"https:\/\/imagazine.it\/home_desk\/wp-json\/wp\/v2\/posts\/42716","targetHints":{"allow":["GET"]}}],"collection":[{"href":"https:\/\/imagazine.it\/home_desk\/wp-json\/wp\/v2\/posts"}],"about":[{"href":"https:\/\/imagazine.it\/home_desk\/wp-json\/wp\/v2\/types\/post"}],"author":[{"embeddable":true,"href":"https:\/\/imagazine.it\/home_desk\/wp-json\/wp\/v2\/users\/22"}],"replies":[{"embeddable":true,"href":"https:\/\/imagazine.it\/home_desk\/wp-json\/wp\/v2\/comments?post=42716"}],"version-history":[{"count":0,"href":"https:\/\/imagazine.it\/home_desk\/wp-json\/wp\/v2\/posts\/42716\/revisions"}],"wp:featuredmedia":[{"embeddable":true,"href":"https:\/\/imagazine.it\/home_desk\/wp-json\/wp\/v2\/media\/42717"}],"wp:attachment":[{"href":"https:\/\/imagazine.it\/home_desk\/wp-json\/wp\/v2\/media?parent=42716"}],"wp:term":[{"taxonomy":"category","embeddable":true,"href":"https:\/\/imagazine.it\/home_desk\/wp-json\/wp\/v2\/categories?post=42716"},{"taxonomy":"post_tag","embeddable":true,"href":"https:\/\/imagazine.it\/home_desk\/wp-json\/wp\/v2\/tags?post=42716"}],"curies":[{"name":"wp","href":"https:\/\/api.w.org\/{rel}","templated":true}]}}