{"id":42710,"date":"2022-01-17T00:00:00","date_gmt":"2022-01-16T23:00:00","guid":{"rendered":"https:\/\/imagazine.it\/?p=42710"},"modified":"2022-01-17T00:00:00","modified_gmt":"2022-01-16T23:00:00","slug":"sinodo-lunita-pastorale-di-cervignano-allopera","status":"publish","type":"post","link":"https:\/\/imagazine.it\/home_desk\/sinodo-lunita-pastorale-di-cervignano-allopera\/","title":{"rendered":"Sinodo, l&#8217;Unit\u00e0 pastorale di Cervignano all&#8217;opera"},"content":{"rendered":"<p> \t\u201cFare Sinodo \u00e8 un esercizio lento, forse faticoso, per imparare ad ascoltarci a vicenda evitando risposte superficiali, oggi, aprendo questo percorso sinodale, iniziamo con il chiederci tutti &#8211; Papa, vescovi, sacerdoti, religiose e religiosi, sorelle e fratelli laici -: noi, comunit\u00e0 cristiana, incarniamo lo stile di Dio, che cammina nella storia e condivide le vicende dell&#39;umanit\u00e0? Siamo disposti all&#39;avventura del cammino o, timorosi delle incognite, preferiamo rifugiarci nelle scuse del \u201cnon serve\u201d o del \u201csi \u00e8 sempre fatto cos\u00ec?&#8221;.<\/p>\n<p> \tCos\u00ec ha parlato papa Francesco luned\u00ec 11 ottobre nella Basilica di San Pietro in Vaticano durante la messa inaugurale del Cammino sinodale che si concluder\u00e0 con l\u2019assemblea dei vescovi nell\u2019autunno del 2023.<\/p>\n<p> \tAnche nelle varie \u201cUnit\u00e0 pastorali\u201d ci si sta muovendo per trovarsi preparati nei diversi momenti di confronto previsti da questo Sinodo. Un viaggio che sta per iniziare anche nell\u2019<strong>Unit\u00e0<\/strong> <strong>pastorale a Cervignano<\/strong> dove sono comprese le parrocchie e comunit\u00e0 di <strong>Muscoli<\/strong>, <strong>Strassoldo<\/strong>, <strong>Scodovacca<\/strong>, <strong>Terzo d\u2019Aquileia<\/strong>, <strong>San Martino<\/strong> e naturalmente Cervignano.<\/p>\n<p> \tSaranno convocati, dapprima, i rappresentati delle varie comunit\u00e0 pastorali al fine di scegliere le domande su cui dibattere e per fornire le risposte tematiche che si intende perseguire: un nuovo modo di procedere per annunciare il Vangelo.<\/p>\n<p> \tL\u2019obiettivo \u00e8 di presentare entro met\u00e0 aprile i risultati di questo primo confronto. In quest\u2019ottica, nel mese di gennaio saranno coinvolti i Consigli pastorali mentre a febbraio saranno interessati anche i gruppi cattolici che collaborano con la parrocchia. Infine nel mese di marzo \u00e8 prevista un\u2019opera di sensibilizzazione dei fedeli durante le funzioni religiose e anche dei ragazzi.<\/p>\n<p> \tIl tutto per fornire una risposta pi\u00f9 coerente possibile sulle esigenze dell\u2019Unit\u00e0 pastorale.<\/p>\n","protected":false},"excerpt":{"rendered":"<p>Iniziati gli incontri preparativi<\/p>\n","protected":false},"author":22,"featured_media":42711,"comment_status":"closed","ping_status":"closed","sticky":false,"template":"","format":"standard","meta":{"dwc-title":[],"dwc-content":[],"footnotes":""},"categories":[5],"tags":[],"class_list":["post-42710","post","type-post","status-publish","format-standard","has-post-thumbnail","hentry","category-attualita"],"rttpg_featured_image_url":{"full":["https:\/\/imagazine.it\/wp-content\/uploads\/2024\/01\/45691-1.webp",1000,750,false],"landscape":["https:\/\/imagazine.it\/wp-content\/uploads\/2024\/01\/45691-1.webp",1000,750,false],"portraits":["https:\/\/imagazine.it\/wp-content\/uploads\/2024\/01\/45691-1.webp",1000,750,false],"thumbnail":["https:\/\/imagazine.it\/wp-content\/uploads\/2024\/01\/45691-1-150x150.webp",150,150,true],"medium":["https:\/\/imagazine.it\/wp-content\/uploads\/2024\/01\/45691-1-300x225.webp",300,225,true],"large":["https:\/\/imagazine.it\/wp-content\/uploads\/2024\/01\/45691-1.webp",640,480,false],"thumblist":["https:\/\/imagazine.it\/wp-content\/uploads\/2024\/01\/45691-1.webp",300,225,false],"thumbrelated":["https:\/\/imagazine.it\/wp-content\/uploads\/2024\/01\/45691-1.webp",500,375,false],"meccarouselthumb":["https:\/\/imagazine.it\/wp-content\/uploads\/2024\/01\/45691-1.webp",432,324,false],"gridsquare":["https:\/\/imagazine.it\/wp-content\/uploads\/2024\/01\/45691-1.webp",347,260,false],"tileview":["https:\/\/imagazine.it\/wp-content\/uploads\/2024\/01\/45691-1.webp",300,225,false],"1536x1536":["https:\/\/imagazine.it\/wp-content\/uploads\/2024\/01\/45691-1.webp",1000,750,false],"2048x2048":["https:\/\/imagazine.it\/wp-content\/uploads\/2024\/01\/45691-1.webp",1000,750,false],"newsup-slider-full":["https:\/\/imagazine.it\/wp-content\/uploads\/2024\/01\/45691-1-1000x720.webp",1000,720,true],"newsup-featured":["https:\/\/imagazine.it\/wp-content\/uploads\/2024\/01\/45691-1.webp",1000,750,false],"newsup-medium":["https:\/\/imagazine.it\/wp-content\/uploads\/2024\/01\/45691-1-720x380.webp",720,380,true],"tptn_thumbnail":["https:\/\/imagazine.it\/wp-content\/uploads\/2024\/01\/45691-1.webp",250,188,false],"sow-carousel-default":["https:\/\/imagazine.it\/wp-content\/uploads\/2024\/01\/45691-1-272x182.webp",272,182,true]},"rttpg_author":{"display_name":"Livio Nonis","author_link":"https:\/\/imagazine.it\/home_desk\/author\/nonis\/"},"rttpg_comment":0,"rttpg_category":"<a href=\"https:\/\/imagazine.it\/home_desk\/category\/attualita\/\" rel=\"category tag\">ATTUALIT\u00c0<\/a>","rttpg_excerpt":"Iniziati gli incontri preparativi","_links":{"self":[{"href":"https:\/\/imagazine.it\/home_desk\/wp-json\/wp\/v2\/posts\/42710","targetHints":{"allow":["GET"]}}],"collection":[{"href":"https:\/\/imagazine.it\/home_desk\/wp-json\/wp\/v2\/posts"}],"about":[{"href":"https:\/\/imagazine.it\/home_desk\/wp-json\/wp\/v2\/types\/post"}],"author":[{"embeddable":true,"href":"https:\/\/imagazine.it\/home_desk\/wp-json\/wp\/v2\/users\/22"}],"replies":[{"embeddable":true,"href":"https:\/\/imagazine.it\/home_desk\/wp-json\/wp\/v2\/comments?post=42710"}],"version-history":[{"count":0,"href":"https:\/\/imagazine.it\/home_desk\/wp-json\/wp\/v2\/posts\/42710\/revisions"}],"wp:featuredmedia":[{"embeddable":true,"href":"https:\/\/imagazine.it\/home_desk\/wp-json\/wp\/v2\/media\/42711"}],"wp:attachment":[{"href":"https:\/\/imagazine.it\/home_desk\/wp-json\/wp\/v2\/media?parent=42710"}],"wp:term":[{"taxonomy":"category","embeddable":true,"href":"https:\/\/imagazine.it\/home_desk\/wp-json\/wp\/v2\/categories?post=42710"},{"taxonomy":"post_tag","embeddable":true,"href":"https:\/\/imagazine.it\/home_desk\/wp-json\/wp\/v2\/tags?post=42710"}],"curies":[{"name":"wp","href":"https:\/\/api.w.org\/{rel}","templated":true}]}}