{"id":42708,"date":"2022-01-15T00:00:00","date_gmt":"2022-01-14T23:00:00","guid":{"rendered":"https:\/\/imagazine.it\/?p=42708"},"modified":"2022-01-15T00:00:00","modified_gmt":"2022-01-14T23:00:00","slug":"liberta-dinformazione-tessera-onoraria-per-ronchi-dei-legionari","status":"publish","type":"post","link":"https:\/\/imagazine.it\/home_desk\/liberta-dinformazione-tessera-onoraria-per-ronchi-dei-legionari\/","title":{"rendered":"Libert\u00e0 d&#8217;informazione, tessera onoraria per Ronchi dei Legionari"},"content":{"rendered":"<p> \tPresentata nella Sala del Consiglio del Palazzo Municipale di <strong>Ronchi dei Legionari<\/strong>, <strong>l<\/strong><strong>a prima edizione del\u00a0<em>Premio Leali Young &#8211; in memoria di Cristina Visintini<\/em><\/strong>, il concorso che l\u2019associazione culturale\u00a0Leali delle Notizie\u00a0ha istituito per ricordare Cristina Visintini, giornalista e vicepresidente dell&#39;associazione scomparsa lo scorso agosto.<\/p>\n<p> \tCome ha spiegato il\u00a0presidente<strong> Luca Perrino<\/strong>\u00a0\u201c<em>Cristina,\u00a0oltre ad essere stata un&#39;amica sincera e il motore trainante dell&#39;associazione, era anche una giornalista con uno sguardo attento sui giovani, che\u00a0ha lavorato battendosi contro\u00a0il\u00a0precariato\u00a0dei\u00a0giorn<wbr \/>alisti freelance\u00a0e\u00a0lottando per\u00a0la\u00a0difesa dei diritti\u00a0dei\u00a0giovani giornalisti o aspiranti tali<\/em>\u201d.<\/p>\n<p> \tTra i partecipanti alla conferenza stampa, \u00e8 intervenuto\u00a0<strong>Beppe Giulietti<\/strong>,\u00a0presidente della Federazione Nazionale della Stampa Italiana e componente del comitato scientifico del Premio. In collegamento da Assisi, ha ricordato Cristina nella giornata in cui \u00e8 stata donata la \u201cpanchina della libert\u00e0 di stampa\u201d alla citt\u00e0 di Roma, panchina che lei stessa aveva realizzato.<\/p>\n<p> \tA margine del suo intervento Giulietti ha annunciato che il prossimo 30 aprile, in occasione delle celebrazioni per la Giornata mondiale della libert\u00e0 di stampa, per celebrare anche i 20 anni dell&#39;associazione \u201cArticolo 21\u201d, al Comune di Ronchi dei Legionari verr\u00e0 consegnata la tessera onoraria quale comunit\u00e0 che da anni si batte per la libert\u00e0 di informazione.<\/p>\n<p> \tIl sindaco di Ronchi dei Legionari, <strong>Livio Vecchiet<\/strong>, ha ricordato le prime edizioni del Festival del Giornalismo quando, con pochi mezzi, si \u00e8 dato il via a una manifestazione che negli anni ha saputo migliorarsi fino a conquistare la ribalta nazionale, e il\u00a0premio per i giovani aspiranti giornalisti dedicato a Cristina Visintini conferisce ulteriore lustro alla sua figura e al lavoro finora svolto dall&#39;intera associazione.<\/p>\n<p> \tPresente all&#39;incontro anche\u00a0<strong>Crisitiano Degano<\/strong>,\u00a0presidente dell&#39;Ordine dei Giornalisti del Friuli Venezia Giulia, che, in qualit\u00e0 di membro del comitato scientifico\u00a0che valuter\u00e0 i lavori dei partecipanti al concorso,\u00a0ha ricordato Cristina e David Sassoli, insieme nelle foto scattate il 1 marzo 2020 all&#39;inaugurazione della panchina sulla libert\u00e0 di stampa donata a Roma,\u00a0accomunati da una comune passione per il giornalismo, gli ideali di libert\u00e0, l&#39;attenzione verso i giovani e il sorriso sincero.<\/p>\n<p> \t\u00c8 toccato alla vicepresidente di Leali delle Notizie, <strong>Giulia Micheluzzi<\/strong>, il compito di entrare nel dettaglio del\u00a0<strong><em>Premio Leali Young \u2013 in memoria di Cristina Visintini<\/em><\/strong>,\u00a0spiegando che il premio \u00e8 riservato\u00a0<strong>ai giovani aspiranti giornalisti fra i 18 e i 30 anni residenti in tutto il territorio nazionale e non iscritti all&#39;albo<\/strong>,\u00a0ed \u00e8 stato ideato con\u00a0<strong>l&#39;obiettivo\u00a0di incentivare e promuovere l\u2019inserimento dei giovani nella professione giornalistica<\/strong>.<\/p>\n<p> \tIl bando di concorso si aprir\u00e0 il\u00a0<strong>17 gennaio<\/strong>\u00a0e tutti i partecipanti potranno inviare un proprio prodotto giornalistico (articolo, reportage, video inchiesta, ecc&#8230;) sul tema della legalit\u00e0 entro l\u2019<strong>11 aprile<\/strong>. Tutti i lavori pervenuti verranno poi esaminati da un apposito\u00a0<strong>comitato scientifico\u00a0<\/strong>formato dai giornalisti\u00a0<strong>Roberto Covaz<\/strong>,\u00a0<strong>Timothy Dissegna<\/strong>,\u00a0<strong>Cristiano Degano<\/strong>,\u00a0<strong>Luana de Francisco<\/strong>,\u00a0<strong>Silvia De Michielis<\/strong>,\u00a0<strong>Giuseppe Giulietti<\/strong>,\u00a0<strong>Fabiana Martini<\/strong>.<\/p>\n<p> \tIl\u00a0<strong>vincitore\u00a0<\/strong>verr\u00e0 poi\u00a0<strong>premiato<\/strong>\u00a0nel giorno dell\u2019<strong>inaugurazione\u00a0<\/strong>dell\u2019<strong>VIII edizione del Festival del Giornalismo<\/strong>, che si terr\u00e0 a Ronchi dei Legionari\u00a0<strong>dal 14 al 18 giugno<\/strong>.<\/p>\n<p> \tLeali delle Notizie ha inoltre commissionato all\u2019artista\u00a0<strong>Fabio Babich\u00a0un\u2019illustrazione ad hoc per l\u2019uscita del bando del concorso<\/strong>. \u201c<em>L\u2019immagine<\/em>\u00a0\u2013 spiega <strong>Micheluzzi<\/strong>\u00a0\u2013<em>\u00a0ricostruisce la figura di Cristina seduta di spalle che vola su una pagina di giornale aperta, per simboleggiare in parte il fatto che Cristina purtroppo non \u00e8 pi\u00f9 con noi ed \u00e8 quindi volata via, ma allo stesso tempo rappresenta i giovani che volano incontro al loro futuro<\/em>\u201d.<\/p>\n<p> \tIl\u00a0<strong><em>Premio Leali Young \u2013 in memoria di Cristina Visintini<\/em>\u00a0<\/strong>\u00e8 finanziato dalla\u00a0<strong>Regione Friuli Venezia Giulia,\u00a0<\/strong>con risorse statali del\u00a0<strong>Ministero del Lavoro e delle Politiche Sociali, ai sensi degli artt. 72 e 73 del d.lgs. 117\/2017 \u2013 Codice del Terzo Settore\u00a0<\/strong>e appoggiato dal\u00a0<strong>Comune di Ronchi dei Legionari<\/strong>.<\/p>\n<p> \tIl bando e la domanda di partecipazione sono reperibili al seguente link:\u00a0<u><a data-saferedirecturl=\"https:\/\/www.google.com\/url?q=https:\/\/lealidellenotizie.it\/premio-leali-young\/bando\/&#038;source=gmail&#038;ust=1642493787980000&#038;usg=AOvVaw3Rs1fkOICAFYtWWI7NqMC0\" href=\"https:\/\/lealidellenotizie.it\/premio-leali-young\/bando\/\" target=\"_blank\" rel=\"noopener\"><span style=\"color:#0000cd;\">https:\/\/<wbr \/>lealidellenotizie.it\/premio-<wbr \/>leali-young\/bando\/<\/span><\/a><\/u><\/p>\n<p> \t\u00c8 stata poi realizzata un\u2019apposita grafica da <strong>Roberto Duse<\/strong> e <strong>Simona Don <\/strong>e sono state inoltre aperte appositamente\u00a0<strong>nuove pagine Instagram e Facebook<\/strong>,\u00a0all&#39;interno delle quali si potranno reperire ulteriori informazioni.<\/p>\n","protected":false},"excerpt":{"rendered":"<p>Assegnata dalla FNSI<\/p>\n","protected":false},"author":22,"featured_media":42709,"comment_status":"closed","ping_status":"closed","sticky":false,"template":"","format":"standard","meta":{"dwc-title":[],"dwc-content":[],"footnotes":""},"categories":[5],"tags":[],"class_list":["post-42708","post","type-post","status-publish","format-standard","has-post-thumbnail","hentry","category-attualita"],"rttpg_featured_image_url":{"full":["https:\/\/imagazine.it\/wp-content\/uploads\/2024\/01\/45687-1.webp",1000,667,false],"landscape":["https:\/\/imagazine.it\/wp-content\/uploads\/2024\/01\/45687-1.webp",1000,667,false],"portraits":["https:\/\/imagazine.it\/wp-content\/uploads\/2024\/01\/45687-1.webp",1000,667,false],"thumbnail":["https:\/\/imagazine.it\/wp-content\/uploads\/2024\/01\/45687-1-150x150.webp",150,150,true],"medium":["https:\/\/imagazine.it\/wp-content\/uploads\/2024\/01\/45687-1-300x200.webp",300,200,true],"large":["https:\/\/imagazine.it\/wp-content\/uploads\/2024\/01\/45687-1.webp",640,427,false],"thumblist":["https:\/\/imagazine.it\/wp-content\/uploads\/2024\/01\/45687-1.webp",300,200,false],"thumbrelated":["https:\/\/imagazine.it\/wp-content\/uploads\/2024\/01\/45687-1.webp",500,334,false],"meccarouselthumb":["https:\/\/imagazine.it\/wp-content\/uploads\/2024\/01\/45687-1.webp",474,316,false],"gridsquare":["https:\/\/imagazine.it\/wp-content\/uploads\/2024\/01\/45687-1.webp",391,260,false],"tileview":["https:\/\/imagazine.it\/wp-content\/uploads\/2024\/01\/45687-1.webp",300,200,false],"1536x1536":["https:\/\/imagazine.it\/wp-content\/uploads\/2024\/01\/45687-1.webp",1000,667,false],"2048x2048":["https:\/\/imagazine.it\/wp-content\/uploads\/2024\/01\/45687-1.webp",1000,667,false],"newsup-slider-full":["https:\/\/imagazine.it\/wp-content\/uploads\/2024\/01\/45687-1.webp",1000,667,false],"newsup-featured":["https:\/\/imagazine.it\/wp-content\/uploads\/2024\/01\/45687-1.webp",1000,667,false],"newsup-medium":["https:\/\/imagazine.it\/wp-content\/uploads\/2024\/01\/45687-1-720x380.webp",720,380,true],"tptn_thumbnail":["https:\/\/imagazine.it\/wp-content\/uploads\/2024\/01\/45687-1.webp",250,167,false],"sow-carousel-default":["https:\/\/imagazine.it\/wp-content\/uploads\/2024\/01\/45687-1-272x182.webp",272,182,true]},"rttpg_author":{"display_name":"Livio Nonis","author_link":"https:\/\/imagazine.it\/home_desk\/author\/nonis\/"},"rttpg_comment":0,"rttpg_category":"<a href=\"https:\/\/imagazine.it\/home_desk\/category\/attualita\/\" rel=\"category tag\">ATTUALIT\u00c0<\/a>","rttpg_excerpt":"Assegnata dalla FNSI","_links":{"self":[{"href":"https:\/\/imagazine.it\/home_desk\/wp-json\/wp\/v2\/posts\/42708","targetHints":{"allow":["GET"]}}],"collection":[{"href":"https:\/\/imagazine.it\/home_desk\/wp-json\/wp\/v2\/posts"}],"about":[{"href":"https:\/\/imagazine.it\/home_desk\/wp-json\/wp\/v2\/types\/post"}],"author":[{"embeddable":true,"href":"https:\/\/imagazine.it\/home_desk\/wp-json\/wp\/v2\/users\/22"}],"replies":[{"embeddable":true,"href":"https:\/\/imagazine.it\/home_desk\/wp-json\/wp\/v2\/comments?post=42708"}],"version-history":[{"count":0,"href":"https:\/\/imagazine.it\/home_desk\/wp-json\/wp\/v2\/posts\/42708\/revisions"}],"wp:featuredmedia":[{"embeddable":true,"href":"https:\/\/imagazine.it\/home_desk\/wp-json\/wp\/v2\/media\/42709"}],"wp:attachment":[{"href":"https:\/\/imagazine.it\/home_desk\/wp-json\/wp\/v2\/media?parent=42708"}],"wp:term":[{"taxonomy":"category","embeddable":true,"href":"https:\/\/imagazine.it\/home_desk\/wp-json\/wp\/v2\/categories?post=42708"},{"taxonomy":"post_tag","embeddable":true,"href":"https:\/\/imagazine.it\/home_desk\/wp-json\/wp\/v2\/tags?post=42708"}],"curies":[{"name":"wp","href":"https:\/\/api.w.org\/{rel}","templated":true}]}}