{"id":42669,"date":"2022-01-11T00:00:00","date_gmt":"2022-01-10T23:00:00","guid":{"rendered":"https:\/\/imagazine.it\/?p=42669"},"modified":"2022-01-11T00:00:00","modified_gmt":"2022-01-10T23:00:00","slug":"ronchi-un-premio-per-giovani-aspiranti-giornalisti","status":"publish","type":"post","link":"https:\/\/imagazine.it\/home_desk\/ronchi-un-premio-per-giovani-aspiranti-giornalisti\/","title":{"rendered":"Ronchi, un premio per giovani aspiranti giornalisti"},"content":{"rendered":"<p> \tLeali delle Notizie presenta la prima edizione del <strong>Premio Leali Young<\/strong> per giovani aspiranti giornalisti in memoria di Cristina Visintini.<\/p>\n<p> \tL\u2019associazione esporr\u00e0 le regole del bando di partecipazione in conferenza stampa sabato 15 gennaio alle 10.30 al Palazzo Municipale in Piazza Unit\u00e0 d\u2019Italia a <strong>Ronchi dei Legionari<\/strong>.<\/p>\n<p> \tL\u2019associazione culturale indice un <strong>concorso per<\/strong> <strong>giovani aspiranti giornalisti<\/strong> fra i 18 e i 30 anni residenti in tutto il territorio nazionale, con l\u2019obiettivo di incentivare l\u2019attivit\u00e0 del giornalismo e di promuovere l\u2019inserimento dei giovani nella professione.<\/p>\n<p> \tIl bando di concorso si aprir\u00e0 il 17 gennaio e tutti i partecipanti potranno inviare un proprio prodotto giornalistico entro l\u201911 aprile.<\/p>\n<p> \tTutti i lavori pervenuti verranno poi esaminati da un apposito comitato scientifico formato da giornalisti.<\/p>\n<p> \tIl vincitore verr\u00e0 poi premiato nel giorno dell\u2019inaugurazione dell\u2019VIII edizione del Festival del Giornalismo, che si terr\u00e0 a Ronchi dei Legionari dal 14 al 18 giugno. Il \u201cPremio Leali Young \u2013 in memoria di Cristina Visintini\u201d \u00e8 finanziato dalla Regione Friuli Venezia Giulia con risorse statali del Ministero del Lavoro e delle Politiche Sociali e appoggiato dal Comune di Ronchi dei Legionari.<\/p>\n<p> \t\u00abL\u2019iniziativa \u00e8 nata per ricordare la figura di Cristina Visintini \u2013 racconta il presidente Luca Perrino \u2013, giornalista e vicepresidente di Leali delle Notizie, che \u00e8 scomparsa nell\u2019agosto del 2021, lasciando un grande vuoto all\u2019interno dell\u2019associazione e della comunit\u00e0 ronchese\u00bb.<\/p>\n<p> \tLeali delle Notizie ha inoltre commissionato all\u2019artista <strong>Fabio Babich<\/strong> un\u2019illustrazione ad hoc per l\u2019uscita del bando del concorso.<\/p>\n<p> \t\u00abL\u2019immagine ricostruisce la figura di Cristina seduta di spalle che vola su una pagina di giornale aperta \u2013 spiega la vicepresidente <strong>Giulia Micheluzzi<\/strong> \u2013. L\u2019illustrazione vuole in parte simboleggiare il fatto che Cristina purtroppo non \u00e8 pi\u00f9 con noi ed \u00e8 quindi volata via, ma allo stesso tempo riprende anche il logo dell\u2019associazione. I colori dell\u2019immagine mettono inoltre in risalto la personalit\u00e0 di Cristina, sempre gioviale e sorridente\u00bb.<\/p>\n<p> \t\u00c8 stata poi realizzata un\u2019apposita grafica da <strong>Roberto Duse<\/strong> e <strong>Simona Don<\/strong> e l\u2019associazione ha creato sul proprio sito <u><a href=\"http:\/\/www.lealidellenotizie.it\/\" target=\"_blank\" rel=\"noopener\"><span style=\"color:#0000cd;\">www.lealidellenotizie.it<\/span><\/a><\/u> una sezione dedicata al Premio Leali Young. \u00c8 stata inoltre aperta una nuova pagina Instagram e Facebook dove verranno inserite poi tutte le informazioni sul bando di partecipazione.<\/p>\n","protected":false},"excerpt":{"rendered":"<p>Il 15 gennaio la presentazione<\/p>\n","protected":false},"author":22,"featured_media":42670,"comment_status":"closed","ping_status":"closed","sticky":false,"template":"","format":"standard","meta":{"dwc-title":[],"dwc-content":[],"footnotes":""},"categories":[5],"tags":[],"class_list":["post-42669","post","type-post","status-publish","format-standard","has-post-thumbnail","hentry","category-attualita"],"rttpg_featured_image_url":{"full":["https:\/\/imagazine.it\/wp-content\/uploads\/2024\/01\/45606-1.webp",600,400,false],"landscape":["https:\/\/imagazine.it\/wp-content\/uploads\/2024\/01\/45606-1.webp",600,400,false],"portraits":["https:\/\/imagazine.it\/wp-content\/uploads\/2024\/01\/45606-1.webp",600,400,false],"thumbnail":["https:\/\/imagazine.it\/wp-content\/uploads\/2024\/01\/45606-1-150x150.webp",150,150,true],"medium":["https:\/\/imagazine.it\/wp-content\/uploads\/2024\/01\/45606-1-300x200.webp",300,200,true],"large":["https:\/\/imagazine.it\/wp-content\/uploads\/2024\/01\/45606-1.webp",600,400,false],"thumblist":["https:\/\/imagazine.it\/wp-content\/uploads\/2024\/01\/45606-1.webp",300,200,false],"thumbrelated":["https:\/\/imagazine.it\/wp-content\/uploads\/2024\/01\/45606-1.webp",500,333,false],"meccarouselthumb":["https:\/\/imagazine.it\/wp-content\/uploads\/2024\/01\/45606-1.webp",474,316,false],"gridsquare":["https:\/\/imagazine.it\/wp-content\/uploads\/2024\/01\/45606-1.webp",391,260,false],"tileview":["https:\/\/imagazine.it\/wp-content\/uploads\/2024\/01\/45606-1.webp",300,200,false],"1536x1536":["https:\/\/imagazine.it\/wp-content\/uploads\/2024\/01\/45606-1.webp",600,400,false],"2048x2048":["https:\/\/imagazine.it\/wp-content\/uploads\/2024\/01\/45606-1.webp",600,400,false],"newsup-slider-full":["https:\/\/imagazine.it\/wp-content\/uploads\/2024\/01\/45606-1.webp",600,400,false],"newsup-featured":["https:\/\/imagazine.it\/wp-content\/uploads\/2024\/01\/45606-1.webp",600,400,false],"newsup-medium":["https:\/\/imagazine.it\/wp-content\/uploads\/2024\/01\/45606-1-600x380.webp",600,380,true],"tptn_thumbnail":["https:\/\/imagazine.it\/wp-content\/uploads\/2024\/01\/45606-1.webp",250,167,false],"sow-carousel-default":["https:\/\/imagazine.it\/wp-content\/uploads\/2024\/01\/45606-1-272x182.webp",272,182,true]},"rttpg_author":{"display_name":"Livio Nonis","author_link":"https:\/\/imagazine.it\/home_desk\/author\/nonis\/"},"rttpg_comment":0,"rttpg_category":"<a href=\"https:\/\/imagazine.it\/home_desk\/category\/attualita\/\" rel=\"category tag\">ATTUALIT\u00c0<\/a>","rttpg_excerpt":"Il 15 gennaio la presentazione","_links":{"self":[{"href":"https:\/\/imagazine.it\/home_desk\/wp-json\/wp\/v2\/posts\/42669","targetHints":{"allow":["GET"]}}],"collection":[{"href":"https:\/\/imagazine.it\/home_desk\/wp-json\/wp\/v2\/posts"}],"about":[{"href":"https:\/\/imagazine.it\/home_desk\/wp-json\/wp\/v2\/types\/post"}],"author":[{"embeddable":true,"href":"https:\/\/imagazine.it\/home_desk\/wp-json\/wp\/v2\/users\/22"}],"replies":[{"embeddable":true,"href":"https:\/\/imagazine.it\/home_desk\/wp-json\/wp\/v2\/comments?post=42669"}],"version-history":[{"count":0,"href":"https:\/\/imagazine.it\/home_desk\/wp-json\/wp\/v2\/posts\/42669\/revisions"}],"wp:featuredmedia":[{"embeddable":true,"href":"https:\/\/imagazine.it\/home_desk\/wp-json\/wp\/v2\/media\/42670"}],"wp:attachment":[{"href":"https:\/\/imagazine.it\/home_desk\/wp-json\/wp\/v2\/media?parent=42669"}],"wp:term":[{"taxonomy":"category","embeddable":true,"href":"https:\/\/imagazine.it\/home_desk\/wp-json\/wp\/v2\/categories?post=42669"},{"taxonomy":"post_tag","embeddable":true,"href":"https:\/\/imagazine.it\/home_desk\/wp-json\/wp\/v2\/tags?post=42669"}],"curies":[{"name":"wp","href":"https:\/\/api.w.org\/{rel}","templated":true}]}}