{"id":42662,"date":"2022-01-10T00:00:00","date_gmt":"2022-01-09T23:00:00","guid":{"rendered":"https:\/\/imagazine.it\/?p=42662"},"modified":"2022-01-10T00:00:00","modified_gmt":"2022-01-09T23:00:00","slug":"monfalcone-in-funzione-la-nuova-risonanza-magnetica","status":"publish","type":"post","link":"https:\/\/imagazine.it\/home_desk\/monfalcone-in-funzione-la-nuova-risonanza-magnetica\/","title":{"rendered":"Monfalcone, in funzione la nuova Risonanza magnetica"},"content":{"rendered":"<p> \t&#8220;L&#39;entrata in funzione della nuova risonanza magnetica di ultima generazione all&#39;ospedale San Polo \u00e8 un grande passo: questa dotazione permetter\u00e0 ai cittadini dell&#39;area di evitare trasferte a Gorizia e a Trieste per tutta una serie di esami che non era possibile effettuare a Monfalcone per i limiti dell&#39;apparecchiatura precedente&#8221;.<\/p>\n<p> \t\u00c8 quanto ha affermato il vicegovernatore con delega alla Salute <strong>Riccardo Riccardi<\/strong> visitando la piastra che alla Radiologia di <strong>Monfalcone<\/strong> ospita la nuova risonanza magnetica <em>Philips Ingenia<\/em> da 1,5 Tesla, magnete a tunnel ampio di 70 cm che risulta pi\u00f9 confortevole per il paziente rispetto ai modelli precedenti.<\/p>\n<p> \t\u00c8 dotata di numerose bobine per lo studio dei vari distretti anatomici, di software che consentono lo studio del sistema nervoso centrale e periferico, delle arterie, dell&#39;apparato muscolo-scheletrico, del mediastino, dell&#39;addome superiore e di quello inferiore, del rachide in toto.<\/p>\n<p> \t&#8220;Il potenziamento delle strutture del Sistema sanitario regionale &#8211; ha rilevato Riccardi &#8211; \u00e8 un processo che continua all&#39;insegna dell&#39;avanzamento tecnologico e dell&#39;attenzione a servizi sempre pi\u00f9 mirati a mettere a loro agio i pazienti. La nuova risonanza magnetica al secondo piano del <strong>San Polo<\/strong>, per la quale la Regione ha investito 1,3 milioni di euro, sorge in una zona completamente ristrutturata, ampia, funzionale e confortevole e in un contesto di professionisti della sanit\u00e0 motivati&#8221;.<\/p>\n<p> \tA regime, quando cio\u00e8 la fase di formazione del corpo sanitario sar\u00e0 completata, l&#39;apparecchiatura potr\u00e0 effettuare esami ogni quaranta minuti.<\/p>\n<p> \tAll&#39;illustrazione odierna hanno preso parte, accanto a Riccardi, il sindaco di Monfalcone <strong>Anna Maria Cisint<\/strong> e il direttore generale dell\u2019Azienda Sanitaria Universitaria Giuliano Isontina, <strong>Antonio Poggiana<\/strong>.<\/p>\n","protected":false},"excerpt":{"rendered":"<p>Oggi la visita delle autorit\u00e0 regionali<\/p>\n","protected":false},"author":28,"featured_media":42663,"comment_status":"closed","ping_status":"closed","sticky":false,"template":"","format":"standard","meta":{"dwc-title":[],"dwc-content":[],"footnotes":""},"categories":[5],"tags":[],"class_list":["post-42662","post","type-post","status-publish","format-standard","has-post-thumbnail","hentry","category-attualita"],"rttpg_featured_image_url":{"full":["https:\/\/imagazine.it\/wp-content\/uploads\/2024\/01\/45590-1.webp",1416,1062,false],"landscape":["https:\/\/imagazine.it\/wp-content\/uploads\/2024\/01\/45590-1.webp",1416,1062,false],"portraits":["https:\/\/imagazine.it\/wp-content\/uploads\/2024\/01\/45590-1.webp",1416,1062,false],"thumbnail":["https:\/\/imagazine.it\/wp-content\/uploads\/2024\/01\/45590-1-150x150.webp",150,150,true],"medium":["https:\/\/imagazine.it\/wp-content\/uploads\/2024\/01\/45590-1-300x225.webp",300,225,true],"large":["https:\/\/imagazine.it\/wp-content\/uploads\/2024\/01\/45590-1-1024x768.webp",640,480,true],"thumblist":["https:\/\/imagazine.it\/wp-content\/uploads\/2024\/01\/45590-1.webp",300,225,false],"thumbrelated":["https:\/\/imagazine.it\/wp-content\/uploads\/2024\/01\/45590-1.webp",500,375,false],"meccarouselthumb":["https:\/\/imagazine.it\/wp-content\/uploads\/2024\/01\/45590-1.webp",432,324,false],"gridsquare":["https:\/\/imagazine.it\/wp-content\/uploads\/2024\/01\/45590-1.webp",347,260,false],"tileview":["https:\/\/imagazine.it\/wp-content\/uploads\/2024\/01\/45590-1.webp",300,225,false],"1536x1536":["https:\/\/imagazine.it\/wp-content\/uploads\/2024\/01\/45590-1.webp",1416,1062,false],"2048x2048":["https:\/\/imagazine.it\/wp-content\/uploads\/2024\/01\/45590-1.webp",1416,1062,false],"newsup-slider-full":["https:\/\/imagazine.it\/wp-content\/uploads\/2024\/01\/45590-1-1280x720.webp",1280,720,true],"newsup-featured":["https:\/\/imagazine.it\/wp-content\/uploads\/2024\/01\/45590-1-1024x768.webp",1024,768,true],"newsup-medium":["https:\/\/imagazine.it\/wp-content\/uploads\/2024\/01\/45590-1-720x380.webp",720,380,true],"tptn_thumbnail":["https:\/\/imagazine.it\/wp-content\/uploads\/2024\/01\/45590-1.webp",250,188,false],"sow-carousel-default":["https:\/\/imagazine.it\/wp-content\/uploads\/2024\/01\/45590-1-272x182.webp",272,182,true]},"rttpg_author":{"display_name":"redazione","author_link":"https:\/\/imagazine.it\/home_desk\/author\/redazione\/"},"rttpg_comment":0,"rttpg_category":"<a href=\"https:\/\/imagazine.it\/home_desk\/category\/attualita\/\" rel=\"category tag\">ATTUALIT\u00c0<\/a>","rttpg_excerpt":"Oggi la visita delle autorit\u00e0 regionali","_links":{"self":[{"href":"https:\/\/imagazine.it\/home_desk\/wp-json\/wp\/v2\/posts\/42662","targetHints":{"allow":["GET"]}}],"collection":[{"href":"https:\/\/imagazine.it\/home_desk\/wp-json\/wp\/v2\/posts"}],"about":[{"href":"https:\/\/imagazine.it\/home_desk\/wp-json\/wp\/v2\/types\/post"}],"author":[{"embeddable":true,"href":"https:\/\/imagazine.it\/home_desk\/wp-json\/wp\/v2\/users\/28"}],"replies":[{"embeddable":true,"href":"https:\/\/imagazine.it\/home_desk\/wp-json\/wp\/v2\/comments?post=42662"}],"version-history":[{"count":0,"href":"https:\/\/imagazine.it\/home_desk\/wp-json\/wp\/v2\/posts\/42662\/revisions"}],"wp:featuredmedia":[{"embeddable":true,"href":"https:\/\/imagazine.it\/home_desk\/wp-json\/wp\/v2\/media\/42663"}],"wp:attachment":[{"href":"https:\/\/imagazine.it\/home_desk\/wp-json\/wp\/v2\/media?parent=42662"}],"wp:term":[{"taxonomy":"category","embeddable":true,"href":"https:\/\/imagazine.it\/home_desk\/wp-json\/wp\/v2\/categories?post=42662"},{"taxonomy":"post_tag","embeddable":true,"href":"https:\/\/imagazine.it\/home_desk\/wp-json\/wp\/v2\/tags?post=42662"}],"curies":[{"name":"wp","href":"https:\/\/api.w.org\/{rel}","templated":true}]}}