{"id":42658,"date":"2022-01-10T00:00:00","date_gmt":"2022-01-09T23:00:00","guid":{"rendered":"https:\/\/imagazine.it\/?p=42658"},"modified":"2022-01-10T00:00:00","modified_gmt":"2022-01-09T23:00:00","slug":"covid-in-fvg-attivita-chirurgica-ridotta-del-40","status":"publish","type":"post","link":"https:\/\/imagazine.it\/home_desk\/covid-in-fvg-attivita-chirurgica-ridotta-del-40\/","title":{"rendered":"Covid, in FVG attivit\u00e0 chirurgica ridotta del 40%"},"content":{"rendered":"<p> \t&#8220;In questa fase epidemiologica le Aziende sanitarie hanno adottato la stessa modalit\u00e0 di riorganizzazione riducendo l&#39;attivit\u00e0 chirurgica del 40%, preservando gli interventi oncologici e quelli di fascia A e rivedendo le attivit\u00e0 di <em>Day surgery<\/em> e ambulatoriali. La comparsa di focolai nei reparti ospedalieri obbliga a repentine riconversioni talvolta di interi reparti. Da domani saranno attivati 15 posti letto in area medica a Palmanova e, a breve, 4 a Udine. Sempre domani ne verranno attivati 4 in terapia intensiva a Gorizia che potranno essere ampliati a 8 non appena rientrer\u00e0 il personale Covid positivo&#8221;.<\/p>\n<p> \tLo rende noto il vicegovernatore del Fvg con delega alla Salute <strong>Riccardo Riccardi<\/strong> che, al termine dell&#39;unit\u00e0 di crisi, d\u00e0 il quadro della situazione delle Aziende sanitarie e degli istituti Cro di Aviano e Burlo Garofolo di Trieste.<\/p>\n<p> \t&#8220;Il problema pi\u00f9 importante resta la mancanza di personale, assente perch\u00e9 Covid positivo, No Vax o differito &#8211; ha indicato Riccardi -. Nel caso in cui dovessero essere aperti ulteriori posti letto nelle terapie intensive, questo esigerebbe una drastica riduzione dell&#39;attivit\u00e0 chirurgica&#8221;.<\/p>\n<p> \t&#8220;Il sistema sanitario continua a lavorare in rete tra le direzioni sanitarie e i dipartimenti di Anestesia e Rianimazione per dare un&#39;assistenza omogenea sul territorio&#8221;, ha aggiunto il vicegovernatore.<\/p>\n<p> \tNel dettaglio, nell&#39;<strong>Azienda sanitaria Friuli occidentale<\/strong> (Asfo) sono 4 i posti letto occupati in terapia intensiva, 27 pazienti sono ricoverati in Pneumologia di cui 10 in assistenza sub intensiva e 70 pazienti nell&#39;area medica. \u00c8 stata ridotta l&#39;attivit\u00e0 chirurgica del 40% preservando gli interventi oncologici e di fascia A. Al momento viene mantenuta l&#39;attivit\u00e0 ambulatoriale.<\/p>\n<p> \tIl <strong>Centro di riferimento oncologico di Aviano<\/strong> (Cro) ha messo a disposizione 2 dei 4 posti letto dedicati a pazienti di Asfo Covid negativi. Al momento non vi \u00e8 riduzione di attivit\u00e0. Asfo ha occupato tutti e due i posti letto e al momento presso l&#39;Istituto non vi \u00e8 riduzione di attivit\u00e0.<\/p>\n<p> \tNell&#39;<strong>Azienda sanitaria universitaria Friuli centrale<\/strong> (Asufc) i posti letto occupati in terapia intensiva sono 22 mentre sono 82 quelli in area medica, 12 in sub intensiva, 12 in chirurgia (trasformata in chirurgia Covid), il <em>Day surgery <\/em>\u00e8 chiuso. Si sta valutando l&#39;apertura imminente di 4 nuovi posti letto nell&#39;ospedale di <strong>Udine <\/strong>e la riduzione delle attivit\u00e0 ambulatoriali nei distretti sanitari mentre si prevede di aprire domani altri 15 posti letto in area medica all&#39;ospedale di <strong>Palmanova<\/strong>. I posti letto di terapia intensiva non Covid sono stati riorganizzati includendo anche quelli disponibili negli ospedali <em>spoke<\/em>. L&#39;attivit\u00e0 chirurgica \u00e8 stata ridotta del 40%, chiuso il <em>Day surgery<\/em>.<\/p>\n<p> \tLa situazione nell&#39;<strong>Azienda sanitaria universitaria Giuliano Isontina<\/strong> (Asugi) ha visto la riconversione nell&#39;ospedale <strong>Maggiore <\/strong>della geriatria e la chiusura della riabilitazione. Sono ricoverati 52 pazienti Covid e sono stati aperti ulteriori 16 posti letto presso il reparto di malattie infettive dell&#39;ospedale Maggiore. A <strong>Cattinara <\/strong>sono 26 i pazienti ricoverati in sub intensiva, 13 in terapia intensiva e 33 in Clinica Medica riconvertita in reparto Covid. A <strong>Gorizia <\/strong>sono 33 i posti letto occupati tra la Medicina d&#39;urgenza e la Medicina interna. Verranno aperti domani 4 posti letto di terapia intensiva che potranno essere ampliati a 8 non appena rientrer\u00e0 il personale Covid positivo. L&#39;attivit\u00e0 chirurgica \u00e8 ridotta del 40% e chiuso il <em>Day surgery<\/em>.<\/p>\n<p> \tAnche l&#39;istituto <strong>Burlo Garofolo<\/strong> \u00e8 in sofferenza per la mancanza di personale come negli altri nosocomi per cui da questa settimana \u00e8 verosimile una possibile riduzione dell&#39;attivit\u00e0 operatoria. L&#39;istituto ospita una bambina positiva al Covid ricoverata in terapia intensiva.<\/p>\n","protected":false},"excerpt":{"rendered":"<p>La comunicazione del vicegovernatore Riccardi<\/p>\n","protected":false},"author":28,"featured_media":42659,"comment_status":"closed","ping_status":"closed","sticky":false,"template":"","format":"standard","meta":{"dwc-title":[],"dwc-content":[],"footnotes":""},"categories":[5],"tags":[],"class_list":["post-42658","post","type-post","status-publish","format-standard","has-post-thumbnail","hentry","category-attualita"],"rttpg_featured_image_url":{"full":["https:\/\/imagazine.it\/wp-content\/uploads\/2024\/01\/45587-1.webp",750,489,false],"landscape":["https:\/\/imagazine.it\/wp-content\/uploads\/2024\/01\/45587-1.webp",750,489,false],"portraits":["https:\/\/imagazine.it\/wp-content\/uploads\/2024\/01\/45587-1.webp",750,489,false],"thumbnail":["https:\/\/imagazine.it\/wp-content\/uploads\/2024\/01\/45587-1-150x150.webp",150,150,true],"medium":["https:\/\/imagazine.it\/wp-content\/uploads\/2024\/01\/45587-1-300x196.webp",300,196,true],"large":["https:\/\/imagazine.it\/wp-content\/uploads\/2024\/01\/45587-1.webp",640,417,false],"thumblist":["https:\/\/imagazine.it\/wp-content\/uploads\/2024\/01\/45587-1.webp",300,196,false],"thumbrelated":["https:\/\/imagazine.it\/wp-content\/uploads\/2024\/01\/45587-1.webp",500,326,false],"meccarouselthumb":["https:\/\/imagazine.it\/wp-content\/uploads\/2024\/01\/45587-1.webp",474,309,false],"gridsquare":["https:\/\/imagazine.it\/wp-content\/uploads\/2024\/01\/45587-1.webp",391,255,false],"tileview":["https:\/\/imagazine.it\/wp-content\/uploads\/2024\/01\/45587-1.webp",300,196,false],"1536x1536":["https:\/\/imagazine.it\/wp-content\/uploads\/2024\/01\/45587-1.webp",750,489,false],"2048x2048":["https:\/\/imagazine.it\/wp-content\/uploads\/2024\/01\/45587-1.webp",750,489,false],"newsup-slider-full":["https:\/\/imagazine.it\/wp-content\/uploads\/2024\/01\/45587-1.webp",750,489,false],"newsup-featured":["https:\/\/imagazine.it\/wp-content\/uploads\/2024\/01\/45587-1.webp",750,489,false],"newsup-medium":["https:\/\/imagazine.it\/wp-content\/uploads\/2024\/01\/45587-1-720x380.webp",720,380,true],"tptn_thumbnail":["https:\/\/imagazine.it\/wp-content\/uploads\/2024\/01\/45587-1.webp",250,163,false],"sow-carousel-default":["https:\/\/imagazine.it\/wp-content\/uploads\/2024\/01\/45587-1-272x182.webp",272,182,true]},"rttpg_author":{"display_name":"redazione","author_link":"https:\/\/imagazine.it\/home_desk\/author\/redazione\/"},"rttpg_comment":0,"rttpg_category":"<a href=\"https:\/\/imagazine.it\/home_desk\/category\/attualita\/\" rel=\"category tag\">ATTUALIT\u00c0<\/a>","rttpg_excerpt":"La comunicazione del vicegovernatore Riccardi","_links":{"self":[{"href":"https:\/\/imagazine.it\/home_desk\/wp-json\/wp\/v2\/posts\/42658","targetHints":{"allow":["GET"]}}],"collection":[{"href":"https:\/\/imagazine.it\/home_desk\/wp-json\/wp\/v2\/posts"}],"about":[{"href":"https:\/\/imagazine.it\/home_desk\/wp-json\/wp\/v2\/types\/post"}],"author":[{"embeddable":true,"href":"https:\/\/imagazine.it\/home_desk\/wp-json\/wp\/v2\/users\/28"}],"replies":[{"embeddable":true,"href":"https:\/\/imagazine.it\/home_desk\/wp-json\/wp\/v2\/comments?post=42658"}],"version-history":[{"count":0,"href":"https:\/\/imagazine.it\/home_desk\/wp-json\/wp\/v2\/posts\/42658\/revisions"}],"wp:featuredmedia":[{"embeddable":true,"href":"https:\/\/imagazine.it\/home_desk\/wp-json\/wp\/v2\/media\/42659"}],"wp:attachment":[{"href":"https:\/\/imagazine.it\/home_desk\/wp-json\/wp\/v2\/media?parent=42658"}],"wp:term":[{"taxonomy":"category","embeddable":true,"href":"https:\/\/imagazine.it\/home_desk\/wp-json\/wp\/v2\/categories?post=42658"},{"taxonomy":"post_tag","embeddable":true,"href":"https:\/\/imagazine.it\/home_desk\/wp-json\/wp\/v2\/tags?post=42658"}],"curies":[{"name":"wp","href":"https:\/\/api.w.org\/{rel}","templated":true}]}}