{"id":42650,"date":"2022-01-09T00:00:00","date_gmt":"2022-01-08T23:00:00","guid":{"rendered":"https:\/\/imagazine.it\/?p=42650"},"modified":"2022-01-09T00:00:00","modified_gmt":"2022-01-08T23:00:00","slug":"stranzano-bobolar-doro-a-marco-fragiacomo","status":"publish","type":"post","link":"https:\/\/imagazine.it\/home_desk\/stranzano-bobolar-doro-a-marco-fragiacomo\/","title":{"rendered":"Stranzano, &#8220;Bobolar d&#8217;oro&#8221; a Marco Fragiacomo"},"content":{"rendered":"<p> \tAssegnati a <strong>Staranzano<\/strong> il 30\u00b0 <em>Bobolar d\u2019Oro<\/em> e, per la 15<sup>a<\/sup>, i <em>Sigilli Terenziani.<\/em> quest\u2019anno in forma un po\u2019 pi\u00f9 allargata, rispetto all\u2019assegnazione a porte chiuse dello scorso anno.\u00a0<\/p>\n<p> \tL\u2019evento, organizzato da Pro Loco e Amministrazione comunale, ha voluto premiare persone, associazioni, enti, soggetti pubblici e privati che nell\u2019anno solare in esame hanno raggiunto livelli di prestigio nel loro campo o che si sono spesi a favore della collettivit\u00e0, facendo conoscere il loro operato anche fuori dai confini naturali del paese, e anche quelle persone che in silenzio ma in modo efficace hanno saputo contribuire a fare crescere e conoscere Staranzano.<\/p>\n<p> \tLa premiazione si \u00e8 svolta per la prima volta nella sala Alberto Delbianco \u201cper dare la giusta visibilit\u00e0 alle persone premiate che sono il vero fulcro di questi riconoscimenti\u201d, hanno ribadito il sindaco <strong>Riccardo Marchesan<\/strong> e la presidente della Pro Loco <strong>Paola Grazia Ferfoglia<\/strong>.<\/p>\n<p> \tPresenti alla manifestazione il consigliere regionale <strong>Diego Moretti<\/strong>, il presidente del Consorzio delle Pro Loco Go\/Ts <strong>Giancarlo Blasini<\/strong>, e alcuni componenti della giunta locale.<\/p>\n<p> \tLa consegna dei riconoscimenti, momento clou della mattinata, \u00e8 stata accompagnata dalla musica del duo <strong>Piero Politti<\/strong> al violoncello e <strong>Manuel Sergon<\/strong> alle tastiere, che hanno allietato i presenti con interpretazioni di alto livello, applaudite con calore.<\/p>\n<p> \tLa commissione, composta dal presidente della Pro Loco Ferfoglia, dal suo vice <strong>Francesco Contin<\/strong>, dai consiglieri <strong>Rosa Capasso<\/strong> e <strong>Alberto Cecconi<\/strong>, dal sindaco Marchesan, dal vicepresidente della Banca di Credito Cooperativo\u00a0 di\u00a0 Staranzano e Villesse <strong>Rino Dario<\/strong> e dal parroco di Staranzano <strong>don Paolo Zuttion<\/strong>, ha scelto come vincitore del Bobolar d\u2019Oro 2022 <strong>Marco Fragiacomo<\/strong>, dirigente scolastico dell\u2019Istituto Tecnico Economico \u201cLuigi Einaudi\u201d e Tecnico Tecnologico \u201cGuglielmo Marconi\u201d di Staranzano, con la seguente motivazione: \u201c<em>Per la presenza educativa di eccellenza dell\u2019offerta formativa al servizio della crescita umana e culturale dei nostri ragazzi. Il riconoscimento attesta in particolare il grande impegno ed il coraggio della diffusione di programmi innovativi di qualit\u00e0 e aperti alle sfide della nostra societ\u00e0 volti al futuro delle nuove generazioni e allo sviluppo culturale e tecnico del Territorio<\/em>\u201d.<\/p>\n<p> \tLa commissione invece che ha designato i vincitori dei Sigilli Terenziani 2022 era composta dal sindaco Marchesan e dagli assessori <strong>Flavio Pizzolato<\/strong>, <strong>Roberta Russi<\/strong>, <strong>Serena Angela Francovig<\/strong>, <strong>Andrea Cor\u00e0<\/strong>, <strong>Michele Rossi<\/strong> e <strong>Manuela Tomadin<\/strong>, e ha assegnato uno dei due premi alla signora <strong>Viviana Bonazza<\/strong>, \u201c<em>per il costante impegno nello sport<\/em>\u201d.\u00a0<\/p>\n<p> \tFondatrice della squadra di pallavolo di Staranzano di cui \u00e8 stata allenatrice fino al 2009, oltre partecipare agli eventi sportivi organizzati dalla Societ\u00e0 Baseball Ducks, Viviana Bonazza da molti anni opera anche nel sociale e dal 2015 \u00e8 volontaria dell\u2019AUSER, dove ricopre l\u2019incarico di coordinatrice a Ronchi dei Legionari.<\/p>\n<p> \tL\u2019altro sigillo \u00e8 andato a <strong>Mario Carlo Biasiol<\/strong> da anni impegnato nel mondo associativo, da sempre socio del locale circolo ACLI, con la passione per le radici e le tradizioni locali, per l\u2019arte e per il teatro: nel 1997 ha scritto le parole del testo della canzone la \u201c<em>Nostra Staranzan<\/em>\u201d che, di fatto, \u00e8 diventata l\u2019inno di Staranzano. Inoltre nel 1999 ha pubblicato un libro di poesie dal titolo \u201c<em>Pantanari<\/em>\u201d appellativo con cui venivano un tempo indicati gli staranzanesi.<\/p>\n","protected":false},"excerpt":{"rendered":"<p>Guarda le foto<\/p>\n","protected":false},"author":22,"featured_media":42651,"comment_status":"closed","ping_status":"closed","sticky":false,"template":"","format":"standard","meta":{"dwc-title":[],"dwc-content":[],"footnotes":""},"categories":[5],"tags":[],"class_list":["post-42650","post","type-post","status-publish","format-standard","has-post-thumbnail","hentry","category-attualita"],"rttpg_featured_image_url":{"full":["https:\/\/imagazine.it\/wp-content\/uploads\/2024\/01\/45563-1.webp",1000,824,false],"landscape":["https:\/\/imagazine.it\/wp-content\/uploads\/2024\/01\/45563-1.webp",1000,824,false],"portraits":["https:\/\/imagazine.it\/wp-content\/uploads\/2024\/01\/45563-1.webp",1000,824,false],"thumbnail":["https:\/\/imagazine.it\/wp-content\/uploads\/2024\/01\/45563-1-150x150.webp",150,150,true],"medium":["https:\/\/imagazine.it\/wp-content\/uploads\/2024\/01\/45563-1-300x247.webp",300,247,true],"large":["https:\/\/imagazine.it\/wp-content\/uploads\/2024\/01\/45563-1.webp",640,527,false],"thumblist":["https:\/\/imagazine.it\/wp-content\/uploads\/2024\/01\/45563-1.webp",300,247,false],"thumbrelated":["https:\/\/imagazine.it\/wp-content\/uploads\/2024\/01\/45563-1.webp",500,412,false],"meccarouselthumb":["https:\/\/imagazine.it\/wp-content\/uploads\/2024\/01\/45563-1.webp",393,324,false],"gridsquare":["https:\/\/imagazine.it\/wp-content\/uploads\/2024\/01\/45563-1.webp",316,260,false],"tileview":["https:\/\/imagazine.it\/wp-content\/uploads\/2024\/01\/45563-1.webp",300,247,false],"1536x1536":["https:\/\/imagazine.it\/wp-content\/uploads\/2024\/01\/45563-1.webp",1000,824,false],"2048x2048":["https:\/\/imagazine.it\/wp-content\/uploads\/2024\/01\/45563-1.webp",1000,824,false],"newsup-slider-full":["https:\/\/imagazine.it\/wp-content\/uploads\/2024\/01\/45563-1-1000x720.webp",1000,720,true],"newsup-featured":["https:\/\/imagazine.it\/wp-content\/uploads\/2024\/01\/45563-1.webp",1000,824,false],"newsup-medium":["https:\/\/imagazine.it\/wp-content\/uploads\/2024\/01\/45563-1-720x380.webp",720,380,true],"tptn_thumbnail":["https:\/\/imagazine.it\/wp-content\/uploads\/2024\/01\/45563-1.webp",250,206,false],"sow-carousel-default":["https:\/\/imagazine.it\/wp-content\/uploads\/2024\/01\/45563-1-272x182.webp",272,182,true]},"rttpg_author":{"display_name":"Livio Nonis","author_link":"https:\/\/imagazine.it\/home_desk\/author\/nonis\/"},"rttpg_comment":0,"rttpg_category":"<a href=\"https:\/\/imagazine.it\/home_desk\/category\/attualita\/\" rel=\"category tag\">ATTUALIT\u00c0<\/a>","rttpg_excerpt":"Guarda le foto","_links":{"self":[{"href":"https:\/\/imagazine.it\/home_desk\/wp-json\/wp\/v2\/posts\/42650","targetHints":{"allow":["GET"]}}],"collection":[{"href":"https:\/\/imagazine.it\/home_desk\/wp-json\/wp\/v2\/posts"}],"about":[{"href":"https:\/\/imagazine.it\/home_desk\/wp-json\/wp\/v2\/types\/post"}],"author":[{"embeddable":true,"href":"https:\/\/imagazine.it\/home_desk\/wp-json\/wp\/v2\/users\/22"}],"replies":[{"embeddable":true,"href":"https:\/\/imagazine.it\/home_desk\/wp-json\/wp\/v2\/comments?post=42650"}],"version-history":[{"count":0,"href":"https:\/\/imagazine.it\/home_desk\/wp-json\/wp\/v2\/posts\/42650\/revisions"}],"wp:featuredmedia":[{"embeddable":true,"href":"https:\/\/imagazine.it\/home_desk\/wp-json\/wp\/v2\/media\/42651"}],"wp:attachment":[{"href":"https:\/\/imagazine.it\/home_desk\/wp-json\/wp\/v2\/media?parent=42650"}],"wp:term":[{"taxonomy":"category","embeddable":true,"href":"https:\/\/imagazine.it\/home_desk\/wp-json\/wp\/v2\/categories?post=42650"},{"taxonomy":"post_tag","embeddable":true,"href":"https:\/\/imagazine.it\/home_desk\/wp-json\/wp\/v2\/tags?post=42650"}],"curies":[{"name":"wp","href":"https:\/\/api.w.org\/{rel}","templated":true}]}}