{"id":41239,"date":"2021-12-29T00:00:00","date_gmt":"2021-12-28T23:00:00","guid":{"rendered":"https:\/\/imagazine.it\/?p=41239"},"modified":"2021-12-29T00:00:00","modified_gmt":"2021-12-28T23:00:00","slug":"servizio-civile-gorizia-cerca-10-volontari-retribuiti","status":"publish","type":"post","link":"https:\/\/imagazine.it\/home_desk\/servizio-civile-gorizia-cerca-10-volontari-retribuiti\/","title":{"rendered":"Servizio Civile, Gorizia cerca 10 volontari retribuiti"},"content":{"rendered":"<p> \tIl <strong>Comune di Gorizia<\/strong> ha partecipato al progetto nazionale per il reperimento di volontari, nell\u2019ambito del servizio civile, da impiegare per 12 mesi nell\u2019ente.<\/p>\n<p> \t\u201cLo abbiamo fatto attraverso l\u2019Anci del Friuli Venezia Giulia in sinergia con l\u2019Anci della Lombardia &#8211; spiega il sindaco, <strong>Rodolfo Ziberna<\/strong> &#8211; e, come Comune, siamo riusciti a predisporre progetti per l\u2019assunzione di 10 volontari, il numero pi\u00f9 alto in Friuli Venezia Giulia. I progetti sono stati tutti accolti e inseriti nel bando ordinario appena pubblicato dal\u00a0Dipartimento per le Politiche Giovanili e il Servizio Civile Universale per la selezione dei volontari di Servizio Civile Universale che raccoglier\u00e0 le richieste. Invito quindi i giovani a collegarsi al sito <u><a href=\"https:\/\/www.scelgoilserviziocivile.gov.it\/leggi-il-bando\" target=\"_blank\" rel=\"noopener\"><span style=\"color:#0000cd;\">https:\/\/www.scelgoilserviziocivile.gov.it\/leggi-il-bando<\/span><\/a><\/u> e a presentare la domanda di partecipazione esclusivamente attraverso la piattaforma DOL raggiungibile tramite PC, tablet e smartphone all\u2019indirizzo <u><a href=\"https:\/\/domandaonline.serviziocivile.it\" target=\"_blank\" rel=\"noopener\"><span style=\"color:#0000cd;\">https:\/\/domandaonline.serviziocivile.it<\/span><\/a><\/u>. Qui troveranno i progetti riguardanti il Comune di Gorizia\u201d.<\/p>\n<p> \tLe domande di partecipazione dovranno essere presentate esclusivamente nella modalit\u00e0 on line entro le ore 14 del 26 gennaio prossimo. \u00c8 possibile presentare una sola domanda di partecipazione per un unico progetto ed un\u2019unica sede.<\/p>\n<p> \tI settori coinvolti all\u2019interno del Comune di Gorizia sono diversi. Due progetti nelle <strong>attivit\u00e0 culturali<\/strong>: il primo vede i ragazzi o ragazze del servizio coinvolti nell\u2019organizzazione di mostre, con accoglienza del pubblico e servizi vari; l\u2019altro prevede il coinvolgimento nell\u2019organizzazione degli eventi, ovvero della loro programmazione e calendarizzazione e della strategia di promozione turistica.<\/p>\n<p> \tC\u2019\u00e8 poi il <strong>settore sportivo<\/strong>, con la mappatura aggiornata delle associazioni sportive della citt\u00e0 e degli impianti sportivi pubblici e privati e il reperimento di dati collegati.<\/p>\n<p> \tQuindi la <strong>protezione civile<\/strong> dove i volontari si cimenteranno, fra le altre cose, nell\u2019organizzazione delle attivit\u00e0 del settore e nella gestione delle emergenze.<\/p>\n<p> \tSpazio anche alle <strong>politiche giovanili<\/strong> dove i volontari saranno impiegati nell\u2019implementazione del numero di incontri e di istituti che partecipano alle attivit\u00e0 di orientamento e di una strategia di comunicazione nell\u2019ambito dei social.<\/p>\n<p> \tNel <strong>settore educativo<\/strong> i ragazzi affiancheranno gli educatori nello svolgimento di tutte le attivit\u00e0 del servizio rivolto ai pi\u00f9 giovani e alle loro famiglie.<\/p>\n<p> \tInfine l\u2019<strong>ambiente<\/strong>, dove ci sar\u00e0 un coinvolgimento dei volontari nelle attivit\u00e0 di controllo del territorio e di monitoraggio della raccolta rifiuti.<\/p>\n<p> \t\u201cSi tratta di attivit\u00e0 molto interessanti e davvero formative e di questo ringrazio tutti gli uffici coinvolti che hanno predisposto i progetti &#8211; commenta l\u2019assessore alle Politiche giovanili, <strong>Marilena Bernobich<\/strong> -. I volontari avranno la possibilit\u00e0 di sviluppare nuove competenze a abilit\u00e0 anche per il proprio futuro lavorativo. Il servizio civile \u00e8 un importante impegno di crescita personale in favore della comunit\u00e0, esempio di cittadinanza attiva, un bel percorso formativo per i giovani\u201d.<\/p>\n","protected":false},"excerpt":{"rendered":"<p>Il numero pi\u00f9 alto in Friuli Venezia Giulia<\/p>\n","protected":false},"author":28,"featured_media":41240,"comment_status":"closed","ping_status":"closed","sticky":false,"template":"","format":"standard","meta":{"dwc-title":[],"dwc-content":[],"footnotes":""},"categories":[5],"tags":[],"class_list":["post-41239","post","type-post","status-publish","format-standard","has-post-thumbnail","hentry","category-attualita"],"rttpg_featured_image_url":{"full":["https:\/\/imagazine.it\/wp-content\/uploads\/2024\/01\/45451-1.webp",678,418,false],"landscape":["https:\/\/imagazine.it\/wp-content\/uploads\/2024\/01\/45451-1.webp",678,418,false],"portraits":["https:\/\/imagazine.it\/wp-content\/uploads\/2024\/01\/45451-1.webp",678,418,false],"thumbnail":["https:\/\/imagazine.it\/wp-content\/uploads\/2024\/01\/45451-1-150x150.webp",150,150,true],"medium":["https:\/\/imagazine.it\/wp-content\/uploads\/2024\/01\/45451-1-300x185.webp",300,185,true],"large":["https:\/\/imagazine.it\/wp-content\/uploads\/2024\/01\/45451-1.webp",640,395,false],"thumblist":["https:\/\/imagazine.it\/wp-content\/uploads\/2024\/01\/45451-1.webp",300,185,false],"thumbrelated":["https:\/\/imagazine.it\/wp-content\/uploads\/2024\/01\/45451-1.webp",500,308,false],"meccarouselthumb":["https:\/\/imagazine.it\/wp-content\/uploads\/2024\/01\/45451-1.webp",474,292,false],"gridsquare":["https:\/\/imagazine.it\/wp-content\/uploads\/2024\/01\/45451-1.webp",391,241,false],"tileview":["https:\/\/imagazine.it\/wp-content\/uploads\/2024\/01\/45451-1.webp",300,185,false],"1536x1536":["https:\/\/imagazine.it\/wp-content\/uploads\/2024\/01\/45451-1.webp",678,418,false],"2048x2048":["https:\/\/imagazine.it\/wp-content\/uploads\/2024\/01\/45451-1.webp",678,418,false],"newsup-slider-full":["https:\/\/imagazine.it\/wp-content\/uploads\/2024\/01\/45451-1.webp",678,418,false],"newsup-featured":["https:\/\/imagazine.it\/wp-content\/uploads\/2024\/01\/45451-1.webp",678,418,false],"newsup-medium":["https:\/\/imagazine.it\/wp-content\/uploads\/2024\/01\/45451-1-678x380.webp",678,380,true],"tptn_thumbnail":["https:\/\/imagazine.it\/wp-content\/uploads\/2024\/01\/45451-1.webp",250,154,false],"sow-carousel-default":["https:\/\/imagazine.it\/wp-content\/uploads\/2024\/01\/45451-1-272x182.webp",272,182,true]},"rttpg_author":{"display_name":"redazione","author_link":"https:\/\/imagazine.it\/home_desk\/author\/redazione\/"},"rttpg_comment":0,"rttpg_category":"<a href=\"https:\/\/imagazine.it\/home_desk\/category\/attualita\/\" rel=\"category tag\">ATTUALIT\u00c0<\/a>","rttpg_excerpt":"Il numero pi\u00f9 alto in Friuli Venezia Giulia","_links":{"self":[{"href":"https:\/\/imagazine.it\/home_desk\/wp-json\/wp\/v2\/posts\/41239","targetHints":{"allow":["GET"]}}],"collection":[{"href":"https:\/\/imagazine.it\/home_desk\/wp-json\/wp\/v2\/posts"}],"about":[{"href":"https:\/\/imagazine.it\/home_desk\/wp-json\/wp\/v2\/types\/post"}],"author":[{"embeddable":true,"href":"https:\/\/imagazine.it\/home_desk\/wp-json\/wp\/v2\/users\/28"}],"replies":[{"embeddable":true,"href":"https:\/\/imagazine.it\/home_desk\/wp-json\/wp\/v2\/comments?post=41239"}],"version-history":[{"count":0,"href":"https:\/\/imagazine.it\/home_desk\/wp-json\/wp\/v2\/posts\/41239\/revisions"}],"wp:featuredmedia":[{"embeddable":true,"href":"https:\/\/imagazine.it\/home_desk\/wp-json\/wp\/v2\/media\/41240"}],"wp:attachment":[{"href":"https:\/\/imagazine.it\/home_desk\/wp-json\/wp\/v2\/media?parent=41239"}],"wp:term":[{"taxonomy":"category","embeddable":true,"href":"https:\/\/imagazine.it\/home_desk\/wp-json\/wp\/v2\/categories?post=41239"},{"taxonomy":"post_tag","embeddable":true,"href":"https:\/\/imagazine.it\/home_desk\/wp-json\/wp\/v2\/tags?post=41239"}],"curies":[{"name":"wp","href":"https:\/\/api.w.org\/{rel}","templated":true}]}}