{"id":41229,"date":"2021-12-28T00:00:00","date_gmt":"2021-12-27T23:00:00","guid":{"rendered":"https:\/\/imagazine.it\/?p=41229"},"modified":"2021-12-28T00:00:00","modified_gmt":"2021-12-27T23:00:00","slug":"gorizia-bici-smarrite-donate-gli-studenti","status":"publish","type":"post","link":"https:\/\/imagazine.it\/home_desk\/gorizia-bici-smarrite-donate-gli-studenti\/","title":{"rendered":"Gorizia, bici smarrite donate gli studenti"},"content":{"rendered":"<p> \tOgni anno il <strong>Comune di Gorizia<\/strong> si ritrova con diverse biciclette in magazzino raccolte lungo le strade della citt\u00e0 e mai pi\u00f9 rivendicate dai legittimi proprietari. Alcune sono ormai inservibili mentre altre hanno le potenzialit\u00e0 per poter essere nuovamente utilizzate.<\/p>\n<p> \t\u00c8 il caso delle 15 bici che, nell\u2019ultima riunione della giunta comunale, sono state cedute gratuitamente, con un atto formale, all\u2019Istituto d&#39;Istruzione Superiore \u201cRanieri Mario Cossar \u2013 Leonardo Da Vinci\u201d, per attuare il progetto \u201cMobilit\u00e0 sostenibile\u201d in via di realizzazione nell&#39;ambito dell&#39;iniziativa del MIUR \u201cVerso il nuovo anno scolastico: iniziative di supporto agli studenti durante e dopo la pandemia\u201d.<\/p>\n<p> \tA chiederle era stata la stessa direzione dell\u2019Istituto Cossar con una lettera. \u201cSiamo stati ben felici di aderire a questa richiesta \u2013 spiega il sindaco di Gorizia, <strong>Rodolfo Ziberna<\/strong> \u2013 perch\u00e9 incrocia diverse esigenze, da una parte d\u00e0 una mano alle famiglie mettendo gratuitamente a disposizione dei ragazzi questi mezzi ecologici e, dall\u2019altra, educa gli stessi ragazzi a una mobilit\u00e0 meno inquinante\u201d.<\/p>\n<p> \t\u201cRingrazio la scuola \u2013 sottolinea anche l\u2019assessore alla Polizia locale, <strong>Stefano Ceretta<\/strong> \u2013 che ha messo in atto questo bel progetto che ho subito accolto con grande favore facendo avviare l\u2019iter per la cessione gratuita delle biciclette, e sono sicuro che i ragazzi apprezzeranno molto. Voglio peraltro precisare che la cessione di queste biciclette si inserisce nel programma di collaborazione, gi\u00e0 in corso, tra il Comando della Polizia Locale e la Direzione dell&#39;Istituto in materia di educazione stradale e di sensibilizzazione degli studenti alle tematiche della sicurezza della circolazione. Quindi, un plauso all\u2019Istituto Cossar ma anche alla Polizia locale che, da tempo, entra nelle scuole per informare i ragazzi e sensibilizzarli sui comportamenti corretti da tenere sulla strada con insegnamenti che, sicuramente, si ricorderanno anche quando, un domani, affronteranno la strada da automobilisti\u201d.<\/p>\n<p> \tTutti gli oggetti di uso comune rinvenuti da qualche cittadino e consegnati alla Polizia locale, senza essere rivendicati, dagli occhiali ai telefoni cellulari, alle biciclette, se non utilizzati dall\u2019ente per attivit\u00e0 pubbliche, vengono donati a organizzazioni caritatevoli o ONLUS per scopi umanitari e di sostegno di categorie disagiate, oppure ad associazioni di categoria che si impegnino a rimettere a disposizione gratuitamente tali beni alla cittadinanza di Gorizia.<\/p>\n","protected":false},"excerpt":{"rendered":"<p>Per il progetto \u201cMobilit\u00e0 sostenibile\u201d<\/p>\n","protected":false},"author":28,"featured_media":41230,"comment_status":"closed","ping_status":"closed","sticky":false,"template":"","format":"standard","meta":{"dwc-title":[],"dwc-content":[],"footnotes":""},"categories":[5],"tags":[],"class_list":["post-41229","post","type-post","status-publish","format-standard","has-post-thumbnail","hentry","category-attualita"],"rttpg_featured_image_url":{"full":["https:\/\/imagazine.it\/wp-content\/uploads\/2024\/01\/45424-1.webp",1280,800,false],"landscape":["https:\/\/imagazine.it\/wp-content\/uploads\/2024\/01\/45424-1.webp",1280,800,false],"portraits":["https:\/\/imagazine.it\/wp-content\/uploads\/2024\/01\/45424-1.webp",1280,800,false],"thumbnail":["https:\/\/imagazine.it\/wp-content\/uploads\/2024\/01\/45424-1-150x150.webp",150,150,true],"medium":["https:\/\/imagazine.it\/wp-content\/uploads\/2024\/01\/45424-1-300x188.webp",300,188,true],"large":["https:\/\/imagazine.it\/wp-content\/uploads\/2024\/01\/45424-1-1024x640.webp",640,400,true],"thumblist":["https:\/\/imagazine.it\/wp-content\/uploads\/2024\/01\/45424-1.webp",300,188,false],"thumbrelated":["https:\/\/imagazine.it\/wp-content\/uploads\/2024\/01\/45424-1.webp",500,313,false],"meccarouselthumb":["https:\/\/imagazine.it\/wp-content\/uploads\/2024\/01\/45424-1.webp",474,296,false],"gridsquare":["https:\/\/imagazine.it\/wp-content\/uploads\/2024\/01\/45424-1.webp",391,244,false],"tileview":["https:\/\/imagazine.it\/wp-content\/uploads\/2024\/01\/45424-1.webp",300,188,false],"1536x1536":["https:\/\/imagazine.it\/wp-content\/uploads\/2024\/01\/45424-1.webp",1280,800,false],"2048x2048":["https:\/\/imagazine.it\/wp-content\/uploads\/2024\/01\/45424-1.webp",1280,800,false],"newsup-slider-full":["https:\/\/imagazine.it\/wp-content\/uploads\/2024\/01\/45424-1-1280x720.webp",1280,720,true],"newsup-featured":["https:\/\/imagazine.it\/wp-content\/uploads\/2024\/01\/45424-1-1024x640.webp",1024,640,true],"newsup-medium":["https:\/\/imagazine.it\/wp-content\/uploads\/2024\/01\/45424-1-720x380.webp",720,380,true],"tptn_thumbnail":["https:\/\/imagazine.it\/wp-content\/uploads\/2024\/01\/45424-1.webp",250,156,false],"sow-carousel-default":["https:\/\/imagazine.it\/wp-content\/uploads\/2024\/01\/45424-1-272x182.webp",272,182,true]},"rttpg_author":{"display_name":"redazione","author_link":"https:\/\/imagazine.it\/home_desk\/author\/redazione\/"},"rttpg_comment":0,"rttpg_category":"<a href=\"https:\/\/imagazine.it\/home_desk\/category\/attualita\/\" rel=\"category tag\">ATTUALIT\u00c0<\/a>","rttpg_excerpt":"Per il progetto \u201cMobilit\u00e0 sostenibile\u201d","_links":{"self":[{"href":"https:\/\/imagazine.it\/home_desk\/wp-json\/wp\/v2\/posts\/41229","targetHints":{"allow":["GET"]}}],"collection":[{"href":"https:\/\/imagazine.it\/home_desk\/wp-json\/wp\/v2\/posts"}],"about":[{"href":"https:\/\/imagazine.it\/home_desk\/wp-json\/wp\/v2\/types\/post"}],"author":[{"embeddable":true,"href":"https:\/\/imagazine.it\/home_desk\/wp-json\/wp\/v2\/users\/28"}],"replies":[{"embeddable":true,"href":"https:\/\/imagazine.it\/home_desk\/wp-json\/wp\/v2\/comments?post=41229"}],"version-history":[{"count":0,"href":"https:\/\/imagazine.it\/home_desk\/wp-json\/wp\/v2\/posts\/41229\/revisions"}],"wp:featuredmedia":[{"embeddable":true,"href":"https:\/\/imagazine.it\/home_desk\/wp-json\/wp\/v2\/media\/41230"}],"wp:attachment":[{"href":"https:\/\/imagazine.it\/home_desk\/wp-json\/wp\/v2\/media?parent=41229"}],"wp:term":[{"taxonomy":"category","embeddable":true,"href":"https:\/\/imagazine.it\/home_desk\/wp-json\/wp\/v2\/categories?post=41229"},{"taxonomy":"post_tag","embeddable":true,"href":"https:\/\/imagazine.it\/home_desk\/wp-json\/wp\/v2\/tags?post=41229"}],"curies":[{"name":"wp","href":"https:\/\/api.w.org\/{rel}","templated":true}]}}