{"id":41225,"date":"2021-12-28T00:00:00","date_gmt":"2021-12-27T23:00:00","guid":{"rendered":"https:\/\/imagazine.it\/?p=41225"},"modified":"2021-12-28T00:00:00","modified_gmt":"2021-12-27T23:00:00","slug":"i-giovani-del-servizio-civile-a-sostegno-dei-malati-oncologici","status":"publish","type":"post","link":"https:\/\/imagazine.it\/home_desk\/i-giovani-del-servizio-civile-a-sostegno-dei-malati-oncologici\/","title":{"rendered":"I giovani del Servizio Civile a sostegno dei malati oncologici"},"content":{"rendered":"<p> \tPubblicato il Bando 2022 del Dipartimento Giovent\u00f9 e Servizio Civile Nazionale per la selezione di volontari da impiegare in progetti di servizio civile. L\u2019associazione Italiana Malati di Cancro, parenti e amici (AIMaC) seleziona volontari per partecipare al <strong>progetto InformaCancro 2022<\/strong>, gestito dalla Federazione italiana del Associazioni di Volontariato in Oncologia (FAVO) e a <strong>Trieste<\/strong> realizzato in collaborazione con la S.C. Oncologia dell\u2019Azienda Sanitaria Universitaria Giuliano Isontina (ASUGI), Ospedale Maggiore di Trieste.<\/p>\n<p> \tIl progetto mira a creare e migliorare le condizioni umane di accoglienza e informazione per i malati di cancro e le loro famiglie, creando in tal modo un\u2019adeguata formazione civica, sociale, culturale e professionale dei giovani in tal senso, assicurando anche le necessarie informazioni per affrontare la malattia e facilitare l\u2019accesso ai benefici previsti dalle leggi dello stato e al mantenimento del posto di lavoro.\u00a0 Il progetto si pone quale finalit\u00e0 il miglioramento dei servizi di informazione e di orientamento nonch\u00e9 il perfezionamento delle attivit\u00e0 di sostegno psicologico all\u2019ammalato e alla sua famiglia.<\/p>\n<p> \tSi mira all\u2019attuazione di una vera e propria alleanza terapeutica: attori dell\u2019alleanza sono, oltre ai malati e alle loro famiglie, i responsabili delle strutture, il personale sanitario (medico specialistico, infermiere, psicologo, et.) e in questo quadro si inseriscono anche i volontari del Servizio Civile.<\/p>\n<p> \tI volontari operativi in ASUGI operano presso il Punto di Accoglienza e informazione presente all\u2019interno della S.C. Oncologia dell\u2019Ospedale Maggiore di Trieste. I volontari da impiegare sono 4, il progetto si volge con modalit\u00e0 consolidate (sono 13 anni che il progetto \u00e8 attivo presso l\u2019Ospedale Maggiore) ed il ruolo dei volontari comprende attivit\u00e0 di orientamento, informazione, supporto ai malati oncologici e ai loro familiari, in collaborazione con il personale sanitario.<\/p>\n<p> \tLa diagnosi di tumore rappresenta, infatti, uno degli eventi pi\u00f9 stressanti nella vita di un individuo, che provoca spesso in modo brusco e inatteso uno sconvolgimento della persona sul piano personale, familiare, sociale, lavorativo. La possibilit\u00e0 di ottenere una buona informazione e raggiungere quindi una maggiore consapevolezza delle dimensioni coinvolte dalla malattia permette di superare l\u2019isolamento e la discriminazione dei malati oncologici vittime spesso dello stigma negativo del cancro.<\/p>\n<p> \tI volontari quindi, collaborando con l\u2019equipe multidisciplinare si adoperano per offrire alle persone ascolto e accoglienza, fornendo informazioni sugli effetti del cancro a livello personale, familiare, sociale, lavorativo ed economico, e dando la possibilit\u00e0 di esprimere i propri dubbi e i propri bisogni di sostegno e\/o assistenza. Al fine di rispondere anche ai bisogni di natura emozionale e sociale dei pazienti, i volontari collaborano nell\u2019organizzazione di eventi che possono aiutare i malati a mantenere una buona qualit\u00e0 della vita e il tono dell\u2019umore.<\/p>\n<p> \tPer i volontari \u00e8 prevista una formazione obbligatoria mirata (intensiva residenziale 5 giorni a Roma, Milano o Napoli), intensiva on line e successivamente un affiancamento formativo in loco, finalizzata all\u2019acquisizione di competenze nell\u2019area della comunicazione, cooperazione, coordinamento, diritto e conoscenze nell\u2019ambito oncologico.<\/p>\n<p> \tIl servizio civile prevede 30 ore di attivit\u00e0 settimanali, distribuite su 5 giornate, per la durata complessiva di 12 mesi e prevede il versamento da parte del Dipartimento di un contributo monetario mensile.<\/p>\n<p> \tIl bando \u00e8 riservato ai giovani tra i 18 e i 28 anni e 364 giorni, si pu\u00f2 presentare domanda entro e non oltre mercoled\u00ec 26 gennaio ore 14.00 attraverso la piattaforma DOL di cui riportiamo il link:\u00a0<u><a href=\"https:\/\/domandaonline.serviziocivile.it\/\" target=\"_blank\" rel=\"noopener\"><span style=\"color:#0000cd;\">https:\/\/domandaonline.serviziocivile.it<\/span><\/a><\/u>. L\u2019avvio del Servizio Civile in S.C. Oncologia 2022 \u00e8 previsto fra giungo e settembre 2022 e terminer\u00e0 nel 2023.<\/p>\n<p> \t\u00a0<\/p>\n<p> \tPer maggiori informazioni \u00e8 possibile chiamare l\u2019Ambulatorio di Psicologia ai numeri 040.3992561 e 040.3992259 oppure inviare una mail a luisa.dudine@asugi.sanita.fvg.it ed a giulia.abram@asugi.sanita.fvg.it<\/p>\n","protected":false},"excerpt":{"rendered":"<p>Confermato il progetto &#8220;Informacancro&#8221;<\/p>\n","protected":false},"author":28,"featured_media":41226,"comment_status":"closed","ping_status":"closed","sticky":false,"template":"","format":"standard","meta":{"dwc-title":[],"dwc-content":[],"footnotes":""},"categories":[6],"tags":[],"class_list":["post-41225","post","type-post","status-publish","format-standard","has-post-thumbnail","hentry","category-societa"],"rttpg_featured_image_url":{"full":["https:\/\/imagazine.it\/wp-content\/uploads\/2024\/01\/45420-1.webp",800,545,false],"landscape":["https:\/\/imagazine.it\/wp-content\/uploads\/2024\/01\/45420-1.webp",800,545,false],"portraits":["https:\/\/imagazine.it\/wp-content\/uploads\/2024\/01\/45420-1.webp",800,545,false],"thumbnail":["https:\/\/imagazine.it\/wp-content\/uploads\/2024\/01\/45420-1-150x150.webp",150,150,true],"medium":["https:\/\/imagazine.it\/wp-content\/uploads\/2024\/01\/45420-1-300x204.webp",300,204,true],"large":["https:\/\/imagazine.it\/wp-content\/uploads\/2024\/01\/45420-1.webp",640,436,false],"thumblist":["https:\/\/imagazine.it\/wp-content\/uploads\/2024\/01\/45420-1.webp",300,204,false],"thumbrelated":["https:\/\/imagazine.it\/wp-content\/uploads\/2024\/01\/45420-1.webp",500,341,false],"meccarouselthumb":["https:\/\/imagazine.it\/wp-content\/uploads\/2024\/01\/45420-1.webp",474,324,false],"gridsquare":["https:\/\/imagazine.it\/wp-content\/uploads\/2024\/01\/45420-1.webp",382,260,false],"tileview":["https:\/\/imagazine.it\/wp-content\/uploads\/2024\/01\/45420-1.webp",300,204,false],"1536x1536":["https:\/\/imagazine.it\/wp-content\/uploads\/2024\/01\/45420-1.webp",800,545,false],"2048x2048":["https:\/\/imagazine.it\/wp-content\/uploads\/2024\/01\/45420-1.webp",800,545,false],"newsup-slider-full":["https:\/\/imagazine.it\/wp-content\/uploads\/2024\/01\/45420-1.webp",800,545,false],"newsup-featured":["https:\/\/imagazine.it\/wp-content\/uploads\/2024\/01\/45420-1.webp",800,545,false],"newsup-medium":["https:\/\/imagazine.it\/wp-content\/uploads\/2024\/01\/45420-1-720x380.webp",720,380,true],"tptn_thumbnail":["https:\/\/imagazine.it\/wp-content\/uploads\/2024\/01\/45420-1.webp",250,170,false],"sow-carousel-default":["https:\/\/imagazine.it\/wp-content\/uploads\/2024\/01\/45420-1-272x182.webp",272,182,true]},"rttpg_author":{"display_name":"redazione","author_link":"https:\/\/imagazine.it\/home_desk\/author\/redazione\/"},"rttpg_comment":0,"rttpg_category":"<a href=\"https:\/\/imagazine.it\/home_desk\/category\/societa\/\" rel=\"category tag\">SOCIET\u00c0<\/a>","rttpg_excerpt":"Confermato il progetto \"Informacancro\"","_links":{"self":[{"href":"https:\/\/imagazine.it\/home_desk\/wp-json\/wp\/v2\/posts\/41225","targetHints":{"allow":["GET"]}}],"collection":[{"href":"https:\/\/imagazine.it\/home_desk\/wp-json\/wp\/v2\/posts"}],"about":[{"href":"https:\/\/imagazine.it\/home_desk\/wp-json\/wp\/v2\/types\/post"}],"author":[{"embeddable":true,"href":"https:\/\/imagazine.it\/home_desk\/wp-json\/wp\/v2\/users\/28"}],"replies":[{"embeddable":true,"href":"https:\/\/imagazine.it\/home_desk\/wp-json\/wp\/v2\/comments?post=41225"}],"version-history":[{"count":0,"href":"https:\/\/imagazine.it\/home_desk\/wp-json\/wp\/v2\/posts\/41225\/revisions"}],"wp:featuredmedia":[{"embeddable":true,"href":"https:\/\/imagazine.it\/home_desk\/wp-json\/wp\/v2\/media\/41226"}],"wp:attachment":[{"href":"https:\/\/imagazine.it\/home_desk\/wp-json\/wp\/v2\/media?parent=41225"}],"wp:term":[{"taxonomy":"category","embeddable":true,"href":"https:\/\/imagazine.it\/home_desk\/wp-json\/wp\/v2\/categories?post=41225"},{"taxonomy":"post_tag","embeddable":true,"href":"https:\/\/imagazine.it\/home_desk\/wp-json\/wp\/v2\/tags?post=41225"}],"curies":[{"name":"wp","href":"https:\/\/api.w.org\/{rel}","templated":true}]}}