{"id":41217,"date":"2021-12-27T00:00:00","date_gmt":"2021-12-26T23:00:00","guid":{"rendered":"https:\/\/imagazine.it\/?p=41217"},"modified":"2021-12-27T00:00:00","modified_gmt":"2021-12-26T23:00:00","slug":"a-opicina-a-cividale-il-civiform-premia-le-eccellenze","status":"publish","type":"post","link":"https:\/\/imagazine.it\/home_desk\/a-opicina-a-cividale-il-civiform-premia-le-eccellenze\/","title":{"rendered":"A Opicina a Cividale, il Civiform premia le eccellenze"},"content":{"rendered":"<p> \tIl Centro di formazione <strong>Civiform<\/strong> ha consegnato i premi agli allievi delle sedi di <strong>Opicina<\/strong> e <strong>Cividale del Friuli<\/strong> che nell\u2019anno 2020\/21 si sono contraddistinti per stile relazionale e comportamento, ottenendo ottimi risultati certificati dalla Patente a Punti del progetto educativo \u201cScuola in Regola\u201d.<\/p>\n<p> \tDopo l\u2018annuncio online in estate, la Direzione ha voluto consegnare attestati e premi alla presenza dello staff e dei familiari dei ragazzi, per celebrarne ufficialmente il talento, pur con le dovute restrizioni per la situazione sanitaria.<\/p>\n<p> \tHanno ricevuto un buono per rinomati circuiti commerciali <strong>Stefano Lena<\/strong> (cucina), <strong>Syed Sha<\/strong> (sala e bar), <strong>Gaia Malisan<\/strong> (panetteria pasticceria), <strong>Anna Fabris<\/strong> (grafica), <strong>Beatrice Uliana<\/strong> (benessere) ed <strong>Erik Feruglio<\/strong> (settore elettrico) per la sede di <strong>Cividale<\/strong>; mentre per la sede di <strong>Trieste<\/strong>, a essere premiati sono stati <strong>Massimiliano Godina<\/strong> (cucina),\u00a0<strong>Elisabetta Capuzzo<\/strong> (panetteria e pasticceria), <strong>Matteo Rosa<\/strong> (meccanica) e <strong>Mattia Quattrocchi<\/strong> (grafica). L\u2019evento ha visto anche la consegna pubblica degli attestati ai 28 allievi delle due sedi che si sono contraddistinti raggiungendo il 100 in Stile, oltre ad alcune performance di canto e poesia a cura del gruppo Animaciviform che, pur con molte limitazioni, ha proseguito le attivit\u00e0 con i coach <strong>Francesco Imbriaco<\/strong> (musicista e compositore) e <strong>Daniela Zorzini<\/strong> (attrice).<\/p>\n<p> \tA premiare i ragazzi, accanto ai docenti e ai tutor che li hanno seguiti nel percorso, la direttrice <strong>Chiara Franceschini,<\/strong> che li ha personalmente ringraziati per l\u2019impegno: <em>\u201c<\/em><em>Il loro risultato \u00e8 ancor pi\u00f9 prezioso perch\u00e9 emerso in un anno formativo decisamente non facile: a loro dobbiamo riconoscere il merito aggiuntivo di non aver mai mollato. Era fondamentale ritrovarci in presenza &#8211; <\/em>ha sottolieato la direttrice &#8211; <em>coinvolgendo anche le famiglie dei premiati: Scuola in Regola permette di raggiungere importanti risultati proprio perch\u00e9 \u00e8 un progetto condiviso con le famiglie e con tutti gli attori coinvolti nel percorso formativo. Anche a loro quindi, va il nostro ringraziamento\u201d.<\/em><\/p>\n<p> \t\u201c<em>Una scuola in regola: studenti con la patente!<\/em>\u201d \u00e8 un progetto educativo che punta a riconoscere abilit\u00e0 e motivazione in ambito formativo e personale. Il progetto mira ad accrescere le competenze relazionali dei ragazzi con un modello premiante volto a creare persone \u2013 e futuri professionisti \u2013 consapevoli e responsabili.<\/p>\n","protected":false},"excerpt":{"rendered":"<p>Progetto \u201cUna scuola in regola: studenti con la patente!\u201d<\/p>\n","protected":false},"author":28,"featured_media":41218,"comment_status":"closed","ping_status":"closed","sticky":false,"template":"","format":"standard","meta":{"dwc-title":[],"dwc-content":[],"footnotes":""},"categories":[6],"tags":[],"class_list":["post-41217","post","type-post","status-publish","format-standard","has-post-thumbnail","hentry","category-societa"],"rttpg_featured_image_url":{"full":["https:\/\/imagazine.it\/wp-content\/uploads\/2024\/01\/45402-1.webp",1000,764,false],"landscape":["https:\/\/imagazine.it\/wp-content\/uploads\/2024\/01\/45402-1.webp",1000,764,false],"portraits":["https:\/\/imagazine.it\/wp-content\/uploads\/2024\/01\/45402-1.webp",1000,764,false],"thumbnail":["https:\/\/imagazine.it\/wp-content\/uploads\/2024\/01\/45402-1-150x150.webp",150,150,true],"medium":["https:\/\/imagazine.it\/wp-content\/uploads\/2024\/01\/45402-1-300x229.webp",300,229,true],"large":["https:\/\/imagazine.it\/wp-content\/uploads\/2024\/01\/45402-1.webp",640,489,false],"thumblist":["https:\/\/imagazine.it\/wp-content\/uploads\/2024\/01\/45402-1.webp",300,229,false],"thumbrelated":["https:\/\/imagazine.it\/wp-content\/uploads\/2024\/01\/45402-1.webp",500,382,false],"meccarouselthumb":["https:\/\/imagazine.it\/wp-content\/uploads\/2024\/01\/45402-1.webp",424,324,false],"gridsquare":["https:\/\/imagazine.it\/wp-content\/uploads\/2024\/01\/45402-1.webp",340,260,false],"tileview":["https:\/\/imagazine.it\/wp-content\/uploads\/2024\/01\/45402-1.webp",300,229,false],"1536x1536":["https:\/\/imagazine.it\/wp-content\/uploads\/2024\/01\/45402-1.webp",1000,764,false],"2048x2048":["https:\/\/imagazine.it\/wp-content\/uploads\/2024\/01\/45402-1.webp",1000,764,false],"newsup-slider-full":["https:\/\/imagazine.it\/wp-content\/uploads\/2024\/01\/45402-1-1000x720.webp",1000,720,true],"newsup-featured":["https:\/\/imagazine.it\/wp-content\/uploads\/2024\/01\/45402-1.webp",1000,764,false],"newsup-medium":["https:\/\/imagazine.it\/wp-content\/uploads\/2024\/01\/45402-1-720x380.webp",720,380,true],"tptn_thumbnail":["https:\/\/imagazine.it\/wp-content\/uploads\/2024\/01\/45402-1.webp",250,191,false],"sow-carousel-default":["https:\/\/imagazine.it\/wp-content\/uploads\/2024\/01\/45402-1-272x182.webp",272,182,true]},"rttpg_author":{"display_name":"redazione","author_link":"https:\/\/imagazine.it\/home_desk\/author\/redazione\/"},"rttpg_comment":0,"rttpg_category":"<a href=\"https:\/\/imagazine.it\/home_desk\/category\/societa\/\" rel=\"category tag\">SOCIET\u00c0<\/a>","rttpg_excerpt":"Progetto \u201cUna scuola in regola: studenti con la patente!\u201d","_links":{"self":[{"href":"https:\/\/imagazine.it\/home_desk\/wp-json\/wp\/v2\/posts\/41217","targetHints":{"allow":["GET"]}}],"collection":[{"href":"https:\/\/imagazine.it\/home_desk\/wp-json\/wp\/v2\/posts"}],"about":[{"href":"https:\/\/imagazine.it\/home_desk\/wp-json\/wp\/v2\/types\/post"}],"author":[{"embeddable":true,"href":"https:\/\/imagazine.it\/home_desk\/wp-json\/wp\/v2\/users\/28"}],"replies":[{"embeddable":true,"href":"https:\/\/imagazine.it\/home_desk\/wp-json\/wp\/v2\/comments?post=41217"}],"version-history":[{"count":0,"href":"https:\/\/imagazine.it\/home_desk\/wp-json\/wp\/v2\/posts\/41217\/revisions"}],"wp:featuredmedia":[{"embeddable":true,"href":"https:\/\/imagazine.it\/home_desk\/wp-json\/wp\/v2\/media\/41218"}],"wp:attachment":[{"href":"https:\/\/imagazine.it\/home_desk\/wp-json\/wp\/v2\/media?parent=41217"}],"wp:term":[{"taxonomy":"category","embeddable":true,"href":"https:\/\/imagazine.it\/home_desk\/wp-json\/wp\/v2\/categories?post=41217"},{"taxonomy":"post_tag","embeddable":true,"href":"https:\/\/imagazine.it\/home_desk\/wp-json\/wp\/v2\/tags?post=41217"}],"curies":[{"name":"wp","href":"https:\/\/api.w.org\/{rel}","templated":true}]}}