{"id":41205,"date":"2021-12-23T00:00:00","date_gmt":"2021-12-22T23:00:00","guid":{"rendered":"https:\/\/imagazine.it\/?p=41205"},"modified":"2021-12-23T00:00:00","modified_gmt":"2021-12-22T23:00:00","slug":"i-mosaici-di-aquileia-illuminano-il-natale","status":"publish","type":"post","link":"https:\/\/imagazine.it\/home_desk\/i-mosaici-di-aquileia-illuminano-il-natale\/","title":{"rendered":"I mosaici di Aquileia illuminano il Natale"},"content":{"rendered":"<p> \tIl campanile della <strong>Basilica di Aquileia<\/strong> si trasforma nuovamente, per dar voce alla simbologia celata tra i mosaici custoditi all\u2019interno della Basilica stessa e dell\u2019aula nord: quest\u2019ultima, una delle aree pi\u00f9 antiche dell\u2019intero complesso.<\/p>\n<p> \t<strong>Fino al 6 gennaio<\/strong>, dal tramonto all\u2019una di notte, saranno attive delle opere di videoarte digitale, sia a tema natalizio che di carattere storico-culturale.<\/p>\n<p> \tL\u2019iconografia musiva proiettata attraverso questa performance visiva affonderebbe le proprie radici nei legami che la citt\u00e0 di Aquileia aveva con il mondo orientale e, nello specifico, con uno dei principali centri del Mediterraneo, Alessandria d\u2019Egitto, da cui avrebbe ereditato influenze relative alla rappresentazione del mondo celeste e della cosmologia.<\/p>\n<p> \tIl mosaico dell\u2019aula nord riprenderebbe dunque degli elementi dalle concezioni teologiche di queste lontane terre, tra cui l\u2019idea che esistessero numerosi \u201ccieli planetari\u201d attraverso i quali l\u2019anima potesse far ritorno al proprio luogo d\u2019origine. Ed \u00e8 proprio questo millenario tappeto musivo, che racchiude al suo interno un eccezionale \u201ccielo stellato\u201d, a essere oggi proiettato sulla verticale superficie della torre campanaria, rendendo cos\u00ec fruibile a tutti e trasferendo, di fatto, un tassello della storia della citt\u00e0 di Aquileia a tutti i visitatori.<\/p>\n<p> \tIl linguaggio visivo utilizzato nei mosaici rappresenterebbe i tratti del pensiero religioso-filosofico dello gnosticismo (da <em>gnosi <\/em>= conoscenza), culto precedente alla postuma diffusione del Cristianesimo, secondo il quale la salvezza \u00e8 alla portata di tutti gli uomini. Ognuno dei mosaici raffiguranti gli alberi identificherebbe un millennio di storia (gli gnostici credevano infatti di vivere nel sesto millennio dopo Cristo), gli animali soprastanti sarebbero invece simbolo di specifiche costellazioni: per esempio, la figura dell\u2019aragosta \u00e8 utilizzata per la costellazione del Cancro, oppure quella delle gallinelle per le Pleiadi.<\/p>\n<p> \t\u201c<em>L\u2019eredit\u00e0 culturale della citt\u00e0 di Aquileia \u00e8 molto antica ed \u00e8 proprio partendo dalle nostre solide radici che vogliamo costruire un prosperoso futuro; le proiezioni sul campanile della Basilica di Santa Maria Assunta sono espressione del forte messaggio che vogliamo trasmettere. Un caldo messaggio di auguri, di speranza e di rinnovamento per l\u2019intera citt\u00e0 e per la sua Comunit\u00e0 che pu\u00f2 e deve essere, oggi come allora, faro della cultura<\/em>\u201d, commenta il sindaco di Aquileia e presidente della Fondazione Aquileia, <strong>Emanuele Zorino<\/strong>.<\/p>\n<p> \tIl progetto \u00e8 realizzato da <strong>Aquileia Digital Arts<\/strong>, sostenuto da <strong>Fondazione Aquileia<\/strong> con il supporto del <strong>Comune di Aquileia<\/strong> e della <strong>Regione Friuli Venezia Giulia &#8211; Direzione Turismo<\/strong>.<\/p>\n","protected":false},"excerpt":{"rendered":"<p>Fino al 6 gennaio<\/p>\n","protected":false},"author":28,"featured_media":41206,"comment_status":"closed","ping_status":"closed","sticky":false,"template":"","format":"standard","meta":{"dwc-title":[],"dwc-content":[],"footnotes":""},"categories":[37],"tags":[],"class_list":["post-41205","post","type-post","status-publish","format-standard","has-post-thumbnail","hentry","category-cultura-e-spettacolo"],"rttpg_featured_image_url":{"full":["https:\/\/imagazine.it\/wp-content\/uploads\/2024\/01\/45331-1.webp",1000,662,false],"landscape":["https:\/\/imagazine.it\/wp-content\/uploads\/2024\/01\/45331-1.webp",1000,662,false],"portraits":["https:\/\/imagazine.it\/wp-content\/uploads\/2024\/01\/45331-1.webp",1000,662,false],"thumbnail":["https:\/\/imagazine.it\/wp-content\/uploads\/2024\/01\/45331-1-150x150.webp",150,150,true],"medium":["https:\/\/imagazine.it\/wp-content\/uploads\/2024\/01\/45331-1-300x199.webp",300,199,true],"large":["https:\/\/imagazine.it\/wp-content\/uploads\/2024\/01\/45331-1.webp",640,424,false],"thumblist":["https:\/\/imagazine.it\/wp-content\/uploads\/2024\/01\/45331-1.webp",300,199,false],"thumbrelated":["https:\/\/imagazine.it\/wp-content\/uploads\/2024\/01\/45331-1.webp",500,331,false],"meccarouselthumb":["https:\/\/imagazine.it\/wp-content\/uploads\/2024\/01\/45331-1.webp",474,314,false],"gridsquare":["https:\/\/imagazine.it\/wp-content\/uploads\/2024\/01\/45331-1.webp",391,260,false],"tileview":["https:\/\/imagazine.it\/wp-content\/uploads\/2024\/01\/45331-1.webp",300,199,false],"1536x1536":["https:\/\/imagazine.it\/wp-content\/uploads\/2024\/01\/45331-1.webp",1000,662,false],"2048x2048":["https:\/\/imagazine.it\/wp-content\/uploads\/2024\/01\/45331-1.webp",1000,662,false],"newsup-slider-full":["https:\/\/imagazine.it\/wp-content\/uploads\/2024\/01\/45331-1.webp",1000,662,false],"newsup-featured":["https:\/\/imagazine.it\/wp-content\/uploads\/2024\/01\/45331-1.webp",1000,662,false],"newsup-medium":["https:\/\/imagazine.it\/wp-content\/uploads\/2024\/01\/45331-1-720x380.webp",720,380,true],"tptn_thumbnail":["https:\/\/imagazine.it\/wp-content\/uploads\/2024\/01\/45331-1.webp",250,166,false],"sow-carousel-default":["https:\/\/imagazine.it\/wp-content\/uploads\/2024\/01\/45331-1-272x182.webp",272,182,true]},"rttpg_author":{"display_name":"redazione","author_link":"https:\/\/imagazine.it\/home_desk\/author\/redazione\/"},"rttpg_comment":0,"rttpg_category":"<a href=\"https:\/\/imagazine.it\/home_desk\/category\/cultura-e-spettacolo\/\" rel=\"category tag\">CULTURA&amp;SPETTACOLO<\/a>","rttpg_excerpt":"Fino al 6 gennaio","_links":{"self":[{"href":"https:\/\/imagazine.it\/home_desk\/wp-json\/wp\/v2\/posts\/41205","targetHints":{"allow":["GET"]}}],"collection":[{"href":"https:\/\/imagazine.it\/home_desk\/wp-json\/wp\/v2\/posts"}],"about":[{"href":"https:\/\/imagazine.it\/home_desk\/wp-json\/wp\/v2\/types\/post"}],"author":[{"embeddable":true,"href":"https:\/\/imagazine.it\/home_desk\/wp-json\/wp\/v2\/users\/28"}],"replies":[{"embeddable":true,"href":"https:\/\/imagazine.it\/home_desk\/wp-json\/wp\/v2\/comments?post=41205"}],"version-history":[{"count":0,"href":"https:\/\/imagazine.it\/home_desk\/wp-json\/wp\/v2\/posts\/41205\/revisions"}],"wp:featuredmedia":[{"embeddable":true,"href":"https:\/\/imagazine.it\/home_desk\/wp-json\/wp\/v2\/media\/41206"}],"wp:attachment":[{"href":"https:\/\/imagazine.it\/home_desk\/wp-json\/wp\/v2\/media?parent=41205"}],"wp:term":[{"taxonomy":"category","embeddable":true,"href":"https:\/\/imagazine.it\/home_desk\/wp-json\/wp\/v2\/categories?post=41205"},{"taxonomy":"post_tag","embeddable":true,"href":"https:\/\/imagazine.it\/home_desk\/wp-json\/wp\/v2\/tags?post=41205"}],"curies":[{"name":"wp","href":"https:\/\/api.w.org\/{rel}","templated":true}]}}