{"id":41177,"date":"2021-12-21T00:00:00","date_gmt":"2021-12-20T23:00:00","guid":{"rendered":"https:\/\/imagazine.it\/?p=41177"},"modified":"2021-12-21T00:00:00","modified_gmt":"2021-12-20T23:00:00","slug":"luniversita-di-udine-ricorda-enrico-coccolo","status":"publish","type":"post","link":"https:\/\/imagazine.it\/home_desk\/luniversita-di-udine-ricorda-enrico-coccolo\/","title":{"rendered":"L&#8217;Universit\u00e0 di Udine ricorda Enrico Coccolo"},"content":{"rendered":"<p> \tL\u2019Universit\u00e0 di Udine ha <strong>dedicato a Enrico Coccolo<\/strong>, storico collaboratore di Attilio Maseri, la sala attigua alla Biblioteca Florio, a Palazzo Florio, sede dell\u2019amministrazione dell\u2019Ateneo. \u201cA Enrico Coccolo perenne amico e custode\u201d recita la dedica incisa sulla targa che ricorda il suo forte legame con l\u2019universit\u00e0 del Friuli. Coccolo, scomparso il 31 dicembre 2020, s\u00ec \u00e8 distinto per la generosa e prolungata attenzione nei confronti dell\u2019Ateneo. In particolare, per l\u2019appassionata e pluridecennale opera di conservazione della Biblioteca Florio fino alla consegna all\u2019Universit\u00e0, formalizzata nel 2013. Ma anche per la regia svolta per la donazione del Palazzo Antonini Maseri all\u2019Ateneo.<\/p>\n<p> \tLa cerimonia di intitolazione con l\u2019apposizione della targa in suo ricordo si \u00e8 svolta oggi alla presenza della <strong>moglie del dottor Coccolo, Luigina, <\/strong>e dei <strong>figli Donatella, Federica <\/strong>e<strong> Fabio<\/strong>. Per l\u2019Ateneo hanno partecipato il rettore, <strong>Roberto Pinton<\/strong>, e gli ex rettori <strong>Cristiana Compagno<\/strong> e <strong>Alberto De Toni<\/strong>; il direttore generale dell\u2019Ateneo, <strong>Massimo Di Silverio<\/strong>; il delegato per Biblioteche e banche dati, <strong>Andrea Tilatti<\/strong>, e il responsabile dell\u2019Area Biblioteche, <strong>Pier Giorgio Sclippa<\/strong>.<\/p>\n<p> \t\u00abLa preziosa e insostituibile azione di Enrico Coccolo \u2013 ha dichiarato <strong>Pinton<\/strong> \u2013 \u00e8 stata di fondamentale importanza per dare concretezza all\u2019opera di mecenatismo del professor Maseri a favore dell\u2019Ateneo friulano. Un impegno che ha portato avanti con instancabile dedizione e grande amore per questi due tesori donati al nostro Ateneo\u00bb.<\/p>\n<p> \t\u00abSe la Biblioteca Florio \u00e8 pervenuta all\u2019Ateneo nelle ottime condizioni di conservazione che possiamo apprezzare e nella sua completezza \u2013 ha sottolineato <strong>Tilatti<\/strong> \u2013, questo si deve anche all&#39;attentissima custodia prestata per decenni dal dottor Coccolo. Cos\u00ec come la decisione del professor Maseri di donare quel patrimonio immenso all&#39;Universit\u00e0 di Udine \u00e8 stata certamente confortata e incoraggiata dal dottor Coccolo, che anche in seguito ha continuato a essere una persona \u201cdi famiglia\u201d. Era necessario ricordare, almeno con un piccolo monumento visibile e all\u2019interno della Biblioteca, quel particolare legame\u00bb.<\/p>\n<p> \t\u00abSono molto lieta di questa intitolazione \u2013 ha affermato <strong>Compagno<\/strong> \u2013 che rende onore al merito del \u201cgrande mediatore\u201d che \u00e8 riuscito a dare concretezza alle volont\u00e0 del professor Maseri a favore dell\u2019Universit\u00e0 di Udine\u00bb.<\/p>\n<p> \tPer <strong>De Toni<\/strong>, \u00abCoccolo ha dimostrato grande lealt\u00e0 verso il professor Maseri e una grande generosit\u00e0 verso l\u2019Ateneo e la citt\u00e0 di Udine. \u00c8 un grande onore per la nostra Universit\u00e0 avere la Biblioteca Florio, del cui ritorno a Palazzo Florio Coccolo \u00e8 stato un grande artefice\u00bb.<\/p>\n<p> \t\u00abLa Biblioteca era il suo regno\u00bb hanno ricordato la moglie Luigina e la figlia Federica che, a nome di tutta la famiglia, hanno ringraziato \u00abdi cuore l\u2019Universit\u00e0 che con questo gesto di grande valore hanno onorato nel migliore dei modi Enrico Coccolo, che ha custodito per 50 anni a Persereano questo vero e proprio tesoro convincendo poi il professor Maseri a riportarla all\u2019Universit\u00e0 di Udine\u00bb.<\/p>\n","protected":false},"excerpt":{"rendered":"<p>Intitolata la sala della Biblioteca Florio<\/p>\n","protected":false},"author":28,"featured_media":41178,"comment_status":"closed","ping_status":"closed","sticky":false,"template":"","format":"standard","meta":{"dwc-title":[],"dwc-content":[],"footnotes":""},"categories":[5],"tags":[],"class_list":["post-41177","post","type-post","status-publish","format-standard","has-post-thumbnail","hentry","category-attualita"],"rttpg_featured_image_url":{"full":["https:\/\/imagazine.it\/wp-content\/uploads\/2024\/01\/45291-1.webp",960,661,false],"landscape":["https:\/\/imagazine.it\/wp-content\/uploads\/2024\/01\/45291-1.webp",960,661,false],"portraits":["https:\/\/imagazine.it\/wp-content\/uploads\/2024\/01\/45291-1.webp",960,661,false],"thumbnail":["https:\/\/imagazine.it\/wp-content\/uploads\/2024\/01\/45291-1-150x150.webp",150,150,true],"medium":["https:\/\/imagazine.it\/wp-content\/uploads\/2024\/01\/45291-1-300x207.webp",300,207,true],"large":["https:\/\/imagazine.it\/wp-content\/uploads\/2024\/01\/45291-1.webp",640,441,false],"thumblist":["https:\/\/imagazine.it\/wp-content\/uploads\/2024\/01\/45291-1.webp",300,207,false],"thumbrelated":["https:\/\/imagazine.it\/wp-content\/uploads\/2024\/01\/45291-1.webp",500,344,false],"meccarouselthumb":["https:\/\/imagazine.it\/wp-content\/uploads\/2024\/01\/45291-1.webp",471,324,false],"gridsquare":["https:\/\/imagazine.it\/wp-content\/uploads\/2024\/01\/45291-1.webp",378,260,false],"tileview":["https:\/\/imagazine.it\/wp-content\/uploads\/2024\/01\/45291-1.webp",300,207,false],"1536x1536":["https:\/\/imagazine.it\/wp-content\/uploads\/2024\/01\/45291-1.webp",960,661,false],"2048x2048":["https:\/\/imagazine.it\/wp-content\/uploads\/2024\/01\/45291-1.webp",960,661,false],"newsup-slider-full":["https:\/\/imagazine.it\/wp-content\/uploads\/2024\/01\/45291-1.webp",960,661,false],"newsup-featured":["https:\/\/imagazine.it\/wp-content\/uploads\/2024\/01\/45291-1.webp",960,661,false],"newsup-medium":["https:\/\/imagazine.it\/wp-content\/uploads\/2024\/01\/45291-1-720x380.webp",720,380,true],"tptn_thumbnail":["https:\/\/imagazine.it\/wp-content\/uploads\/2024\/01\/45291-1.webp",250,172,false],"sow-carousel-default":["https:\/\/imagazine.it\/wp-content\/uploads\/2024\/01\/45291-1-272x182.webp",272,182,true]},"rttpg_author":{"display_name":"redazione","author_link":"https:\/\/imagazine.it\/home_desk\/author\/redazione\/"},"rttpg_comment":0,"rttpg_category":"<a href=\"https:\/\/imagazine.it\/home_desk\/category\/attualita\/\" rel=\"category tag\">ATTUALIT\u00c0<\/a>","rttpg_excerpt":"Intitolata la sala della Biblioteca Florio","_links":{"self":[{"href":"https:\/\/imagazine.it\/home_desk\/wp-json\/wp\/v2\/posts\/41177","targetHints":{"allow":["GET"]}}],"collection":[{"href":"https:\/\/imagazine.it\/home_desk\/wp-json\/wp\/v2\/posts"}],"about":[{"href":"https:\/\/imagazine.it\/home_desk\/wp-json\/wp\/v2\/types\/post"}],"author":[{"embeddable":true,"href":"https:\/\/imagazine.it\/home_desk\/wp-json\/wp\/v2\/users\/28"}],"replies":[{"embeddable":true,"href":"https:\/\/imagazine.it\/home_desk\/wp-json\/wp\/v2\/comments?post=41177"}],"version-history":[{"count":0,"href":"https:\/\/imagazine.it\/home_desk\/wp-json\/wp\/v2\/posts\/41177\/revisions"}],"wp:featuredmedia":[{"embeddable":true,"href":"https:\/\/imagazine.it\/home_desk\/wp-json\/wp\/v2\/media\/41178"}],"wp:attachment":[{"href":"https:\/\/imagazine.it\/home_desk\/wp-json\/wp\/v2\/media?parent=41177"}],"wp:term":[{"taxonomy":"category","embeddable":true,"href":"https:\/\/imagazine.it\/home_desk\/wp-json\/wp\/v2\/categories?post=41177"},{"taxonomy":"post_tag","embeddable":true,"href":"https:\/\/imagazine.it\/home_desk\/wp-json\/wp\/v2\/tags?post=41177"}],"curies":[{"name":"wp","href":"https:\/\/api.w.org\/{rel}","templated":true}]}}