{"id":41153,"date":"2021-12-15T00:00:00","date_gmt":"2021-12-14T23:00:00","guid":{"rendered":"https:\/\/imagazine.it\/?p=41153"},"modified":"2021-12-15T00:00:00","modified_gmt":"2021-12-14T23:00:00","slug":"udine-alluniversita-per-messa-alla-prova","status":"publish","type":"post","link":"https:\/\/imagazine.it\/home_desk\/udine-alluniversita-per-messa-alla-prova\/","title":{"rendered":"Udine, all&#8217;Universit\u00e0 per messa alla prova"},"content":{"rendered":"<p> \tServizi amministrativi e portierato, cura del verde e pulizia delle aree esterne, supporto al personale, custodia delle biblioteche e delle aree interne e prestazioni di lavoro per la fruibilit\u00e0 e la tutela del patrimonio culturale e archivistico, piccola manutenzione e assistenza informatica: saranno questi i settori dell\u2019ateneo friulano in cui saranno impiegati alcuni imputati per reati puniti con pene di lieve entit\u00e0 che sono stati inseriti nel programma di lavori di pubblica utilit\u00e0 per messa alla prova.<\/p>\n<p> \tLo stabilisce un accordo firmato dal rettore dell\u2019Universit\u00e0 di Udine <strong>Roberto Pinton<\/strong> e dal presidente del Tribunale di Udine <strong>Paolo Corder<\/strong>, alla presenza del dirigente dell\u2019Ufficio Interdistrettuale di Esecuzione Penale Esterna di Venezia, <strong>Domenico Arena<\/strong>.<\/p>\n<p> \tLa convenzione, di durata triennale, stabilisce che saranno tre le persone che, beneficiando della messa in prova o di pene sospensive, andranno ad affiancare alcuni uffici dell\u2019ateneo friulano in specifici settori di attivit\u00e0.<\/p>\n<p> \tL\u2019obiettivo del programma \u00e8 quella di dare un\u2019opportunit\u00e0 di riscatto a chi ha commesso reati tramite un\u2019occupazione non retribuita a favore della collettivit\u00e0. Il loro impiego avverr\u00e0 dopo un&#39;adeguata formazione e potr\u00e0 essere svolto nei diversi poli e sedi dell\u2019universit\u00e0 a Udine e, se del caso, anche in quelli di Pordenone e Gorizia.<\/p>\n<p> \t\u201c\u00c8 possibile restituire un ruolo di utilit\u00e0 sociale a chi ha commesso un errore \u2013 ha sottolineato il rettore dell\u2019ateneo friulano \u2013, recuperarlo attraverso la sua disponibilit\u00e0. L\u2019Universit\u00e0 prova a dimostrare ancora una volta che fare comunit\u00e0 \u00e8 possibile, grazie a una sinergia forte tra le istituzioni e alla volont\u00e0 dei singoli di reinserimento all\u2019insegna di una cultura della legalit\u00e0 e di un sentimento del bene pubblico\u201d.<\/p>\n<p> \tIl lavoro di pubblica utilit\u00e0 consiste in una prestazione non retribuita in favore della collettivit\u00e0 nei casi previsti dall\u2019art.168-bis del codice penale, nel rispetto delle specifiche professionalit\u00e0 e attitudini lavorative dell\u2019imputato, da svolgere presso lo Stato, le Regioni, i Comuni, le aziende sanitarie o enti e organizzazioni, tra le quali anche le universit\u00e0. Su richiesta dell\u2019imputato, il giudice pu\u00f2 sospendere il procedimento e disporre la messa alla prova, sulla base di un programma di trattamento predisposto dall\u2019Ufficio di esecuzione penale esterna, subordinato all\u2019espletamento di una prestazione di pubblica utilit\u00e0.<\/p>\n<p> \t\u201cLa sinergia tra istituzioni con finalit\u00e0 solidaristiche, soprattutto in tempi difficili come quelli attuali, \u00e8 la strada da seguire \u2013 ha evidenziato il presidente del Tribunale di Udine \u2013 e la convenzione tra Universit\u00e0 di Udine e Tribunale \u00e8 in tal senso un esempio virtuoso. Gli istituti riabilitativi e rieducativi per i reati meno gravi vanno rafforzati rispetto alla pena detentiva e l\u2019occasione che offre la presente convenzione di svolgere un lavoro utile alla collettivit\u00e0 nel tempio della formazione e della crescita della persona, quale \u00e8 l\u2019universit\u00e0, risponde pienamente a tale esigenza\u201d.<\/p>\n","protected":false},"excerpt":{"rendered":"<p>Accordo tra Ateneo e Tribunale<\/p>\n","protected":false},"author":28,"featured_media":41154,"comment_status":"closed","ping_status":"closed","sticky":false,"template":"","format":"standard","meta":{"dwc-title":[],"dwc-content":[],"footnotes":""},"categories":[5],"tags":[],"class_list":["post-41153","post","type-post","status-publish","format-standard","has-post-thumbnail","hentry","category-attualita"],"rttpg_featured_image_url":{"full":["https:\/\/imagazine.it\/wp-content\/uploads\/2024\/01\/45245-1.webp",1000,667,false],"landscape":["https:\/\/imagazine.it\/wp-content\/uploads\/2024\/01\/45245-1.webp",1000,667,false],"portraits":["https:\/\/imagazine.it\/wp-content\/uploads\/2024\/01\/45245-1.webp",1000,667,false],"thumbnail":["https:\/\/imagazine.it\/wp-content\/uploads\/2024\/01\/45245-1-150x150.webp",150,150,true],"medium":["https:\/\/imagazine.it\/wp-content\/uploads\/2024\/01\/45245-1-300x200.webp",300,200,true],"large":["https:\/\/imagazine.it\/wp-content\/uploads\/2024\/01\/45245-1.webp",640,427,false],"thumblist":["https:\/\/imagazine.it\/wp-content\/uploads\/2024\/01\/45245-1.webp",300,200,false],"thumbrelated":["https:\/\/imagazine.it\/wp-content\/uploads\/2024\/01\/45245-1.webp",500,334,false],"meccarouselthumb":["https:\/\/imagazine.it\/wp-content\/uploads\/2024\/01\/45245-1.webp",474,316,false],"gridsquare":["https:\/\/imagazine.it\/wp-content\/uploads\/2024\/01\/45245-1.webp",391,260,false],"tileview":["https:\/\/imagazine.it\/wp-content\/uploads\/2024\/01\/45245-1.webp",300,200,false],"1536x1536":["https:\/\/imagazine.it\/wp-content\/uploads\/2024\/01\/45245-1.webp",1000,667,false],"2048x2048":["https:\/\/imagazine.it\/wp-content\/uploads\/2024\/01\/45245-1.webp",1000,667,false],"newsup-slider-full":["https:\/\/imagazine.it\/wp-content\/uploads\/2024\/01\/45245-1.webp",1000,667,false],"newsup-featured":["https:\/\/imagazine.it\/wp-content\/uploads\/2024\/01\/45245-1.webp",1000,667,false],"newsup-medium":["https:\/\/imagazine.it\/wp-content\/uploads\/2024\/01\/45245-1-720x380.webp",720,380,true],"tptn_thumbnail":["https:\/\/imagazine.it\/wp-content\/uploads\/2024\/01\/45245-1.webp",250,167,false],"sow-carousel-default":["https:\/\/imagazine.it\/wp-content\/uploads\/2024\/01\/45245-1-272x182.webp",272,182,true]},"rttpg_author":{"display_name":"redazione","author_link":"https:\/\/imagazine.it\/home_desk\/author\/redazione\/"},"rttpg_comment":0,"rttpg_category":"<a href=\"https:\/\/imagazine.it\/home_desk\/category\/attualita\/\" rel=\"category tag\">ATTUALIT\u00c0<\/a>","rttpg_excerpt":"Accordo tra Ateneo e Tribunale","_links":{"self":[{"href":"https:\/\/imagazine.it\/home_desk\/wp-json\/wp\/v2\/posts\/41153","targetHints":{"allow":["GET"]}}],"collection":[{"href":"https:\/\/imagazine.it\/home_desk\/wp-json\/wp\/v2\/posts"}],"about":[{"href":"https:\/\/imagazine.it\/home_desk\/wp-json\/wp\/v2\/types\/post"}],"author":[{"embeddable":true,"href":"https:\/\/imagazine.it\/home_desk\/wp-json\/wp\/v2\/users\/28"}],"replies":[{"embeddable":true,"href":"https:\/\/imagazine.it\/home_desk\/wp-json\/wp\/v2\/comments?post=41153"}],"version-history":[{"count":0,"href":"https:\/\/imagazine.it\/home_desk\/wp-json\/wp\/v2\/posts\/41153\/revisions"}],"wp:featuredmedia":[{"embeddable":true,"href":"https:\/\/imagazine.it\/home_desk\/wp-json\/wp\/v2\/media\/41154"}],"wp:attachment":[{"href":"https:\/\/imagazine.it\/home_desk\/wp-json\/wp\/v2\/media?parent=41153"}],"wp:term":[{"taxonomy":"category","embeddable":true,"href":"https:\/\/imagazine.it\/home_desk\/wp-json\/wp\/v2\/categories?post=41153"},{"taxonomy":"post_tag","embeddable":true,"href":"https:\/\/imagazine.it\/home_desk\/wp-json\/wp\/v2\/tags?post=41153"}],"curies":[{"name":"wp","href":"https:\/\/api.w.org\/{rel}","templated":true}]}}