{"id":41149,"date":"2021-12-17T00:00:00","date_gmt":"2021-12-16T23:00:00","guid":{"rendered":"https:\/\/imagazine.it\/?p=41149"},"modified":"2021-12-17T00:00:00","modified_gmt":"2021-12-16T23:00:00","slug":"gorizia-brilla-nel-mittelmoda-district","status":"publish","type":"post","link":"https:\/\/imagazine.it\/home_desk\/gorizia-brilla-nel-mittelmoda-district\/","title":{"rendered":"Gorizia brilla nel Mittelmoda District"},"content":{"rendered":"<p> \tUn\u2019emozione inaspettata e fortissima quella che ha travolto i vincitori della nona edizione di \u201c<strong>Mittelmoda District<\/strong>\u201d, annunciati ed applauditi via zoom mentre seguivano l\u2019evento digitale in streaming assieme a centinaia di persone, collegate alla diretta per non perdersi la manifestazione dedicata agli aspiranti stilisti della regione.<\/p>\n<p> \tConclusa con un evento digitale la fase finale della nona edizione del concorso <strong><em>Mittelmoda District<\/em><\/strong>, organizzato da <strong>Mittelmoda International Lab<\/strong> per le scuole secondarie di II grado a indirizzo abbigliamento e moda della Regione FVG. Protagonista dell\u2019evento online, la sfilata <strong>delle 23 collezioni finaliste<\/strong>, seguita dalla <strong>premiazione dei quattro vincitori,<\/strong> uno per ogni categoria del concorso.<\/p>\n<p> \tSi sono aggiunte anche tre menzioni speciali per merito.<\/p>\n<p> \tI premi sono stati attribuiti dalla Giuria come segue:<\/p>\n<p> \t<strong>Sezione stilismo abiti: Marika Bonvissuto<\/strong> Istituto Cossar \u2013 L. Da Vinci, Gorizia, per la sua interpretazione delle distanze culturali che diventano una vera ricchezza.\u00a0<\/p>\n<p> \t<strong>Sezione stilismo accessori: Sara Commentale<\/strong> Liceo Artistico Nordio, Trieste, per aver mescolato maschere ed emozioni nell\u2019interpretazione della distanza emotiva che si crea o che ci si impone.<\/p>\n<p> \t<strong>\u00a0Sezione Texture e Materiali: Angelica Monai<\/strong> Istituto D\u2019Aronco, Gemona del Friuli, per aver lavorato con semplicit\u00e0 tessuti diversi per evidenziare le distanze dei colori delle diverse carnagioni.<\/p>\n<p> \t<strong>Sezione Modellistica: Alex Devetak<\/strong> Liceo Artistico Max Fabiani, Gorizia, per aver creato un modello unico, in un complicato\u00a0gioco di ricostruzione del muro della casa di Romeo e Giulietta, sul quale gli amanti raccontano le loro storie, spesso di distanze tra innamorati.\u00a0<\/p>\n<p> \tSono state assegnate anche tre menzioni speciali per merito creativo: una a <strong>Valentina Munini<\/strong> dell\u2019Istituto Ceconi, Udine, per aver raccontato le distanze come diversit\u00e0 climatiche, che sono sempre di pi\u00f9 una criticit\u00e0 per il mondo a livello globale; la seconda a <strong>Michelle Samantha Bressan<\/strong>, Liceo Artistico Max Fabiani, Gorizia, per aver ideato due capi in uno, distanti ma vicini tra loro; la terza ad <strong>Alessandra Pintea Floriana<\/strong> Istituto Zanussi, Pordenone, per aver parlato della distanza che le donne sono spesso costrette a vivere a causa della violenza, anche domestica.<\/p>\n<p> \tLa diretta \u00e8 avvenuta su piattaforma zoom ed \u00e8 stata scandita da diversi interventi qualificanti dal punto di vista formativo. Dopo un breve video introduttivo con immagini delle precedenti 8 edizioni del concorso regionale, sono seguiti una breve presentazione di Mittelmoda District\u00a02021 (9^ edizione), i saluti delle autorit\u00e0, l\u2019intervento del <strong>Presidente di Mittelmoda International Lab<\/strong> <strong>Matteo Marzotto<\/strong>, che ha portato il suo saluto ai giovanissimi finalisti del concorso regionale. Anche quest\u2019anno c\u2019\u00e8 stata una Guest School a partecipare all\u2019evento: si tratta dell\u2019Istituto <strong>Modartech di Pontedera<\/strong>, dal quale \u00e8 stato effettuato il collegamento in diretta per presentare questa realt\u00e0 di riferimento accreditata e rispettata nel panorama della formazione nella moda.<\/p>\n<p> \t\u00c8 toccato poi ai 23 finalisti presentarsi e raccontare i loro progetti, tutti creati rispettando il tema delle \u201cDistanze\u201d, come richiesto dal bando di questa 9^ edizione del concorso. Infine, l\u2019attesa <strong>sfilata<\/strong> dei <strong>23 progetti dei concorrenti finalisti delle Scuole regionali partecipanti al Concorso<\/strong> Mittelmoda District, che sono stati selezionati da una giuria di esperti del settore, presieduta da <strong>Matteo Marzotto<\/strong>, tra tutte le proposte iscritte. Al termine della sfilata sono stati premiati i vincitori assoluti dell&#39;edizione 2021 e sono state assegnate le menzioni speciali.<\/p>\n<p> \tLa registrazione dell\u2019evento rimarr\u00e0 visibile sul sito dedicato <u><a href=\"http:\/\/www.mittelmodadigitaldistrict.it\" target=\"_blank\" rel=\"noopener\"><span style=\"color:#0000cd;\">www.mittelmodadigitaldistrict.it<\/span><\/a><\/u>, pertanto sar\u00e0 possibile riguardare sfilata e premiazioni in qualsiasi momento.<\/p>\n<p> \tMittelmoda District, contest \u201cjunior\u201d dell\u2019evento mondiale <strong>Mittelmoda The Fashion Award<\/strong>, nato a Gorizia 28 anni fa, \u00e8 un evento promosso da Mittelmoda International Lab con il sostegno di <strong>Regione Friuli Venezia Giulia.<\/strong><\/p>\n","protected":false},"excerpt":{"rendered":"<p>Conclusa la nona edizione<\/p>\n","protected":false},"author":28,"featured_media":41150,"comment_status":"closed","ping_status":"closed","sticky":false,"template":"","format":"standard","meta":{"dwc-title":[],"dwc-content":[],"footnotes":""},"categories":[37],"tags":[],"class_list":["post-41149","post","type-post","status-publish","format-standard","has-post-thumbnail","hentry","category-cultura-e-spettacolo"],"rttpg_featured_image_url":{"full":["https:\/\/imagazine.it\/wp-content\/uploads\/2024\/01\/45235-1.webp",750,634,false],"landscape":["https:\/\/imagazine.it\/wp-content\/uploads\/2024\/01\/45235-1.webp",750,634,false],"portraits":["https:\/\/imagazine.it\/wp-content\/uploads\/2024\/01\/45235-1.webp",750,634,false],"thumbnail":["https:\/\/imagazine.it\/wp-content\/uploads\/2024\/01\/45235-1-150x150.webp",150,150,true],"medium":["https:\/\/imagazine.it\/wp-content\/uploads\/2024\/01\/45235-1-300x254.webp",300,254,true],"large":["https:\/\/imagazine.it\/wp-content\/uploads\/2024\/01\/45235-1.webp",640,541,false],"thumblist":["https:\/\/imagazine.it\/wp-content\/uploads\/2024\/01\/45235-1.webp",300,254,false],"thumbrelated":["https:\/\/imagazine.it\/wp-content\/uploads\/2024\/01\/45235-1.webp",500,423,false],"meccarouselthumb":["https:\/\/imagazine.it\/wp-content\/uploads\/2024\/01\/45235-1.webp",383,324,false],"gridsquare":["https:\/\/imagazine.it\/wp-content\/uploads\/2024\/01\/45235-1.webp",308,260,false],"tileview":["https:\/\/imagazine.it\/wp-content\/uploads\/2024\/01\/45235-1.webp",300,254,false],"1536x1536":["https:\/\/imagazine.it\/wp-content\/uploads\/2024\/01\/45235-1.webp",750,634,false],"2048x2048":["https:\/\/imagazine.it\/wp-content\/uploads\/2024\/01\/45235-1.webp",750,634,false],"newsup-slider-full":["https:\/\/imagazine.it\/wp-content\/uploads\/2024\/01\/45235-1.webp",750,634,false],"newsup-featured":["https:\/\/imagazine.it\/wp-content\/uploads\/2024\/01\/45235-1.webp",750,634,false],"newsup-medium":["https:\/\/imagazine.it\/wp-content\/uploads\/2024\/01\/45235-1-720x380.webp",720,380,true],"tptn_thumbnail":["https:\/\/imagazine.it\/wp-content\/uploads\/2024\/01\/45235-1.webp",248,210,false],"sow-carousel-default":["https:\/\/imagazine.it\/wp-content\/uploads\/2024\/01\/45235-1-272x182.webp",272,182,true]},"rttpg_author":{"display_name":"redazione","author_link":"https:\/\/imagazine.it\/home_desk\/author\/redazione\/"},"rttpg_comment":0,"rttpg_category":"<a href=\"https:\/\/imagazine.it\/home_desk\/category\/cultura-e-spettacolo\/\" rel=\"category tag\">CULTURA&amp;SPETTACOLO<\/a>","rttpg_excerpt":"Conclusa la nona edizione","_links":{"self":[{"href":"https:\/\/imagazine.it\/home_desk\/wp-json\/wp\/v2\/posts\/41149","targetHints":{"allow":["GET"]}}],"collection":[{"href":"https:\/\/imagazine.it\/home_desk\/wp-json\/wp\/v2\/posts"}],"about":[{"href":"https:\/\/imagazine.it\/home_desk\/wp-json\/wp\/v2\/types\/post"}],"author":[{"embeddable":true,"href":"https:\/\/imagazine.it\/home_desk\/wp-json\/wp\/v2\/users\/28"}],"replies":[{"embeddable":true,"href":"https:\/\/imagazine.it\/home_desk\/wp-json\/wp\/v2\/comments?post=41149"}],"version-history":[{"count":0,"href":"https:\/\/imagazine.it\/home_desk\/wp-json\/wp\/v2\/posts\/41149\/revisions"}],"wp:featuredmedia":[{"embeddable":true,"href":"https:\/\/imagazine.it\/home_desk\/wp-json\/wp\/v2\/media\/41150"}],"wp:attachment":[{"href":"https:\/\/imagazine.it\/home_desk\/wp-json\/wp\/v2\/media?parent=41149"}],"wp:term":[{"taxonomy":"category","embeddable":true,"href":"https:\/\/imagazine.it\/home_desk\/wp-json\/wp\/v2\/categories?post=41149"},{"taxonomy":"post_tag","embeddable":true,"href":"https:\/\/imagazine.it\/home_desk\/wp-json\/wp\/v2\/tags?post=41149"}],"curies":[{"name":"wp","href":"https:\/\/api.w.org\/{rel}","templated":true}]}}