{"id":41145,"date":"2021-12-17T00:00:00","date_gmt":"2021-12-16T23:00:00","guid":{"rendered":"https:\/\/imagazine.it\/?p=41145"},"modified":"2021-12-17T00:00:00","modified_gmt":"2021-12-16T23:00:00","slug":"kandinsky-e-le-avanguardie-in-mostra-monfalcone","status":"publish","type":"post","link":"https:\/\/imagazine.it\/home_desk\/kandinsky-e-le-avanguardie-in-mostra-monfalcone\/","title":{"rendered":"Kandinsky e le avanguardie in mostra Monfalcone"},"content":{"rendered":"<p> \tLa mostra <em>Punto, linea e superficie.<\/em> <em>Kandinsky e le avanguardie <\/em>inaugura oggi alla <strong>Galleria Comunale d\u2019Arte <\/strong><strong>Contemporanea di Monfalcone<\/strong>, promossa dal Comune di Monfalcone in collaborazione con la Fondazione Musei Civici di Venezia, con il contributo della Regione Autonoma Friuli Venezia Giulia e con il supporto di diverse realt\u00e0 del territorio.<\/p>\n<p> \t\u201cCon <em>Punto, linea e superficie. Kandinsky e le avanguardie<\/em>, il Comune di Monfalcone ha voluto completare la stagione espositiva 2021 e di inizio 2022 \u2013 sottolinea la sindaca <strong>Anna Maria Cisint <\/strong>\u2013 segnando nel modo migliore l\u2019azione di riqualificazione della Galleria comunale che \u00e8 stata portata avanti negli ultimi cinque anni. Il grazie della citt\u00e0 alle istituzioni, ai curatori e agli esperti che hanno lavorato per la miglior riuscita di questo grande evento che conferma Monfalcone e la sua Galleria comunale si vertici nazionali e internazionali dei grandi appuntamenti espositivi, nel quadro di una politica culturale volta al rilancio e allo sviluppo anche in questa dimensione della nostra citt\u00e0\u201d.<\/p>\n<p> \t\u201cUn evento di grande rilievo \u2013 aggiunge <strong>Sebastiano Callari<\/strong>, assessore al Patrimonio della Regione Friuli Venezia Giulia \u2013 che conferma la straordinaria vita culturale che Monfalcone sta vivendo\u201d.<\/p>\n<p> \t&#8220;Saluto con gioia l&#39;inaugurazione di un importante evento reso possibile dal protocollo d&#39;intesa tra la Fondazione Musei Civici di Venezia e il Comune di Monfalcone, siglato a fine 2019 con il sindaco Anna Maria Cisint, per la condivisione di iniziative legate ai rispettivi patrimoni museali&#8221;, commenta\u00a0<strong>Mariacristina Gribaudi,<\/strong> presidente della Fondazione Musei Civici di Venezia. &#8220;Una strada che con Fondazione abbiamo percorso anche con i Comuni di Pordenone e Portogruaro, e che qui mostra tutta la sua efficacia, per l&#39;azione dei Musei di Venezia in un territorio pi\u00f9 ampio dei propri geografici confini e per la risposta di qualit\u00e0 di cui questi territori sono capaci, nell&#39;obiettivo comune della crescita delle nostre comunit\u00e0 e del ritorno dei visitatori nazionali e internazionali nel nostro Paese&#8221;.<\/p>\n<p> \t\u201cUna mostra come questa non arriva per caso, ma \u00e8 frutto dell\u2019amore per la propria citt\u00e0, per l\u2019arte e per le opportunit\u00e0 che un simile combinato disposto pu\u00f2 generare nel proprio territorio\u201d, aggiunge <strong>Luca Fasan<\/strong>, assessore alla cultura del Comune di Monfalcone. \u201cL\u2019accordo con la Fondazione Musei Civici di Venezia \u00e8 giunto grazie all\u2019intuizione che vi fosse un comune denominatore tra Venezia e Monfalcone, una sorta di link che metteva in correlazione due grandi realt\u00e0 come l\u2019arsenale e il cantiere quali produttori di lavoro, ricchezza, identit\u00e0 territoriale e rapporto con il comune mare\u201d.<\/p>\n<p> \t&#8220;Questa esposizione \u00e8 costruita con i capolavori delle collezioni della Galleria Internazionale d&#39;Arte Moderna di Ca&#39; Pesaro, uno dei nostri undici straordinari Musei&#8221; \u2013 sottolinea <strong>Gabriella Belli<\/strong>, direttore della Fondazione Musei Civici di Venezia \u2013 &#8220;per raccontare l\u2019affascinante viaggio dell\u2019arte astratta dalla sua nascita al nostro contemporaneo. Molte di queste opere sono state acquistate dal Comune di Venezia in diverse edizioni della Biennale, altre sono state donate alla Galleria dagli stessi artisti premiati, a testimonianza di una lunga storia di stima e gratitudine che lega i Musei alla citt\u00e0 e alle sue Istituzioni culturali, ai collezionisti, ai mecenati e agli artisti. Ca&#39; Pesaro \u00e8 custode dell\u2019arte del proprio tempo e qui naturale protagonista di un&#39;importantissima azione culturale&#8221;.<\/p>\n<p> \t<strong><u><a href=\"http:\/\/www.imagazine.it\/eventi\/38670\" target=\"_blank\" rel=\"noopener\"><span style=\"color:#0000cd;\">Clicca qui per scoprire orari e dettagli della mostra<\/span><\/a><\/u><\/strong><\/p>\n","protected":false},"excerpt":{"rendered":"<p>Punto, linea e superficie<\/p>\n","protected":false},"author":28,"featured_media":41146,"comment_status":"closed","ping_status":"closed","sticky":false,"template":"","format":"standard","meta":{"dwc-title":[],"dwc-content":[],"footnotes":""},"categories":[37],"tags":[],"class_list":["post-41145","post","type-post","status-publish","format-standard","has-post-thumbnail","hentry","category-cultura-e-spettacolo"],"rttpg_featured_image_url":{"full":["https:\/\/imagazine.it\/wp-content\/uploads\/2024\/01\/45230-1.webp",1000,667,false],"landscape":["https:\/\/imagazine.it\/wp-content\/uploads\/2024\/01\/45230-1.webp",1000,667,false],"portraits":["https:\/\/imagazine.it\/wp-content\/uploads\/2024\/01\/45230-1.webp",1000,667,false],"thumbnail":["https:\/\/imagazine.it\/wp-content\/uploads\/2024\/01\/45230-1-150x150.webp",150,150,true],"medium":["https:\/\/imagazine.it\/wp-content\/uploads\/2024\/01\/45230-1-300x200.webp",300,200,true],"large":["https:\/\/imagazine.it\/wp-content\/uploads\/2024\/01\/45230-1.webp",640,427,false],"thumblist":["https:\/\/imagazine.it\/wp-content\/uploads\/2024\/01\/45230-1.webp",300,200,false],"thumbrelated":["https:\/\/imagazine.it\/wp-content\/uploads\/2024\/01\/45230-1.webp",500,334,false],"meccarouselthumb":["https:\/\/imagazine.it\/wp-content\/uploads\/2024\/01\/45230-1.webp",474,316,false],"gridsquare":["https:\/\/imagazine.it\/wp-content\/uploads\/2024\/01\/45230-1.webp",391,260,false],"tileview":["https:\/\/imagazine.it\/wp-content\/uploads\/2024\/01\/45230-1.webp",300,200,false],"1536x1536":["https:\/\/imagazine.it\/wp-content\/uploads\/2024\/01\/45230-1.webp",1000,667,false],"2048x2048":["https:\/\/imagazine.it\/wp-content\/uploads\/2024\/01\/45230-1.webp",1000,667,false],"newsup-slider-full":["https:\/\/imagazine.it\/wp-content\/uploads\/2024\/01\/45230-1.webp",1000,667,false],"newsup-featured":["https:\/\/imagazine.it\/wp-content\/uploads\/2024\/01\/45230-1.webp",1000,667,false],"newsup-medium":["https:\/\/imagazine.it\/wp-content\/uploads\/2024\/01\/45230-1-720x380.webp",720,380,true],"tptn_thumbnail":["https:\/\/imagazine.it\/wp-content\/uploads\/2024\/01\/45230-1.webp",250,167,false],"sow-carousel-default":["https:\/\/imagazine.it\/wp-content\/uploads\/2024\/01\/45230-1-272x182.webp",272,182,true]},"rttpg_author":{"display_name":"redazione","author_link":"https:\/\/imagazine.it\/home_desk\/author\/redazione\/"},"rttpg_comment":0,"rttpg_category":"<a href=\"https:\/\/imagazine.it\/home_desk\/category\/cultura-e-spettacolo\/\" rel=\"category tag\">CULTURA&amp;SPETTACOLO<\/a>","rttpg_excerpt":"Punto, linea e superficie","_links":{"self":[{"href":"https:\/\/imagazine.it\/home_desk\/wp-json\/wp\/v2\/posts\/41145","targetHints":{"allow":["GET"]}}],"collection":[{"href":"https:\/\/imagazine.it\/home_desk\/wp-json\/wp\/v2\/posts"}],"about":[{"href":"https:\/\/imagazine.it\/home_desk\/wp-json\/wp\/v2\/types\/post"}],"author":[{"embeddable":true,"href":"https:\/\/imagazine.it\/home_desk\/wp-json\/wp\/v2\/users\/28"}],"replies":[{"embeddable":true,"href":"https:\/\/imagazine.it\/home_desk\/wp-json\/wp\/v2\/comments?post=41145"}],"version-history":[{"count":0,"href":"https:\/\/imagazine.it\/home_desk\/wp-json\/wp\/v2\/posts\/41145\/revisions"}],"wp:featuredmedia":[{"embeddable":true,"href":"https:\/\/imagazine.it\/home_desk\/wp-json\/wp\/v2\/media\/41146"}],"wp:attachment":[{"href":"https:\/\/imagazine.it\/home_desk\/wp-json\/wp\/v2\/media?parent=41145"}],"wp:term":[{"taxonomy":"category","embeddable":true,"href":"https:\/\/imagazine.it\/home_desk\/wp-json\/wp\/v2\/categories?post=41145"},{"taxonomy":"post_tag","embeddable":true,"href":"https:\/\/imagazine.it\/home_desk\/wp-json\/wp\/v2\/tags?post=41145"}],"curies":[{"name":"wp","href":"https:\/\/api.w.org\/{rel}","templated":true}]}}