{"id":41137,"date":"2021-12-16T00:00:00","date_gmt":"2021-12-15T23:00:00","guid":{"rendered":"https:\/\/imagazine.it\/?p=41137"},"modified":"2021-12-16T00:00:00","modified_gmt":"2021-12-15T23:00:00","slug":"gorizia-inaugurati-i-presepi-dei-gruppi-terza-eta","status":"publish","type":"post","link":"https:\/\/imagazine.it\/home_desk\/gorizia-inaugurati-i-presepi-dei-gruppi-terza-eta\/","title":{"rendered":"Gorizia, inaugurati i presepi dei gruppi Terza Et\u00e0"},"content":{"rendered":"<p> \tValorizzare la tradizione del presepe e condividere con la citt\u00e0 delle vere e proprie opere d\u2019arte artigianali.<\/p>\n<p> \tCon questo duplice obiettivo il <strong>Comune di Gorizia<\/strong> ha dato vita alla prima edizione dell\u2019esposizione di presepi al Centro Polivalente. Fino all\u2019Epifania, sulle finestre della struttura che si affacciano su via Baiamonti, si potranno ammirare le composizioni che i partecipanti ai gruppi ricreativi dedicati alla terza et\u00e0 hanno desiderato offrire.<\/p>\n<p> \tSi \u00e8 dato il via, cos\u00ec, a un vero e proprio recupero di capanne, statuine e pecorelle che, a causa di mille difficolt\u00e0, non venivano esposte da anni nelle case dei loro proprietari. Sono riaffiorate delle piccole opere d\u2019arte, presepi e nativit\u00e0 d\u2019altri tempi, alcune risalenti addirittura ai primi anni del secolo scorso, con un presepe in particolare realizzato nel 1910. Tra i presepi esposti anche una grande opera in cartapesta realizzata dal Cisi.\u00a0<\/p>\n<p> \tLa raccolta e l\u2019allestimento, presentati stamani dall\u2019assessore al welfare <strong>Silvana Romano<\/strong> e dall\u2019operatrice <strong>Carla Marchisio<\/strong>, sono stati curati dalle operatrici socio-sanitarie del Comune sotto la supervisione dei proprietari dei presepi che, oltre a raccogliere il muschio fresco su cui adagiare le statuine, si sono occupati anche delle decorazioni degli alberi di Natale del Polivalente.\u00a0<\/p>\n<p> \tI gruppi ricreativi e di animazione della terza et\u00e0 contano complessivamente su 79 partecipanti, che si sono ribattezzati \u201c<em>L\u2019allegra compagnia<\/em>\u201d e la cui \u201cnonna\u201d \u00e8 una signora che ha compiuto quest\u2019anno 97 anni.<\/p>\n<p> \tMentre gran parte del gruppo si ritrova regolarmente nelle stanze di via Baiamonti per attivit\u00e0 di ogni tipo, tra cui la scrittura di poesie, il canto e il ballo, e non mancano i dibattiti su temi di attualit\u00e0, una parte degli utenti riceve assistenza solamente telefonica, con contatti frequenti per monitorare eventuali situazioni di bisogno.\u00a0<\/p>\n<p> \t\u201cA Natale, non facciamo sentire soli i nostri cari \u2013 ha commentato l\u2019assessore Romano \u2013 soprattutto in un periodo come questo, dopo due anni molto difficili, che hanno aumentato le distanze tra le persone e a pagare pi\u00f9 duramente sono state proprio le persone fragili. Quella che abbiamo presentato oggi \u00e8 una piccola esposizione che vuole fare da anello di congiunzione tra i presepi esposti a San Rocco e quelli di via Garibaldi. \u00c8 il frutto di un grande lavoro di integrazione e coinvolgimento delle persone anziane, per il quale ringrazio di cuore il nostro personale\u201d.<\/p>\n","protected":false},"excerpt":{"rendered":"<p>Sulle finestre del Polivalente<\/p>\n","protected":false},"author":28,"featured_media":41138,"comment_status":"closed","ping_status":"closed","sticky":false,"template":"","format":"standard","meta":{"dwc-title":[],"dwc-content":[],"footnotes":""},"categories":[5],"tags":[],"class_list":["post-41137","post","type-post","status-publish","format-standard","has-post-thumbnail","hentry","category-attualita"],"rttpg_featured_image_url":{"full":["https:\/\/imagazine.it\/wp-content\/uploads\/2024\/01\/45201-1.webp",1000,558,false],"landscape":["https:\/\/imagazine.it\/wp-content\/uploads\/2024\/01\/45201-1.webp",1000,558,false],"portraits":["https:\/\/imagazine.it\/wp-content\/uploads\/2024\/01\/45201-1.webp",1000,558,false],"thumbnail":["https:\/\/imagazine.it\/wp-content\/uploads\/2024\/01\/45201-1-150x150.webp",150,150,true],"medium":["https:\/\/imagazine.it\/wp-content\/uploads\/2024\/01\/45201-1-300x167.webp",300,167,true],"large":["https:\/\/imagazine.it\/wp-content\/uploads\/2024\/01\/45201-1.webp",640,357,false],"thumblist":["https:\/\/imagazine.it\/wp-content\/uploads\/2024\/01\/45201-1.webp",300,167,false],"thumbrelated":["https:\/\/imagazine.it\/wp-content\/uploads\/2024\/01\/45201-1.webp",500,279,false],"meccarouselthumb":["https:\/\/imagazine.it\/wp-content\/uploads\/2024\/01\/45201-1.webp",474,264,false],"gridsquare":["https:\/\/imagazine.it\/wp-content\/uploads\/2024\/01\/45201-1.webp",391,218,false],"tileview":["https:\/\/imagazine.it\/wp-content\/uploads\/2024\/01\/45201-1.webp",300,167,false],"1536x1536":["https:\/\/imagazine.it\/wp-content\/uploads\/2024\/01\/45201-1.webp",1000,558,false],"2048x2048":["https:\/\/imagazine.it\/wp-content\/uploads\/2024\/01\/45201-1.webp",1000,558,false],"newsup-slider-full":["https:\/\/imagazine.it\/wp-content\/uploads\/2024\/01\/45201-1.webp",1000,558,false],"newsup-featured":["https:\/\/imagazine.it\/wp-content\/uploads\/2024\/01\/45201-1.webp",1000,558,false],"newsup-medium":["https:\/\/imagazine.it\/wp-content\/uploads\/2024\/01\/45201-1-720x380.webp",720,380,true],"tptn_thumbnail":["https:\/\/imagazine.it\/wp-content\/uploads\/2024\/01\/45201-1.webp",250,140,false],"sow-carousel-default":["https:\/\/imagazine.it\/wp-content\/uploads\/2024\/01\/45201-1-272x182.webp",272,182,true]},"rttpg_author":{"display_name":"redazione","author_link":"https:\/\/imagazine.it\/home_desk\/author\/redazione\/"},"rttpg_comment":0,"rttpg_category":"<a href=\"https:\/\/imagazine.it\/home_desk\/category\/attualita\/\" rel=\"category tag\">ATTUALIT\u00c0<\/a>","rttpg_excerpt":"Sulle finestre del Polivalente","_links":{"self":[{"href":"https:\/\/imagazine.it\/home_desk\/wp-json\/wp\/v2\/posts\/41137","targetHints":{"allow":["GET"]}}],"collection":[{"href":"https:\/\/imagazine.it\/home_desk\/wp-json\/wp\/v2\/posts"}],"about":[{"href":"https:\/\/imagazine.it\/home_desk\/wp-json\/wp\/v2\/types\/post"}],"author":[{"embeddable":true,"href":"https:\/\/imagazine.it\/home_desk\/wp-json\/wp\/v2\/users\/28"}],"replies":[{"embeddable":true,"href":"https:\/\/imagazine.it\/home_desk\/wp-json\/wp\/v2\/comments?post=41137"}],"version-history":[{"count":0,"href":"https:\/\/imagazine.it\/home_desk\/wp-json\/wp\/v2\/posts\/41137\/revisions"}],"wp:featuredmedia":[{"embeddable":true,"href":"https:\/\/imagazine.it\/home_desk\/wp-json\/wp\/v2\/media\/41138"}],"wp:attachment":[{"href":"https:\/\/imagazine.it\/home_desk\/wp-json\/wp\/v2\/media?parent=41137"}],"wp:term":[{"taxonomy":"category","embeddable":true,"href":"https:\/\/imagazine.it\/home_desk\/wp-json\/wp\/v2\/categories?post=41137"},{"taxonomy":"post_tag","embeddable":true,"href":"https:\/\/imagazine.it\/home_desk\/wp-json\/wp\/v2\/tags?post=41137"}],"curies":[{"name":"wp","href":"https:\/\/api.w.org\/{rel}","templated":true}]}}