{"id":41125,"date":"2021-12-15T00:00:00","date_gmt":"2021-12-14T23:00:00","guid":{"rendered":"https:\/\/imagazine.it\/?p=41125"},"modified":"2021-12-15T00:00:00","modified_gmt":"2021-12-14T23:00:00","slug":"cervignano-caldo-natale-per-le-famiglie-in-difficolta","status":"publish","type":"post","link":"https:\/\/imagazine.it\/home_desk\/cervignano-caldo-natale-per-le-famiglie-in-difficolta\/","title":{"rendered":"Cervignano, &#8220;Caldo Natale&#8221; per le famiglie in difficolt\u00e0"},"content":{"rendered":"<p> \tSono oltre 10 anni che il <strong>Gruppo Agesci Cervignano I<\/strong> organizza il \u201c<em>Caldo Natale<\/em>\u201d.<\/p>\n<p> \tL\u2019iniziativa ha lo scopo di raccogliere donazioni di denaro o di generi alimentari a lunga conservazione che verranno devoluti alla Caritas, per essere distribuiti alle famiglie pi\u00f9 bisognose della comunit\u00e0.<\/p>\n<p> \t<strong>Dal 19 al 26 dicembre<\/strong>, sotto il porticato del Duomo di Cervignano, saranno allestiti dagli scout i banchetti per la consegna del materiale. Un sottofondo musicale doner\u00e0 \u201cun calore invitante\u201d a coloro che si avvicineranno per le donazioni.<\/p>\n<p> \tEcco gli orari per chi fosse interessato: domenica 19 dalle 7.30 alle 11 e dalle 17.45 alle 19.30; luned\u00ec 20, marted\u00ec 21 e mercoled\u00ec 22 dalle 17.30 alle 19; gioved\u00ec 23 dalle 10 alle 12 e dalle 16 alle 19; venerd\u00ec 24 dalle 10 alle 12, dalle 15.30 alle 19 e dalle 23.30 all\u20191. Il giorno di Natale la raccolta \u00e8 in programma dalle 7.30 fino alle 13 e dalle 17.45 alle 19.30; domenica 26 dicembre, l&#39;ultimo giorno della raccolta, i ragazzi inizieranno alle 7.45 e concluderanno il lavoro alle 10.45.<\/p>\n<p> \tCon questa iniziativa il gruppo scout Agesci Cervignano I conclude l\u2019esperienza del 2021: anche se limitati dalla pandemia, i 100 ragazzi che compongono questa realt\u00e0 hanno sviluppato numerose iniziative da quelle educative, a quelle escursionistiche a quelle di solidariet\u00e0 e sono pronti per iniziare nel miglior modo il 2022, dando, gi\u00e0 da subito, un po\u2019 di serenit\u00e0 a famiglie in difficolt\u00e0 della comunit\u00e0 parrocchiale.<\/p>\n","protected":false},"excerpt":{"rendered":"<p>Dal 19 al 26 dicembre<\/p>\n","protected":false},"author":22,"featured_media":41126,"comment_status":"closed","ping_status":"closed","sticky":false,"template":"","format":"standard","meta":{"dwc-title":[],"dwc-content":[],"footnotes":""},"categories":[5],"tags":[],"class_list":["post-41125","post","type-post","status-publish","format-standard","has-post-thumbnail","hentry","category-attualita"],"rttpg_featured_image_url":{"full":["https:\/\/imagazine.it\/wp-content\/uploads\/2024\/01\/45181-1.webp",1280,853,false],"landscape":["https:\/\/imagazine.it\/wp-content\/uploads\/2024\/01\/45181-1.webp",1280,853,false],"portraits":["https:\/\/imagazine.it\/wp-content\/uploads\/2024\/01\/45181-1.webp",1280,853,false],"thumbnail":["https:\/\/imagazine.it\/wp-content\/uploads\/2024\/01\/45181-1-150x150.webp",150,150,true],"medium":["https:\/\/imagazine.it\/wp-content\/uploads\/2024\/01\/45181-1-300x200.webp",300,200,true],"large":["https:\/\/imagazine.it\/wp-content\/uploads\/2024\/01\/45181-1-1024x682.webp",640,426,true],"thumblist":["https:\/\/imagazine.it\/wp-content\/uploads\/2024\/01\/45181-1.webp",300,200,false],"thumbrelated":["https:\/\/imagazine.it\/wp-content\/uploads\/2024\/01\/45181-1.webp",500,333,false],"meccarouselthumb":["https:\/\/imagazine.it\/wp-content\/uploads\/2024\/01\/45181-1.webp",474,316,false],"gridsquare":["https:\/\/imagazine.it\/wp-content\/uploads\/2024\/01\/45181-1.webp",391,260,false],"tileview":["https:\/\/imagazine.it\/wp-content\/uploads\/2024\/01\/45181-1.webp",300,200,false],"1536x1536":["https:\/\/imagazine.it\/wp-content\/uploads\/2024\/01\/45181-1.webp",1280,853,false],"2048x2048":["https:\/\/imagazine.it\/wp-content\/uploads\/2024\/01\/45181-1.webp",1280,853,false],"newsup-slider-full":["https:\/\/imagazine.it\/wp-content\/uploads\/2024\/01\/45181-1-1280x720.webp",1280,720,true],"newsup-featured":["https:\/\/imagazine.it\/wp-content\/uploads\/2024\/01\/45181-1-1024x682.webp",1024,682,true],"newsup-medium":["https:\/\/imagazine.it\/wp-content\/uploads\/2024\/01\/45181-1-720x380.webp",720,380,true],"tptn_thumbnail":["https:\/\/imagazine.it\/wp-content\/uploads\/2024\/01\/45181-1.webp",250,167,false],"sow-carousel-default":["https:\/\/imagazine.it\/wp-content\/uploads\/2024\/01\/45181-1-272x182.webp",272,182,true]},"rttpg_author":{"display_name":"Livio Nonis","author_link":"https:\/\/imagazine.it\/home_desk\/author\/nonis\/"},"rttpg_comment":0,"rttpg_category":"<a href=\"https:\/\/imagazine.it\/home_desk\/category\/attualita\/\" rel=\"category tag\">ATTUALIT\u00c0<\/a>","rttpg_excerpt":"Dal 19 al 26 dicembre","_links":{"self":[{"href":"https:\/\/imagazine.it\/home_desk\/wp-json\/wp\/v2\/posts\/41125","targetHints":{"allow":["GET"]}}],"collection":[{"href":"https:\/\/imagazine.it\/home_desk\/wp-json\/wp\/v2\/posts"}],"about":[{"href":"https:\/\/imagazine.it\/home_desk\/wp-json\/wp\/v2\/types\/post"}],"author":[{"embeddable":true,"href":"https:\/\/imagazine.it\/home_desk\/wp-json\/wp\/v2\/users\/22"}],"replies":[{"embeddable":true,"href":"https:\/\/imagazine.it\/home_desk\/wp-json\/wp\/v2\/comments?post=41125"}],"version-history":[{"count":0,"href":"https:\/\/imagazine.it\/home_desk\/wp-json\/wp\/v2\/posts\/41125\/revisions"}],"wp:featuredmedia":[{"embeddable":true,"href":"https:\/\/imagazine.it\/home_desk\/wp-json\/wp\/v2\/media\/41126"}],"wp:attachment":[{"href":"https:\/\/imagazine.it\/home_desk\/wp-json\/wp\/v2\/media?parent=41125"}],"wp:term":[{"taxonomy":"category","embeddable":true,"href":"https:\/\/imagazine.it\/home_desk\/wp-json\/wp\/v2\/categories?post=41125"},{"taxonomy":"post_tag","embeddable":true,"href":"https:\/\/imagazine.it\/home_desk\/wp-json\/wp\/v2\/tags?post=41125"}],"curies":[{"name":"wp","href":"https:\/\/api.w.org\/{rel}","templated":true}]}}