{"id":41109,"date":"2021-12-14T00:00:00","date_gmt":"2021-12-13T23:00:00","guid":{"rendered":"https:\/\/imagazine.it\/?p=41109"},"modified":"2021-12-14T00:00:00","modified_gmt":"2021-12-13T23:00:00","slug":"la-montagna-friulana-punta-sulla-vetrina-digitale-di-prossimita","status":"publish","type":"post","link":"https:\/\/imagazine.it\/home_desk\/la-montagna-friulana-punta-sulla-vetrina-digitale-di-prossimita\/","title":{"rendered":"La montagna friulana punta sulla vetrina digitale di prossimit\u00e0"},"content":{"rendered":"<p> \tCreare connessioni e salvaguardare la vita nelle piccole comunit\u00e0 e nelle aree interne, facilitando l\u2019accesso a beni e servizi grazie alla presenza di negozi di prossimit\u00e0.<\/p>\n<p> \tPer restituire centralit\u00e0 e forza a queste attivit\u00e0, la cooperativa per lo sviluppo locale Cramars di Tolmezzo e l\u2019impresa sociale Melius hanno avviato nelle <strong>terre alte friulane<\/strong> un progetto finanziato dalla Fondazione Friuli: <strong><em>Proxima<\/em><\/strong>, la <strong>vetrina di prossimit\u00e0<\/strong>.<\/p>\n<p> \tIl progetto prender\u00e0 il via venerd\u00ec 17 dicembre con la presentazione delle prime due vetrine di prossimit\u00e0 installate a <strong>Resia<\/strong>: a San Giorgio, alle 17, presso Alimentari Bortolotti, e a Oseacco, alle ore 18, a La Bottega del Paese.<\/p>\n<p> \tUlteriori vetrine digitali saranno installate dopo le festivit\u00e0 natalizie a <strong>Lauco<\/strong>, cos\u00ec come in tutti i comuni montani che ne faranno richiesta a Cramars.<\/p>\n<p> \t<em>Proxima<\/em> \u00e8 una soluzione che ha gi\u00e0 attirato l\u2019attenzione di diverse aree interne, come ad esempio la piccola localit\u00e0 di Zopp\u00e8, nel Bellunese, che ha gi\u00e0 fatto richiesta a Cramars per l\u2019installazione, nei prossimi giorni, di Proxima in un negozio di prossimit\u00e0.<\/p>\n<p> \t<em>Proxima<\/em> \u00e8 una vetrina digitale che permette di avere molteplici prodotti e servizi tuttora inaccessibili in molti paesi di montagna. Si tratta di un totem interattivo dotato di schermo con tecnologia <em>touch<\/em> che consente di fare acquisti o prenotazioni online attraverso un software intuitivo.<\/p>\n<p> \tL\u2019utilizzo \u00e8 studiato per permettere agli abitanti delle aree interne di ricevere nella propria localit\u00e0 e nell\u2019arco di 24 ore tutto ci\u00f2 di cui hanno bisogno: basta selezionare il prodotto o il servizio, la data di consegna prevista, e confermare l\u2019acquisto. La disponibilit\u00e0 al ritiro in negozio verr\u00e0 automaticamente notificata via email o sms.<\/p>\n<p> \tSmartphone, app, connessione a internet, o tutto ci\u00f2 che pu\u00f2 rappresentare un limite per le persone pi\u00f9 anziane o meno abituate a interagire con strumenti tecnologici, non sono assolutamente necessari. \u00c8 sufficiente recarsi nell\u2019attivit\u00e0 commerciale che ospita Proxima e sottoscrivere un abbonamento mensile o annuale: la versione base d\u00e0 accesso all\u2019acquisto di prodotti e prevede il ritiro della merce in negozio, mentre la modalit\u00e0 Premium d\u00e0 il diritto alla consegna a domicilio e anche alla prenotazione di molteplici, ulteriori servizi che saranno di volta in volta personalizzati in funzione alla disponibilit\u00e0 del negoziante.<\/p>\n<p> \tL\u2019iniziativa vuole essere la risposta alle esigenze emerse dall\u2019indagine intitolata \u201c<em>Gli ultimi<\/em>. <em>Forme di welfare comunitario<\/em>\u201d condotta da Cramars in collaborazione con Melius all\u2019interno del progetto Innovalp Experiences. L\u2019attivit\u00e0 \u00e8 stata finanziata da Intesa Sanpaolo, da Fondazione Friuli, sostenuta dall\u2019Azienda sanitaria universitaria Friuli Centrale (ASU FC) e dall\u2019Azienda sanitaria Friuli Occidentale (AS FO).<\/p>\n<p> \tCondotta nei primi mesi del 2021, l\u2019indagine ha fatto emergere la disponibilit\u00e0 dei gestori dei negozi di prossimit\u00e0 alla plurifunzionalit\u00e0 commerciale e all\u2019innovazione digitale per corrispondere alle esigenze degli abitanti e dei turisti. Una condizione dovuta anche alla pandemia da Covid-19, che ha cambiato le scelte di consumo e i vincoli allo spostamento, portando a riscoprire i luoghi vicini, il senso del vicinato e i legami con la comunit\u00e0, e conferendo nuova importanza ai piccoli negozi di montagna, percepiti come presidio locale di vitalit\u00e0 e socialit\u00e0 per contrastare lo spopolamento del territorio.<\/p>\n<p> \t\u201cI gestori dei piccoli negozi \u2013 spiega <strong>Vanni Treu<\/strong>, responsabile del progetto per Cramars \u2013 hanno manifestato la voglia di innovare perch\u00e9 hanno ben chiare le proprie potenzialit\u00e0 di vendita ed erogazione di servizi. Hanno un legame con la comunit\u00e0 che si \u00e8 rafforzato durante pandemia, un aspetto che oggi con Proxima possiamo valorizzare, senza dimenticare l\u2019aspetto umano. Il Covid ha stravolto il mercato, i modelli di business e i comportamenti dei consumatori, facendo diventare necessaria la presenza di negozi di vicinato, ma talvolta nei piccoli paesi di montagna anche il reperimento di prodotti freschi o facilmente deperibili pu\u00f2 risultare difficile, non immediato. Ecco quindi che Proxima rappresenta la risposta a un\u2019esigenza reale, che permetter\u00e0 ai piccoli negozi di riconquistare la propria centralit\u00e0 e favorir\u00e0 la crescita dell\u2019economia locale\u201d.<\/p>\n<p> \t\u201cL\u2019iniziativa di Cramars di introdurre le Vetrine Digitali di Prossimit\u00e0 \u2013 sottolinea <strong>Giuseppe Morandini<\/strong>, presidente di Fondazione Friuli \u2013 risponde a pieno titolo al bando per progetti sperimentali che possano contribuire all\u2019attrattivit\u00e0 e al rilancio della montagna friulana. Un bando che ha avuto questa importante e concreta risposta e che sta riscuotendo interesse anche nel vicino Veneto. \u00c8 notizia di questi giorni che amministratori di piccoli Comuni del Cadore hanno chiesto a Cramars informazioni per poter allestire anche nelle loro realt\u00e0 una Vetrina Digitale di Prossimit\u00e0. Questo \u00e8 stato un successo del Bando Montagna 2021, che conta su un fondo da 200mila euro, e che intende sostenere iniziative di sistema, sperimentali e fortemente innovative promosse nelle aree montane, ovvero in 46 comuni delle province di Udine e di Pordenone. Anche in questo caso, l\u2019iniziativa si avvale della collaborazione della Regione FVG e del sostegno di Intesa Sanpaolo\u201d.<\/p>\n","protected":false},"excerpt":{"rendered":"<p>Prima attivazione di Proxima<\/p>\n","protected":false},"author":28,"featured_media":41110,"comment_status":"closed","ping_status":"closed","sticky":false,"template":"","format":"standard","meta":{"dwc-title":[],"dwc-content":[],"footnotes":""},"categories":[6],"tags":[],"class_list":["post-41109","post","type-post","status-publish","format-standard","has-post-thumbnail","hentry","category-societa"],"rttpg_featured_image_url":{"full":["https:\/\/imagazine.it\/wp-content\/uploads\/2024\/01\/45163-1.webp",1000,831,false],"landscape":["https:\/\/imagazine.it\/wp-content\/uploads\/2024\/01\/45163-1.webp",1000,831,false],"portraits":["https:\/\/imagazine.it\/wp-content\/uploads\/2024\/01\/45163-1.webp",1000,831,false],"thumbnail":["https:\/\/imagazine.it\/wp-content\/uploads\/2024\/01\/45163-1-150x150.webp",150,150,true],"medium":["https:\/\/imagazine.it\/wp-content\/uploads\/2024\/01\/45163-1-300x249.webp",300,249,true],"large":["https:\/\/imagazine.it\/wp-content\/uploads\/2024\/01\/45163-1.webp",640,532,false],"thumblist":["https:\/\/imagazine.it\/wp-content\/uploads\/2024\/01\/45163-1.webp",300,249,false],"thumbrelated":["https:\/\/imagazine.it\/wp-content\/uploads\/2024\/01\/45163-1.webp",500,416,false],"meccarouselthumb":["https:\/\/imagazine.it\/wp-content\/uploads\/2024\/01\/45163-1.webp",390,324,false],"gridsquare":["https:\/\/imagazine.it\/wp-content\/uploads\/2024\/01\/45163-1.webp",313,260,false],"tileview":["https:\/\/imagazine.it\/wp-content\/uploads\/2024\/01\/45163-1.webp",300,249,false],"1536x1536":["https:\/\/imagazine.it\/wp-content\/uploads\/2024\/01\/45163-1.webp",1000,831,false],"2048x2048":["https:\/\/imagazine.it\/wp-content\/uploads\/2024\/01\/45163-1.webp",1000,831,false],"newsup-slider-full":["https:\/\/imagazine.it\/wp-content\/uploads\/2024\/01\/45163-1-1000x720.webp",1000,720,true],"newsup-featured":["https:\/\/imagazine.it\/wp-content\/uploads\/2024\/01\/45163-1.webp",1000,831,false],"newsup-medium":["https:\/\/imagazine.it\/wp-content\/uploads\/2024\/01\/45163-1-720x380.webp",720,380,true],"tptn_thumbnail":["https:\/\/imagazine.it\/wp-content\/uploads\/2024\/01\/45163-1.webp",250,208,false],"sow-carousel-default":["https:\/\/imagazine.it\/wp-content\/uploads\/2024\/01\/45163-1-272x182.webp",272,182,true]},"rttpg_author":{"display_name":"redazione","author_link":"https:\/\/imagazine.it\/home_desk\/author\/redazione\/"},"rttpg_comment":0,"rttpg_category":"<a href=\"https:\/\/imagazine.it\/home_desk\/category\/societa\/\" rel=\"category tag\">SOCIET\u00c0<\/a>","rttpg_excerpt":"Prima attivazione di Proxima","_links":{"self":[{"href":"https:\/\/imagazine.it\/home_desk\/wp-json\/wp\/v2\/posts\/41109","targetHints":{"allow":["GET"]}}],"collection":[{"href":"https:\/\/imagazine.it\/home_desk\/wp-json\/wp\/v2\/posts"}],"about":[{"href":"https:\/\/imagazine.it\/home_desk\/wp-json\/wp\/v2\/types\/post"}],"author":[{"embeddable":true,"href":"https:\/\/imagazine.it\/home_desk\/wp-json\/wp\/v2\/users\/28"}],"replies":[{"embeddable":true,"href":"https:\/\/imagazine.it\/home_desk\/wp-json\/wp\/v2\/comments?post=41109"}],"version-history":[{"count":0,"href":"https:\/\/imagazine.it\/home_desk\/wp-json\/wp\/v2\/posts\/41109\/revisions"}],"wp:featuredmedia":[{"embeddable":true,"href":"https:\/\/imagazine.it\/home_desk\/wp-json\/wp\/v2\/media\/41110"}],"wp:attachment":[{"href":"https:\/\/imagazine.it\/home_desk\/wp-json\/wp\/v2\/media?parent=41109"}],"wp:term":[{"taxonomy":"category","embeddable":true,"href":"https:\/\/imagazine.it\/home_desk\/wp-json\/wp\/v2\/categories?post=41109"},{"taxonomy":"post_tag","embeddable":true,"href":"https:\/\/imagazine.it\/home_desk\/wp-json\/wp\/v2\/tags?post=41109"}],"curies":[{"name":"wp","href":"https:\/\/api.w.org\/{rel}","templated":true}]}}