{"id":41097,"date":"2021-12-13T00:00:00","date_gmt":"2021-12-12T23:00:00","guid":{"rendered":"https:\/\/imagazine.it\/?p=41097"},"modified":"2021-12-13T00:00:00","modified_gmt":"2021-12-12T23:00:00","slug":"neve-ed-emozioni-la-montagna-del-fvg-si-rilancia","status":"publish","type":"post","link":"https:\/\/imagazine.it\/home_desk\/neve-ed-emozioni-la-montagna-del-fvg-si-rilancia\/","title":{"rendered":"Neve ed emozioni, la montagna del FVG si rilancia"},"content":{"rendered":"<p> \tVoglia di tornare sulle piste e riallacciare gli sci per rivivere le emozioni lungo i tracciati dei sei poli della regione, ma anche passeggiate sulla neve, abbracciati dal silenzio dei boschi, con le ciaspe alla scoperta della natura, o divertendosi approfittando delle numerose escursioni proposte sui sentieri e scalando le cime delle montagne.<\/p>\n<p> \tDopo la lunga pausa dello scorso anno, <strong>\u00e8 ripartita la stagione invernale in Friuli Venezia Giulia<\/strong>, con impianti rinnovati, nuove proposte e attivit\u00e0 per tutti. Dalla nuova <strong>seggiovia dedicata al Giro d\u2019Italia<\/strong> ai lavori di manutenzione e miglioria delle piste, lungo l\u2019intero arco alpino, dalle <strong>Dolomiti<\/strong> alle <strong>Alpi Giulie<\/strong> passando per la <strong>Carnia<\/strong>, sono numerose le occasioni per trascorrere momenti di relax a stretto contatto con la natura, rigenerarsi e praticare sport in uno scenario suggestivo e spettacolare.<\/p>\n<p> \tPi\u00f9 di mille esperienze, sei calendari confermati grazie alla collaborazione con i consorzi e le reti d\u2019impresa del territorio e tante occasioni per vivere la montagna e ricaricare le batterie rigenerando il corpo e la mente.<\/p>\n<p> \t<strong>Piancavallo e montagna pordenonese<\/strong><\/p>\n<p> \tNon solo neve sulle cime <strong>delle montagne pordenonesi<\/strong>: per questa stagione la Valcellina offre <strong>laboratori per lavorare la paglia, corsi di cucina e corsi per imparare a fare i formaggi e la ricotta<\/strong>. Per chi ama invece immergersi nella natura, le proposte spaziano dallo sci alle camminate, alcune delle quali da praticare con o senza ciaspe lungo i sentieri della montagna pordenonese (negli infopoint della regione \u00e8 possibile trovare Top20 <em>winter trail<\/em> per una panoramica sui migliori sentieri).<\/p>\n<p> \t<strong>Carnia <\/strong><\/p>\n<p> \tL\u2019incanto e la magia di <strong>Sappada<\/strong>, inserita anche tra i borghi pi\u00f9 belli d\u2019Italia, sono la cornice nella quale concedersi una pausa in mezzo alla neve. Per chi invece vuole mantenersi attivo, alla proposta delle discese su pista e tracciati si aggiunge lo <strong>sci di fondo <\/strong><strong>con i campioni<\/strong> Silvio Fauner e Pietro Piller Cottrer, ma anche l\u2019<em>urban trekking<\/em> fra le vie del borgo di Sappada vecchia, piena di tradizioni tutte da scoprire.<\/p>\n<p> \tPer chi invece vuole immergersi nel cuore della Carnia non resta che fare tappa sullo <strong>Zoncolan<\/strong>, in cui gli amanti dello sci troveranno discese per tutti i gusti nonch\u00e9 escursioni tematiche con le ciaspole, e le romantiche passeggiate a cavallo sulla neve. Sempre in Carnia, <strong>Forni di Sopra\/Sauris<\/strong> resta la destinazione adatta per chi, con bambini e famiglia, cerca una soluzione comoda e divertente &#8211; <strong>avvicinamento all\u2019hockey<\/strong> e <strong>giochi sulla neve<\/strong>, fiaccolate lungo il fiume Tagliamento e la possibilit\u00e0 di cimentarsi nel <strong>biathlon<\/strong> &#8211; che unisca relax, natura e anche il piacere di scoprire l\u2019enogastronomia.<\/p>\n<p> \t<strong>Tarvisiano<\/strong><\/p>\n<p> \tIl Tarvisiano \u00e8 la meta giusta per chi cerca il giusto mix tra natura, sci da discesa e di fondo, passeggiate e anche la possibilit\u00e0 di immergersi nei suoi boschi, con la foresta millenaria di <strong>Tarvisio<\/strong>, la pi\u00f9 grande d\u2019Italia. Le Alpi Giulie, con in cima il Lussari che ospita il santuario mariano meta di numerosi pellegrini, faranno da sfondo alle passeggiate, al <strong>forest bathing<\/strong> e lo <strong>yoga<\/strong> che \u00e8 possibile praticare in mezzo agli alberi, escursioni con le fat bike e ancora passeggiate storiche a scoprire questo angolo affascinate del Friuli Venezia Giulia, punta di un anello che confina e unisce Italia, Austria e Slovenia.<\/p>\n<p> \t<strong>Parchi<\/strong><\/p>\n<p> \tPer chi vuole immergersi nella natura incontaminata e nel silenzio di paesaggi innevati\u00a0il <u><a href=\"http:\/\/www.parcodolomitifriulane.it\/\" target=\"_blank\" rel=\"noopener\"><span style=\"color:#0000cd;\"><strong>Parco Naturale delle Dolomiti Friulane<\/strong><\/span><\/a><\/u> conferma la versione invernale dell\u2019iniziativa <strong>Parco Wellness outdoor<\/strong>: un calendario di escursioni, sport e attivit\u00e0 per i pi\u00f9 piccoli tra paesaggi e cime dolomitiche in compagnia delle esperte guide del parco, mentre il <u><a href=\"http:\/\/www.parcoprealpigiulie.it\/it\/\" target=\"_blank\" rel=\"noopener\"><span style=\"color:#0000cd;\">parco naturale delle Prealpi Giulie<\/span><\/a><\/u> propone durante tutto l\u2019inverno attivit\u00e0 di diversa difficolt\u00e0 e livello per conoscere luoghi insoliti ma non meno suggestivi.<\/p>\n<p> \tPer quanto concerne lo sci, il Friuli Venezia Giulia offre circa 100 chilometri di piste servite da 41 impianti di risalita \u201ccomplessi\u201d e 34 tappeti distribuiti nei sei comprensori della regione (Piancavallo, Sappada, Forni di Sopra-Sauris, Zoncolan, Tarvisio, Sella Nevea). Tra le novit\u00e0, la nuova <strong>seggiovia \u201cGiro d\u2019Italia\u201d<\/strong> sullo Zoncolan, la prima seggiovia a sei posti della regione. L\u2019impianto, completamente rinnovato, si trova in una delle localit\u00e0 simbolo per gli amanti dello sci, ma anche del ciclismo: denominato il Kaiser, conosciuto come una delle salite pi\u00f9 dure per gli atleti, lo Zoncolan ospita il nuovo impianto che potr\u00e0 essere utilizzato anche nella stagione pi\u00f9 calda per trasportare le bici.<\/p>\n","protected":false},"excerpt":{"rendered":"<p>Partita la nuova stagione<\/p>\n","protected":false},"author":28,"featured_media":41098,"comment_status":"closed","ping_status":"closed","sticky":false,"template":"","format":"standard","meta":{"dwc-title":[],"dwc-content":[],"footnotes":""},"categories":[8],"tags":[],"class_list":["post-41097","post","type-post","status-publish","format-standard","has-post-thumbnail","hentry","category-turismo"],"rttpg_featured_image_url":{"full":["https:\/\/imagazine.it\/wp-content\/uploads\/2024\/01\/45131-1.webp",1000,626,false],"landscape":["https:\/\/imagazine.it\/wp-content\/uploads\/2024\/01\/45131-1.webp",1000,626,false],"portraits":["https:\/\/imagazine.it\/wp-content\/uploads\/2024\/01\/45131-1.webp",1000,626,false],"thumbnail":["https:\/\/imagazine.it\/wp-content\/uploads\/2024\/01\/45131-1-150x150.webp",150,150,true],"medium":["https:\/\/imagazine.it\/wp-content\/uploads\/2024\/01\/45131-1-300x188.webp",300,188,true],"large":["https:\/\/imagazine.it\/wp-content\/uploads\/2024\/01\/45131-1.webp",640,401,false],"thumblist":["https:\/\/imagazine.it\/wp-content\/uploads\/2024\/01\/45131-1.webp",300,188,false],"thumbrelated":["https:\/\/imagazine.it\/wp-content\/uploads\/2024\/01\/45131-1.webp",500,313,false],"meccarouselthumb":["https:\/\/imagazine.it\/wp-content\/uploads\/2024\/01\/45131-1.webp",474,297,false],"gridsquare":["https:\/\/imagazine.it\/wp-content\/uploads\/2024\/01\/45131-1.webp",391,245,false],"tileview":["https:\/\/imagazine.it\/wp-content\/uploads\/2024\/01\/45131-1.webp",300,188,false],"1536x1536":["https:\/\/imagazine.it\/wp-content\/uploads\/2024\/01\/45131-1.webp",1000,626,false],"2048x2048":["https:\/\/imagazine.it\/wp-content\/uploads\/2024\/01\/45131-1.webp",1000,626,false],"newsup-slider-full":["https:\/\/imagazine.it\/wp-content\/uploads\/2024\/01\/45131-1.webp",1000,626,false],"newsup-featured":["https:\/\/imagazine.it\/wp-content\/uploads\/2024\/01\/45131-1.webp",1000,626,false],"newsup-medium":["https:\/\/imagazine.it\/wp-content\/uploads\/2024\/01\/45131-1-720x380.webp",720,380,true],"tptn_thumbnail":["https:\/\/imagazine.it\/wp-content\/uploads\/2024\/01\/45131-1.webp",250,157,false],"sow-carousel-default":["https:\/\/imagazine.it\/wp-content\/uploads\/2024\/01\/45131-1-272x182.webp",272,182,true]},"rttpg_author":{"display_name":"redazione","author_link":"https:\/\/imagazine.it\/home_desk\/author\/redazione\/"},"rttpg_comment":0,"rttpg_category":"<a href=\"https:\/\/imagazine.it\/home_desk\/category\/turismo\/\" rel=\"category tag\">TURISMO<\/a>","rttpg_excerpt":"Partita la nuova stagione","_links":{"self":[{"href":"https:\/\/imagazine.it\/home_desk\/wp-json\/wp\/v2\/posts\/41097","targetHints":{"allow":["GET"]}}],"collection":[{"href":"https:\/\/imagazine.it\/home_desk\/wp-json\/wp\/v2\/posts"}],"about":[{"href":"https:\/\/imagazine.it\/home_desk\/wp-json\/wp\/v2\/types\/post"}],"author":[{"embeddable":true,"href":"https:\/\/imagazine.it\/home_desk\/wp-json\/wp\/v2\/users\/28"}],"replies":[{"embeddable":true,"href":"https:\/\/imagazine.it\/home_desk\/wp-json\/wp\/v2\/comments?post=41097"}],"version-history":[{"count":0,"href":"https:\/\/imagazine.it\/home_desk\/wp-json\/wp\/v2\/posts\/41097\/revisions"}],"wp:featuredmedia":[{"embeddable":true,"href":"https:\/\/imagazine.it\/home_desk\/wp-json\/wp\/v2\/media\/41098"}],"wp:attachment":[{"href":"https:\/\/imagazine.it\/home_desk\/wp-json\/wp\/v2\/media?parent=41097"}],"wp:term":[{"taxonomy":"category","embeddable":true,"href":"https:\/\/imagazine.it\/home_desk\/wp-json\/wp\/v2\/categories?post=41097"},{"taxonomy":"post_tag","embeddable":true,"href":"https:\/\/imagazine.it\/home_desk\/wp-json\/wp\/v2\/tags?post=41097"}],"curies":[{"name":"wp","href":"https:\/\/api.w.org\/{rel}","templated":true}]}}