{"id":41087,"date":"2021-12-13T00:00:00","date_gmt":"2021-12-12T23:00:00","guid":{"rendered":"https:\/\/imagazine.it\/?p=41087"},"modified":"2021-12-13T00:00:00","modified_gmt":"2021-12-12T23:00:00","slug":"larlef-sbarca-su-tiktok-con-tic-e-tac-furlan","status":"publish","type":"post","link":"https:\/\/imagazine.it\/home_desk\/larlef-sbarca-su-tiktok-con-tic-e-tac-furlan\/","title":{"rendered":"L&#8217;ARLeF sbarca su TikTok con \u201cTic e Tac Furlan\u201d"},"content":{"rendered":"<p> \tSi chiama <strong>\u201c<u><a href=\"https:\/\/vm.tiktok.com\/ZM87afqDR\/\" target=\"_blank\" rel=\"noopener\"><span style=\"color:#0000cd;\">Tic e Tac Furlan<\/span><\/a><\/u>\u201d <\/strong>ed \u00e8 <strong>il nuovo canale TikTok dell&#39;ARLeF<\/strong>.<\/p>\n<p> \t\u00ab<em>Una bella novit\u00e0, in cui crediamo molto<\/em> \u2013 ha fatto sapere il presidente dell\u2019Agenzia Regionale per la Lingua Friulana, <strong>Eros Cisilino<\/strong> \u2013. <em>L\u2019attivit\u00e0 dell\u2019Agenzia \u00e8 piuttosto articolata e l\u2019impegno per operare sempre al passo con i tempi costante, senza considerare, come ampiamente dichiarato sul \u201cPiano generale di politica linguistica per la lingua friulana 2021-25\u201d, l\u2019attenzione rivolta a giovani e nuove tecnologie. Per questo \u00e8 stata una naturale evoluzione la scelta di approdare su uno dei social pi\u00f9 popolari, oggi, fra gli adolescenti. Il nostro impegno a dialogare con le nuove generazioni \u00e8 costante e la direzione sembra essere proprio quella giusta<\/em>\u00bb, se si considera che in poco pi\u00f9 di due mesi dall\u2019apertura del nuovo canale si registrano gi\u00e0 oltre 4.500 followers, quasi 40 mila like e 900 mila visualizzazioni.<\/p>\n<p> \tInterprete di questa nuova iniziativa &#8211; che mira a dare nozioni di marilenghe, in brevi e divertenti video da massimo 3 minuti &#8211; \u00e8 <strong>Greta Fabbro<\/strong>, insegnante alla scuola dell\u2019infanzia originaria di San Vito di Fagagna, che ha affinato le sue competenze frequentando un corso all&#39;Ires, promosso dall&#39;Agenzia Regionale per la Lingua Friulana (Tecniche di promozione linguistica e culturale friulana), volto a fornire gli strumenti di marketing e comunicazione necessari a promuovere e valorizzare il patrimonio linguistico.<\/p>\n<p> \tIl suo spiccato senso dell&#39;umorismo, la passione per i travestimenti, assieme a un\u2019aiutante pelosa e &#8220;chiacchierona&#8221;, la gatta brasiliana Preta, sembrano essere un mix vincente.<\/p>\n<p> \tLe clip in cui sono insieme stanno appassionando in maniera particolare i followers che hanno accolto la nuova proposta con tanti messaggi di benvenuto e numerosi inviti a continuare questa esperienza insieme istruttiva e divertente.<\/p>\n<p> \tSul canale si trovano i temi pi\u00f9 disparati grazie a una serie di rubriche come \u201c<em>Peraulis<\/em>\u201d per far capire quali sono i termini &#8220;friulanizzati\u201d e quali le parole friulane corrette; \u201c<em>Sbrissadis<\/em>\u201d, per segnalare le interferenze pi\u00f9 comuni della marilenghe con l\u2019italiano; &#8220;<em>FurlanLenghe<\/em>\u201d per chiarire che conoscere il friulano facilita l&#39;apprendimento delle altre lingue.<\/p>\n","protected":false},"excerpt":{"rendered":"<p>Nuove frontiere social<\/p>\n","protected":false},"author":28,"featured_media":41088,"comment_status":"closed","ping_status":"closed","sticky":false,"template":"","format":"standard","meta":{"dwc-title":[],"dwc-content":[],"footnotes":""},"categories":[6],"tags":[],"class_list":["post-41087","post","type-post","status-publish","format-standard","has-post-thumbnail","hentry","category-societa"],"rttpg_featured_image_url":{"full":["https:\/\/imagazine.it\/wp-content\/uploads\/2024\/01\/45117-1.webp",1125,1046,false],"landscape":["https:\/\/imagazine.it\/wp-content\/uploads\/2024\/01\/45117-1.webp",1125,1046,false],"portraits":["https:\/\/imagazine.it\/wp-content\/uploads\/2024\/01\/45117-1.webp",1125,1046,false],"thumbnail":["https:\/\/imagazine.it\/wp-content\/uploads\/2024\/01\/45117-1-150x150.webp",150,150,true],"medium":["https:\/\/imagazine.it\/wp-content\/uploads\/2024\/01\/45117-1-300x279.webp",300,279,true],"large":["https:\/\/imagazine.it\/wp-content\/uploads\/2024\/01\/45117-1-1024x952.webp",640,595,true],"thumblist":["https:\/\/imagazine.it\/wp-content\/uploads\/2024\/01\/45117-1.webp",300,279,false],"thumbrelated":["https:\/\/imagazine.it\/wp-content\/uploads\/2024\/01\/45117-1.webp",500,465,false],"meccarouselthumb":["https:\/\/imagazine.it\/wp-content\/uploads\/2024\/01\/45117-1.webp",348,324,false],"gridsquare":["https:\/\/imagazine.it\/wp-content\/uploads\/2024\/01\/45117-1.webp",280,260,false],"tileview":["https:\/\/imagazine.it\/wp-content\/uploads\/2024\/01\/45117-1.webp",300,279,false],"1536x1536":["https:\/\/imagazine.it\/wp-content\/uploads\/2024\/01\/45117-1.webp",1125,1046,false],"2048x2048":["https:\/\/imagazine.it\/wp-content\/uploads\/2024\/01\/45117-1.webp",1125,1046,false],"newsup-slider-full":["https:\/\/imagazine.it\/wp-content\/uploads\/2024\/01\/45117-1-1125x720.webp",1125,720,true],"newsup-featured":["https:\/\/imagazine.it\/wp-content\/uploads\/2024\/01\/45117-1-1024x952.webp",1024,952,true],"newsup-medium":["https:\/\/imagazine.it\/wp-content\/uploads\/2024\/01\/45117-1-720x380.webp",720,380,true],"tptn_thumbnail":["https:\/\/imagazine.it\/wp-content\/uploads\/2024\/01\/45117-1.webp",226,210,false],"sow-carousel-default":["https:\/\/imagazine.it\/wp-content\/uploads\/2024\/01\/45117-1-272x182.webp",272,182,true]},"rttpg_author":{"display_name":"redazione","author_link":"https:\/\/imagazine.it\/home_desk\/author\/redazione\/"},"rttpg_comment":0,"rttpg_category":"<a href=\"https:\/\/imagazine.it\/home_desk\/category\/societa\/\" rel=\"category tag\">SOCIET\u00c0<\/a>","rttpg_excerpt":"Nuove frontiere social","_links":{"self":[{"href":"https:\/\/imagazine.it\/home_desk\/wp-json\/wp\/v2\/posts\/41087","targetHints":{"allow":["GET"]}}],"collection":[{"href":"https:\/\/imagazine.it\/home_desk\/wp-json\/wp\/v2\/posts"}],"about":[{"href":"https:\/\/imagazine.it\/home_desk\/wp-json\/wp\/v2\/types\/post"}],"author":[{"embeddable":true,"href":"https:\/\/imagazine.it\/home_desk\/wp-json\/wp\/v2\/users\/28"}],"replies":[{"embeddable":true,"href":"https:\/\/imagazine.it\/home_desk\/wp-json\/wp\/v2\/comments?post=41087"}],"version-history":[{"count":0,"href":"https:\/\/imagazine.it\/home_desk\/wp-json\/wp\/v2\/posts\/41087\/revisions"}],"wp:featuredmedia":[{"embeddable":true,"href":"https:\/\/imagazine.it\/home_desk\/wp-json\/wp\/v2\/media\/41088"}],"wp:attachment":[{"href":"https:\/\/imagazine.it\/home_desk\/wp-json\/wp\/v2\/media?parent=41087"}],"wp:term":[{"taxonomy":"category","embeddable":true,"href":"https:\/\/imagazine.it\/home_desk\/wp-json\/wp\/v2\/categories?post=41087"},{"taxonomy":"post_tag","embeddable":true,"href":"https:\/\/imagazine.it\/home_desk\/wp-json\/wp\/v2\/tags?post=41087"}],"curies":[{"name":"wp","href":"https:\/\/api.w.org\/{rel}","templated":true}]}}