{"id":41073,"date":"2021-12-10T00:00:00","date_gmt":"2021-12-09T23:00:00","guid":{"rendered":"https:\/\/imagazine.it\/?p=41073"},"modified":"2021-12-10T00:00:00","modified_gmt":"2021-12-09T23:00:00","slug":"lex-amideria-chiozza-apre-le-porte-agli-instagramers-del-fvg","status":"publish","type":"post","link":"https:\/\/imagazine.it\/home_desk\/lex-amideria-chiozza-apre-le-porte-agli-instagramers-del-fvg\/","title":{"rendered":"L&#8217;ex Amideria Chiozza apre le porte agli Instagramers del FVG"},"content":{"rendered":"<p> \tL\u2019<strong>ex<\/strong> <strong>Amideria Chiozza di Ruda<\/strong>, il complesso industriale di origine ottocentesca, che fu operativo nell\u2019estrazione dell\u2019amido, oggi custodisce vari macchinari di notevole importanza storica.\u00a0<\/p>\n<p> \tSar\u00e0 questo luogo, <strong>sabato 11 dicembre alle ore 11,\u00a0<\/strong>al centro della visita speciale <strong>riservata<\/strong> agli <strong>Instagramers del Fvg<\/strong> &#8211; gli appassionati di fotografia che raccontano la nostra regione attraverso il potere delle immagini &#8211; realizzata nell\u2019ambito del progetto <strong>\u201cCineturismo. Promozione dei luoghi del Cinema in Fvg\u201d.<\/strong> \u00a0L\u2019evento vede la collaborazione del Comune di Ruda e dei soci volontari dell\u2019Associazione Amideria Chiozza.\u00a0\u00a0<\/p>\n<p> \t<strong>\u00c8 possibile iscriversi<\/strong> su Eventbrite al link <u><a href=\"http:\/\/bit.ly\/visita-amideria\" target=\"_blank\" rel=\"noopener\"><span style=\"color:#0000cd;\">bit.ly\/visita-amideria<\/span><\/a><\/u>. Per farlo \u00e8 richiesto il possesso di un profilo Instagram attivo. Il numero massimo di partecipanti sar\u00e0 di 30 persone, divise in due gruppi con partenze scaglionate. Per il rispetto delle norme anti Covid in vigore, verr\u00e0 richiesto all&#39;ingresso il Green Pass normale (tampone o vaccino) e la mascherina FFP2.\u00a0<\/p>\n<p> \tIl bene \u00e8 di propriet\u00e0 del Comune di Ruda che gi\u00e0 da anni \u00e8 al lavoro sul complesso ed \u00e8 stato capace di attrarre importanti risorse finanziarie destinate al suo restauro.<\/p>\n<p> \t\u201cUn ambizioso progetto di rinascita&#8221;, le parole del sindaco <strong>Franco Lenarduzzi<\/strong> che intravede nel <u><a href=\"http:\/\/www.imagazine.it\/notizie-trieste-gorizia-udine-friuli\/11219\" target=\"_blank\" rel=\"noopener\"><span style=\"color:#0000cd;\">recupero del complesso dell&#39;ex Amideria Chiozza<\/span><\/a><\/u> una grande opportunit\u00e0 per l&#39;intero territorio. La riqualificazione, infatti, porge uno sguardo d&#39;insieme non solo al restauro degli spazi, ma anche al loro ripensamento funzionale: nel progetto finale, infatti, il complesso accoglier\u00e0 nuove attivit\u00e0, anche museali, legate alla storia della struttura, con un&#39;attenzione particolare alla divulgazione delle ricerche sull&#39;acqua e allo sviluppo ambientale. \u00a0<\/p>\n<p> \tL&#39;evento di sabato 11 dicembre \u00e8 promosso dalla <strong>community regionale degli Instagramers che conta quasi 24.000 follower su Instagram<\/strong> e collabora in qualit\u00e0 di partner del progetto \u201cCineturismo. Promozione dei luoghi del Cinema in Fvg\u201d.<\/p>\n<p> \tIl progetto, che vede come capofila lo Studio Sandrinelli, \u00e8 realizzato con il contributo della Regione Friuli Venezia Giulia e grazie a numerosi partner tra i quali la FVG Film Commission, La Cineteca del Friuli, Divulgando e quest\u2019anno anche il FAI &#8211; Fondo Ambiente Italiano. Tra i suoi obiettivi: la promozione e valorizzazione del territorio della nostra regione, in ottica turistica, attraverso la conoscenza dei luoghi che sono sono stati set cinematografici e inseriti nel portale <u><strong><a href=\"http:\/\/www.cineturismofvg.com\/\" target=\"_blank\" rel=\"noopener\"><span style=\"color:#0000cd;\">www.cineturismofvg.com<\/span><\/a><\/strong><\/u><\/p>\n<p> \t<strong>Tra questi set entra a tutti gli effetti anche l&#39;Amideria Chiozza che ha ospitato due recenti produzioni cinematografiche: \u201c<em>Volevo fare la Rockstar 2<\/em>&#8221; <\/strong>del regista goriziano<strong> Matteo Oleotto <\/strong>e <strong>\u201c<em>Robbin Mussolini<\/em>\u201d<\/strong>, targata Netflix.<\/p>\n<p> \tL&#39;interesse dell&#39;industria del Cinema verso questi luoghi diventa rilevante per salvaguardarne la memoria storica e per la promozione del turismo locale e nazionale. La visita sar\u00e0 documentata e promossa sui canali social di Instagramers Fvg e su quelli di FVG Film Locations, per dare visibilit\u00e0 a questi luoghi magici da scoprire o riscoprire con occhi nuovi.<\/p>\n","protected":false},"excerpt":{"rendered":"<p>Sabato 11 dicembre<\/p>\n","protected":false},"author":28,"featured_media":41074,"comment_status":"closed","ping_status":"closed","sticky":false,"template":"","format":"standard","meta":{"dwc-title":[],"dwc-content":[],"footnotes":""},"categories":[37],"tags":[],"class_list":["post-41073","post","type-post","status-publish","format-standard","has-post-thumbnail","hentry","category-cultura-e-spettacolo"],"rttpg_featured_image_url":{"full":["https:\/\/imagazine.it\/wp-content\/uploads\/2024\/01\/45097-1.webp",1000,671,false],"landscape":["https:\/\/imagazine.it\/wp-content\/uploads\/2024\/01\/45097-1.webp",1000,671,false],"portraits":["https:\/\/imagazine.it\/wp-content\/uploads\/2024\/01\/45097-1.webp",1000,671,false],"thumbnail":["https:\/\/imagazine.it\/wp-content\/uploads\/2024\/01\/45097-1-150x150.webp",150,150,true],"medium":["https:\/\/imagazine.it\/wp-content\/uploads\/2024\/01\/45097-1-300x201.webp",300,201,true],"large":["https:\/\/imagazine.it\/wp-content\/uploads\/2024\/01\/45097-1.webp",640,429,false],"thumblist":["https:\/\/imagazine.it\/wp-content\/uploads\/2024\/01\/45097-1.webp",300,201,false],"thumbrelated":["https:\/\/imagazine.it\/wp-content\/uploads\/2024\/01\/45097-1.webp",500,336,false],"meccarouselthumb":["https:\/\/imagazine.it\/wp-content\/uploads\/2024\/01\/45097-1.webp",474,318,false],"gridsquare":["https:\/\/imagazine.it\/wp-content\/uploads\/2024\/01\/45097-1.webp",387,260,false],"tileview":["https:\/\/imagazine.it\/wp-content\/uploads\/2024\/01\/45097-1.webp",300,201,false],"1536x1536":["https:\/\/imagazine.it\/wp-content\/uploads\/2024\/01\/45097-1.webp",1000,671,false],"2048x2048":["https:\/\/imagazine.it\/wp-content\/uploads\/2024\/01\/45097-1.webp",1000,671,false],"newsup-slider-full":["https:\/\/imagazine.it\/wp-content\/uploads\/2024\/01\/45097-1.webp",1000,671,false],"newsup-featured":["https:\/\/imagazine.it\/wp-content\/uploads\/2024\/01\/45097-1.webp",1000,671,false],"newsup-medium":["https:\/\/imagazine.it\/wp-content\/uploads\/2024\/01\/45097-1-720x380.webp",720,380,true],"tptn_thumbnail":["https:\/\/imagazine.it\/wp-content\/uploads\/2024\/01\/45097-1.webp",250,168,false],"sow-carousel-default":["https:\/\/imagazine.it\/wp-content\/uploads\/2024\/01\/45097-1-272x182.webp",272,182,true]},"rttpg_author":{"display_name":"redazione","author_link":"https:\/\/imagazine.it\/home_desk\/author\/redazione\/"},"rttpg_comment":0,"rttpg_category":"<a href=\"https:\/\/imagazine.it\/home_desk\/category\/cultura-e-spettacolo\/\" rel=\"category tag\">CULTURA&amp;SPETTACOLO<\/a>","rttpg_excerpt":"Sabato 11 dicembre","_links":{"self":[{"href":"https:\/\/imagazine.it\/home_desk\/wp-json\/wp\/v2\/posts\/41073","targetHints":{"allow":["GET"]}}],"collection":[{"href":"https:\/\/imagazine.it\/home_desk\/wp-json\/wp\/v2\/posts"}],"about":[{"href":"https:\/\/imagazine.it\/home_desk\/wp-json\/wp\/v2\/types\/post"}],"author":[{"embeddable":true,"href":"https:\/\/imagazine.it\/home_desk\/wp-json\/wp\/v2\/users\/28"}],"replies":[{"embeddable":true,"href":"https:\/\/imagazine.it\/home_desk\/wp-json\/wp\/v2\/comments?post=41073"}],"version-history":[{"count":0,"href":"https:\/\/imagazine.it\/home_desk\/wp-json\/wp\/v2\/posts\/41073\/revisions"}],"wp:featuredmedia":[{"embeddable":true,"href":"https:\/\/imagazine.it\/home_desk\/wp-json\/wp\/v2\/media\/41074"}],"wp:attachment":[{"href":"https:\/\/imagazine.it\/home_desk\/wp-json\/wp\/v2\/media?parent=41073"}],"wp:term":[{"taxonomy":"category","embeddable":true,"href":"https:\/\/imagazine.it\/home_desk\/wp-json\/wp\/v2\/categories?post=41073"},{"taxonomy":"post_tag","embeddable":true,"href":"https:\/\/imagazine.it\/home_desk\/wp-json\/wp\/v2\/tags?post=41073"}],"curies":[{"name":"wp","href":"https:\/\/api.w.org\/{rel}","templated":true}]}}