{"id":41063,"date":"2021-12-09T00:00:00","date_gmt":"2021-12-08T23:00:00","guid":{"rendered":"https:\/\/imagazine.it\/?p=41063"},"modified":"2021-12-09T00:00:00","modified_gmt":"2021-12-08T23:00:00","slug":"cervignano-grazie-a-canta-con-noi-vince-linclusione","status":"publish","type":"post","link":"https:\/\/imagazine.it\/home_desk\/cervignano-grazie-a-canta-con-noi-vince-linclusione\/","title":{"rendered":"Cervignano, grazie a &#8220;Canta con noi&#8221; vince l&#8217;inclusione"},"content":{"rendered":"<p> \tSuccesso di pubblico e di critica per l\u2019evento \u201c<em><strong>Canta Con Noi<\/strong><\/em>\u201d, promosso dal gruppo \u201c<strong>In scena per caso<\/strong>\u201d del Ricreatorio San Michele, con il sostegno dell\u2019Amministrazione comunale e il contributo della Cassa Rurale e Artigiana del Friuli Venezia Giulia, andato in scena al Teatro Pasolini di <strong>Cervignano del Friuli<\/strong>.<\/p>\n<p> \t\u201cEra molto importante ripartire, sappiamo benissimo cosa ha lasciato e sta lasciando la pandemia nelle nostre vite, in termini di salute, in termini economici, ma soprattutto in termini di relazioni sociali: la persona con disabilit\u00e0 pi\u00f9 di tutte ha subito moralmente la mancanza di quotidianit\u00e0, di rapporti, di tutte quelle certezze costruite in una vita\u201d, ha spiegato il responsabile del gruppo, <strong>Salvo Barbera<\/strong>, che ha condotto la serata affiancato a turno dai ragazzi di \u201cIn scena per caso\u201d.<\/p>\n<p> \tSul palco si sono alternati sedici concorrenti, suddivisi in due categorie per fascia d\u2019et\u00e0 (8-12 anni e 13-16 anni): <strong>Mia Furl\u00e0n<\/strong>, <strong>Davide Beraldo<\/strong>, <strong>Giada Baratella<\/strong>, <strong>Celeste Cividino<\/strong>, <strong>Maylin Marangoni<\/strong>, <strong>Amanda Pussini<\/strong>, <strong>Alyson Pussini<\/strong>, <strong>Gaia Pozzobon<\/strong>, <strong>Siria Turus<\/strong> gareggeranno <strong>Elena Pacco<\/strong>, <strong>Arjen Kopic<\/strong>, <strong>Dalianna Marangoni<\/strong>, <strong>Beatrice Francescotto<\/strong>, <strong>Sara Porro<\/strong>, <strong>Anna Capitanini<\/strong>, <strong>Lisa Razza<\/strong>.<\/p>\n<p> \tNella categoria 8-12, la giuria di qualit\u00e0 composta da Giuseppe Tonello, Lorenzo Nadalin e Virgilio Padrone, ha decretato vincitrice Maylin Marangoni, davanti a Davide Beraldo e Giada Baratella.<\/p>\n<p> \tNella categoria 13-16 anni, invece, la vittoria \u00e8 andata ad Anna Capitanini, davanti a Elena Pacco e Lisa Razza.<\/p>\n<p> \tPer quanto concerne le giurie giornalistiche sono invece stati assegnati a Davide Beraldo e Anna Capitanini i premi <em>iMagazine<\/em>, a Mia Furl\u00e0n e Lisa Razza i premi <em>Messaggero Veneto<\/em>.<\/p>\n<p> \tIl pubblico in sala, invece, ha premiato con il voto via sms Gaia Pozzobon e Arjen Kopic.<\/p>\n<p> \tLa serata \u00e8 stata allietata dalle gag di <strong>Catine<\/strong> e <strong>Tiziano Cossettini<\/strong> e dalla musica dei <strong>PET &#038; SON<\/strong>.<\/p>\n","protected":false},"excerpt":{"rendered":"<p>Serata spettacolo al Pasolini<\/p>\n","protected":false},"author":12,"featured_media":41064,"comment_status":"closed","ping_status":"closed","sticky":false,"template":"","format":"standard","meta":{"dwc-title":[],"dwc-content":[],"footnotes":""},"categories":[37],"tags":[],"class_list":["post-41063","post","type-post","status-publish","format-standard","has-post-thumbnail","hentry","category-cultura-e-spettacolo"],"rttpg_featured_image_url":{"full":["https:\/\/imagazine.it\/wp-content\/uploads\/2024\/01\/45088-1.webp",2000,1500,false],"landscape":["https:\/\/imagazine.it\/wp-content\/uploads\/2024\/01\/45088-1.webp",2000,1500,false],"portraits":["https:\/\/imagazine.it\/wp-content\/uploads\/2024\/01\/45088-1.webp",2000,1500,false],"thumbnail":["https:\/\/imagazine.it\/wp-content\/uploads\/2024\/01\/45088-1-150x150.webp",150,150,true],"medium":["https:\/\/imagazine.it\/wp-content\/uploads\/2024\/01\/45088-1-300x225.webp",300,225,true],"large":["https:\/\/imagazine.it\/wp-content\/uploads\/2024\/01\/45088-1-1024x768.webp",640,480,true],"thumblist":["https:\/\/imagazine.it\/wp-content\/uploads\/2024\/01\/45088-1.webp",300,225,false],"thumbrelated":["https:\/\/imagazine.it\/wp-content\/uploads\/2024\/01\/45088-1.webp",500,375,false],"meccarouselthumb":["https:\/\/imagazine.it\/wp-content\/uploads\/2024\/01\/45088-1.webp",432,324,false],"gridsquare":["https:\/\/imagazine.it\/wp-content\/uploads\/2024\/01\/45088-1.webp",347,260,false],"tileview":["https:\/\/imagazine.it\/wp-content\/uploads\/2024\/01\/45088-1.webp",300,225,false],"1536x1536":["https:\/\/imagazine.it\/wp-content\/uploads\/2024\/01\/45088-1-1536x1152.webp",1536,1152,true],"2048x2048":["https:\/\/imagazine.it\/wp-content\/uploads\/2024\/01\/45088-1.webp",2000,1500,false],"newsup-slider-full":["https:\/\/imagazine.it\/wp-content\/uploads\/2024\/01\/45088-1-1280x720.webp",1280,720,true],"newsup-featured":["https:\/\/imagazine.it\/wp-content\/uploads\/2024\/01\/45088-1-1024x768.webp",1024,768,true],"newsup-medium":["https:\/\/imagazine.it\/wp-content\/uploads\/2024\/01\/45088-1-720x380.webp",720,380,true],"tptn_thumbnail":["https:\/\/imagazine.it\/wp-content\/uploads\/2024\/01\/45088-1.webp",250,188,false],"sow-carousel-default":["https:\/\/imagazine.it\/wp-content\/uploads\/2024\/01\/45088-1-272x182.webp",272,182,true]},"rttpg_author":{"display_name":"Claudio Pizzin","author_link":"https:\/\/imagazine.it\/home_desk\/author\/pizzin\/"},"rttpg_comment":0,"rttpg_category":"<a href=\"https:\/\/imagazine.it\/home_desk\/category\/cultura-e-spettacolo\/\" rel=\"category tag\">CULTURA&amp;SPETTACOLO<\/a>","rttpg_excerpt":"Serata spettacolo al Pasolini","_links":{"self":[{"href":"https:\/\/imagazine.it\/home_desk\/wp-json\/wp\/v2\/posts\/41063","targetHints":{"allow":["GET"]}}],"collection":[{"href":"https:\/\/imagazine.it\/home_desk\/wp-json\/wp\/v2\/posts"}],"about":[{"href":"https:\/\/imagazine.it\/home_desk\/wp-json\/wp\/v2\/types\/post"}],"author":[{"embeddable":true,"href":"https:\/\/imagazine.it\/home_desk\/wp-json\/wp\/v2\/users\/12"}],"replies":[{"embeddable":true,"href":"https:\/\/imagazine.it\/home_desk\/wp-json\/wp\/v2\/comments?post=41063"}],"version-history":[{"count":0,"href":"https:\/\/imagazine.it\/home_desk\/wp-json\/wp\/v2\/posts\/41063\/revisions"}],"wp:featuredmedia":[{"embeddable":true,"href":"https:\/\/imagazine.it\/home_desk\/wp-json\/wp\/v2\/media\/41064"}],"wp:attachment":[{"href":"https:\/\/imagazine.it\/home_desk\/wp-json\/wp\/v2\/media?parent=41063"}],"wp:term":[{"taxonomy":"category","embeddable":true,"href":"https:\/\/imagazine.it\/home_desk\/wp-json\/wp\/v2\/categories?post=41063"},{"taxonomy":"post_tag","embeddable":true,"href":"https:\/\/imagazine.it\/home_desk\/wp-json\/wp\/v2\/tags?post=41063"}],"curies":[{"name":"wp","href":"https:\/\/api.w.org\/{rel}","templated":true}]}}