{"id":41043,"date":"2021-12-06T00:00:00","date_gmt":"2021-12-05T23:00:00","guid":{"rendered":"https:\/\/imagazine.it\/?p=41043"},"modified":"2021-12-06T00:00:00","modified_gmt":"2021-12-05T23:00:00","slug":"successo-per-labbraccio-virtuale-di-telethon","status":"publish","type":"post","link":"https:\/\/imagazine.it\/home_desk\/successo-per-labbraccio-virtuale-di-telethon\/","title":{"rendered":"Successo per l&#8217;abbraccio virtuale di Telethon"},"content":{"rendered":"<p> \tAnche la <strong>Staffetta Telethon Udine 2021<\/strong> si \u00e8 conclusa. \u00c8 stata un&#39;edizione particolare, come il periodo che stiamo vivendo, ma il calore della solidariet\u00e0 anche quest&#39;anno si \u00e8 fatto sentire, dando vita a un grande abbraccio virtuale. La manifestazione non si \u00e8 potuta tenere in presenza nel cuore di Udine ma, per il <em>Comitato udinese Staffette Telethon<\/em>, la cosa pi\u00f9 importante era esserci, assieme ai tanti friulani (e non solo) che da 23 anni scendono in pista per il sostegno alla ricerca contro le malattie genetiche rare della <strong>Fondazione Telethon<\/strong>. Un aiuto ancora pi\u00f9 importante in questo momento, per poter continuare a dare una speranza a tante persone che spesso si trovano sole a lottare contro una grave patologia.<\/p>\n<p> \tNonostante la distanza, la 23esima edizione \u00e8 stata un successo, come confermano le tantissime foto postate sui social con il proprio pettorale. Alla fine, <strong>sono state 214 le squadre scese in campo dal 26 novembre al 5 dicembre<\/strong>, <strong>per un totale di quasi 6mila persone<\/strong>, calcolando anche i tantissimi corridori individuali che hanno continuato a iscriversi fino al termine della manifestazione e hanno indossato il loro pettorale anche a molti chilometri di distanza da Udine, da Londra fino a New York e Miami.<\/p>\n<p> \tI team, come sempre formati da 24 frazionisti, si sono organizzati, con i propri capi squadra, per allestire <strong>tante mini-staffette Telethon<\/strong>, ritrovandosi in campi sportivi, percorsi vita o piste di atletica. Diverse anche le Amministrazioni, le aziende e le associazioni che hanno dato vita ad appuntamenti \u2018<em>ad hoc<\/em>\u2019 sul territorio. Tra i tanti eventi, citiamo quelli organizzati da <strong><em>Quelli della Notte <\/em><\/strong>a Ragogna, da <strong><em>Keep<\/em><\/strong><em> <strong>Moving<\/strong><\/em> a Molin Nuovo, con l&#39;immancabile <strong>Silvia Furlani<\/strong>, a Campolongo Tapogliano da <strong><em>Asd Donatori Sangue Campolongo Tapogliano<\/em><\/strong>, <strong><em>Sweet Team Aniad Fvg<\/em><\/strong> e <strong><em>Piedini nella notte della Bassa Friulana<\/em><\/strong>, a Castions delle Mura dagli <strong><em>Amici di Federico <\/em><\/strong>e dalla <strong><em>Comunit\u00e0 Tal Grim di Ronchis <\/em><\/strong>della <strong><em>Cooperativa sociale Itaca<\/em><\/strong>; <strong><em>#Iocivado<\/em><\/strong> a Martignacco ha dato vita a una giornata all&#39;insegna dello sport e dell&#39;inclusione, la <strong>Carnia<\/strong> ha risposto come sempre presente con la manifestazione di sabato 4 a Villa Santina, il liceo <strong><em>Stellini<\/em><\/strong> ha animato con diverse squadre il Parco del Cormor, mentre <strong><em>La Bora<\/em><\/strong> ha organizzato diversi team a Trieste. Numerose anche le scuole che hanno aderito con i loro alunni, rendendo le ore di attivit\u00e0 fisica una vera lezione di sport e solidariet\u00e0.<\/p>\n<p> \tQuella di Udine, numeri alla mano, \u00e8 da tempo la manifestazione pi\u00f9 importante nel panorama della \u2018Maratona Telethon\u2019. Dal 2015, infatti, la manifestazione, grazie alla solidariet\u00e0 di tantissimi friulani, ha raccolto e devoluto interamente alla<strong> Fondazione Telethon 1.260.000 euro<\/strong>.<\/p>\n","protected":false},"excerpt":{"rendered":"<p>Conclusa l&#8217;edizione 2021<\/p>\n","protected":false},"author":22,"featured_media":41044,"comment_status":"closed","ping_status":"closed","sticky":false,"template":"","format":"standard","meta":{"dwc-title":[],"dwc-content":[],"footnotes":""},"categories":[38],"tags":[],"class_list":["post-41043","post","type-post","status-publish","format-standard","has-post-thumbnail","hentry","category-sport"],"rttpg_featured_image_url":{"full":["https:\/\/imagazine.it\/wp-content\/uploads\/2024\/01\/45047-1.webp",1000,665,false],"landscape":["https:\/\/imagazine.it\/wp-content\/uploads\/2024\/01\/45047-1.webp",1000,665,false],"portraits":["https:\/\/imagazine.it\/wp-content\/uploads\/2024\/01\/45047-1.webp",1000,665,false],"thumbnail":["https:\/\/imagazine.it\/wp-content\/uploads\/2024\/01\/45047-1-150x150.webp",150,150,true],"medium":["https:\/\/imagazine.it\/wp-content\/uploads\/2024\/01\/45047-1-300x200.webp",300,200,true],"large":["https:\/\/imagazine.it\/wp-content\/uploads\/2024\/01\/45047-1.webp",640,426,false],"thumblist":["https:\/\/imagazine.it\/wp-content\/uploads\/2024\/01\/45047-1.webp",300,200,false],"thumbrelated":["https:\/\/imagazine.it\/wp-content\/uploads\/2024\/01\/45047-1.webp",500,333,false],"meccarouselthumb":["https:\/\/imagazine.it\/wp-content\/uploads\/2024\/01\/45047-1.webp",474,315,false],"gridsquare":["https:\/\/imagazine.it\/wp-content\/uploads\/2024\/01\/45047-1.webp",391,260,false],"tileview":["https:\/\/imagazine.it\/wp-content\/uploads\/2024\/01\/45047-1.webp",300,200,false],"1536x1536":["https:\/\/imagazine.it\/wp-content\/uploads\/2024\/01\/45047-1.webp",1000,665,false],"2048x2048":["https:\/\/imagazine.it\/wp-content\/uploads\/2024\/01\/45047-1.webp",1000,665,false],"newsup-slider-full":["https:\/\/imagazine.it\/wp-content\/uploads\/2024\/01\/45047-1.webp",1000,665,false],"newsup-featured":["https:\/\/imagazine.it\/wp-content\/uploads\/2024\/01\/45047-1.webp",1000,665,false],"newsup-medium":["https:\/\/imagazine.it\/wp-content\/uploads\/2024\/01\/45047-1-720x380.webp",720,380,true],"tptn_thumbnail":["https:\/\/imagazine.it\/wp-content\/uploads\/2024\/01\/45047-1.webp",250,166,false],"sow-carousel-default":["https:\/\/imagazine.it\/wp-content\/uploads\/2024\/01\/45047-1-272x182.webp",272,182,true]},"rttpg_author":{"display_name":"Livio Nonis","author_link":"https:\/\/imagazine.it\/home_desk\/author\/nonis\/"},"rttpg_comment":0,"rttpg_category":"<a href=\"https:\/\/imagazine.it\/home_desk\/category\/sport\/\" rel=\"category tag\">SPORT<\/a>","rttpg_excerpt":"Conclusa l'edizione 2021","_links":{"self":[{"href":"https:\/\/imagazine.it\/home_desk\/wp-json\/wp\/v2\/posts\/41043","targetHints":{"allow":["GET"]}}],"collection":[{"href":"https:\/\/imagazine.it\/home_desk\/wp-json\/wp\/v2\/posts"}],"about":[{"href":"https:\/\/imagazine.it\/home_desk\/wp-json\/wp\/v2\/types\/post"}],"author":[{"embeddable":true,"href":"https:\/\/imagazine.it\/home_desk\/wp-json\/wp\/v2\/users\/22"}],"replies":[{"embeddable":true,"href":"https:\/\/imagazine.it\/home_desk\/wp-json\/wp\/v2\/comments?post=41043"}],"version-history":[{"count":0,"href":"https:\/\/imagazine.it\/home_desk\/wp-json\/wp\/v2\/posts\/41043\/revisions"}],"wp:featuredmedia":[{"embeddable":true,"href":"https:\/\/imagazine.it\/home_desk\/wp-json\/wp\/v2\/media\/41044"}],"wp:attachment":[{"href":"https:\/\/imagazine.it\/home_desk\/wp-json\/wp\/v2\/media?parent=41043"}],"wp:term":[{"taxonomy":"category","embeddable":true,"href":"https:\/\/imagazine.it\/home_desk\/wp-json\/wp\/v2\/categories?post=41043"},{"taxonomy":"post_tag","embeddable":true,"href":"https:\/\/imagazine.it\/home_desk\/wp-json\/wp\/v2\/tags?post=41043"}],"curies":[{"name":"wp","href":"https:\/\/api.w.org\/{rel}","templated":true}]}}