{"id":41029,"date":"2021-12-03T00:00:00","date_gmt":"2021-12-02T23:00:00","guid":{"rendered":"https:\/\/imagazine.it\/?p=41029"},"modified":"2021-12-03T00:00:00","modified_gmt":"2021-12-02T23:00:00","slug":"cervignano-un-albero-per-ogni-scuola","status":"publish","type":"post","link":"https:\/\/imagazine.it\/home_desk\/cervignano-un-albero-per-ogni-scuola\/","title":{"rendered":"Cervignano, un albero per ogni scuola"},"content":{"rendered":"<p> \tPuliamo il Mondo \u00e8 l&#39;edizione italiana di\u00a0<u><a href=\"http:\/\/www.cleanuptheworld.org\/en\/\" target=\"_blank\" rel=\"noopener\"><span style=\"color:#0000cd;\">Clean up the World<\/span><\/a><\/u>, il pi\u00f9 grande appuntamento di volontariato ambientale del mondo.<\/p>\n<p> \tPortata in Italia nel 1993\u00a0da Legambiente,\u00a0che ne ha assunto il ruolo di comitato organizzatore,\u00a0\u00e8 presente su tutto il territorio nazionale grazie al lavoro di oltre 1.000 gruppi di &#8220;volontari dell&#39;ambiente&#8221;, che organizzano l&#39;iniziativa a livello locale in collaborazione con associazioni, aziende, comitati e amministrazioni cittadine.<\/p>\n<p> \tUn appuntamento che a <strong>Cervignano del Friuli<\/strong> si \u00e8 rinnovato grazie all&#39;associazione culturale <strong>Corima<\/strong> che si \u00e8 fatta promotrice assieme all&#39;Amministrazione comunale di un&#39;azione concreta a favore dell&#39;ambiente.\u00a0<\/p>\n<p> \tDopo un&#39;edizione mancata nel 2020 causa restrizioni covid, le scuole sono tornate a essere protagoniste.<\/p>\n<p> \tProprio oggi, alla presenza della dirigente scolastica <strong>Luisa Zappa<\/strong>, della referente Legambiente Monfalcone <strong>Luisa Contin<\/strong>, dell&#39;assessore all&#39;ambiente <strong>Loris Petenel<\/strong>, dell&#39;assessora all&#39;istruzione <strong>Federica Maule<\/strong> e dell&#39;associazione Corima, \u00e8 stata piantata e affidata alle cure della classe 1A della scuola secondaria di primo grado &#8220;G. Randaccio&#8221; una speciale &#8220;roverella&#8221; piantumata nel giardino della dell\u2019istituto.\u00a0<\/p>\n<p> \tLa presentazione di un decalogo di istruzioni sull&#39;importanza degli alberi ha coinvolto ragazzi e ragazze della classe prescelta, svolgendo a tutti gli effetti una &#8220;lezione&#8221; ambientale.<\/p>\n<p> \tLa classe ha indossato pettorine gialle di Legambiente, i guanti e si \u00e8 occupata fisicamente di ogni fase di cura e messa a dimora della speciale roverella a cui sar\u00e0 dato anche un nome proprio.\u00a0<\/p>\n<p> \tUna casetta con cibo per gli uccellini ha fatto da corollario a questo gesto.<\/p>\n<p> \tAltre 8 piante saranno messe a dimora nei diversi plessi dell&#39;istituto comprensivo di Cervignano del Friuli dalle scuole dell&#39;infanzia alle scuole primarie.\u00a0<\/p>\n<p> \tUn dono a cui Corima teneva particolarmente come azione concreta a sostegno della campagna Puliamo il Mondo verso cui l\u2019associazione si \u00e8 spesa in modo attivo negli ultimi anni.\u00a0<\/p>\n<p> \tPuliamo il Mondo \u00e8 reso possibile dalla sinergia tra Amministrazione comunale e diverse altre associazioni tra le quali la squadra comunale di Protezione Civile, l&#39;Agesci (pulizia e cura del Parco Scout di via Baden Powell) il CUS Udine Canoa Polo (pulizia sponde Ausa), Legambiente, oltre alla stessa Corima.\u00a0<\/p>\n<p> \t&#8220;Riuscire a entrare nelle scuole e svolgere un&#39;importante azione di educazione civica \u2013 dichiara l\u2019assessore Federica Maule \u2013 \u00e8 sempre un onore e una grande piacere. Negli occhi dei ragazzi intervenuti oggi ho visto in modo evidente la gioia di partecipare in modo attivo e interessato a questo progetto. A loro ho detto che oggi hanno ricevuto una responsabilit\u00e0 importante essendo diventati i custodi di questo nuovo albero, ma al tempo stesso \u00e8 stata donata loro una grande opportunit\u00e0, quella di aver cura di qualcosa di realmente importante&#8221;.<\/p>\n","protected":false},"excerpt":{"rendered":"<p>Iniziativa nell&#8217;ambito di &#8220;Puliamo il mondo&#8221;<\/p>\n","protected":false},"author":28,"featured_media":41030,"comment_status":"closed","ping_status":"closed","sticky":false,"template":"","format":"standard","meta":{"dwc-title":[],"dwc-content":[],"footnotes":""},"categories":[5],"tags":[],"class_list":["post-41029","post","type-post","status-publish","format-standard","has-post-thumbnail","hentry","category-attualita"],"rttpg_featured_image_url":{"full":["https:\/\/imagazine.it\/wp-content\/uploads\/2024\/01\/45006-1.webp",800,600,false],"landscape":["https:\/\/imagazine.it\/wp-content\/uploads\/2024\/01\/45006-1.webp",800,600,false],"portraits":["https:\/\/imagazine.it\/wp-content\/uploads\/2024\/01\/45006-1.webp",800,600,false],"thumbnail":["https:\/\/imagazine.it\/wp-content\/uploads\/2024\/01\/45006-1-150x150.webp",150,150,true],"medium":["https:\/\/imagazine.it\/wp-content\/uploads\/2024\/01\/45006-1-300x225.webp",300,225,true],"large":["https:\/\/imagazine.it\/wp-content\/uploads\/2024\/01\/45006-1.webp",640,480,false],"thumblist":["https:\/\/imagazine.it\/wp-content\/uploads\/2024\/01\/45006-1.webp",300,225,false],"thumbrelated":["https:\/\/imagazine.it\/wp-content\/uploads\/2024\/01\/45006-1.webp",500,375,false],"meccarouselthumb":["https:\/\/imagazine.it\/wp-content\/uploads\/2024\/01\/45006-1.webp",432,324,false],"gridsquare":["https:\/\/imagazine.it\/wp-content\/uploads\/2024\/01\/45006-1.webp",347,260,false],"tileview":["https:\/\/imagazine.it\/wp-content\/uploads\/2024\/01\/45006-1.webp",300,225,false],"1536x1536":["https:\/\/imagazine.it\/wp-content\/uploads\/2024\/01\/45006-1.webp",800,600,false],"2048x2048":["https:\/\/imagazine.it\/wp-content\/uploads\/2024\/01\/45006-1.webp",800,600,false],"newsup-slider-full":["https:\/\/imagazine.it\/wp-content\/uploads\/2024\/01\/45006-1.webp",800,600,false],"newsup-featured":["https:\/\/imagazine.it\/wp-content\/uploads\/2024\/01\/45006-1.webp",800,600,false],"newsup-medium":["https:\/\/imagazine.it\/wp-content\/uploads\/2024\/01\/45006-1-720x380.webp",720,380,true],"tptn_thumbnail":["https:\/\/imagazine.it\/wp-content\/uploads\/2024\/01\/45006-1.webp",250,188,false],"sow-carousel-default":["https:\/\/imagazine.it\/wp-content\/uploads\/2024\/01\/45006-1-272x182.webp",272,182,true]},"rttpg_author":{"display_name":"redazione","author_link":"https:\/\/imagazine.it\/home_desk\/author\/redazione\/"},"rttpg_comment":0,"rttpg_category":"<a href=\"https:\/\/imagazine.it\/home_desk\/category\/attualita\/\" rel=\"category tag\">ATTUALIT\u00c0<\/a>","rttpg_excerpt":"Iniziativa nell'ambito di \"Puliamo il mondo\"","_links":{"self":[{"href":"https:\/\/imagazine.it\/home_desk\/wp-json\/wp\/v2\/posts\/41029","targetHints":{"allow":["GET"]}}],"collection":[{"href":"https:\/\/imagazine.it\/home_desk\/wp-json\/wp\/v2\/posts"}],"about":[{"href":"https:\/\/imagazine.it\/home_desk\/wp-json\/wp\/v2\/types\/post"}],"author":[{"embeddable":true,"href":"https:\/\/imagazine.it\/home_desk\/wp-json\/wp\/v2\/users\/28"}],"replies":[{"embeddable":true,"href":"https:\/\/imagazine.it\/home_desk\/wp-json\/wp\/v2\/comments?post=41029"}],"version-history":[{"count":0,"href":"https:\/\/imagazine.it\/home_desk\/wp-json\/wp\/v2\/posts\/41029\/revisions"}],"wp:featuredmedia":[{"embeddable":true,"href":"https:\/\/imagazine.it\/home_desk\/wp-json\/wp\/v2\/media\/41030"}],"wp:attachment":[{"href":"https:\/\/imagazine.it\/home_desk\/wp-json\/wp\/v2\/media?parent=41029"}],"wp:term":[{"taxonomy":"category","embeddable":true,"href":"https:\/\/imagazine.it\/home_desk\/wp-json\/wp\/v2\/categories?post=41029"},{"taxonomy":"post_tag","embeddable":true,"href":"https:\/\/imagazine.it\/home_desk\/wp-json\/wp\/v2\/tags?post=41029"}],"curies":[{"name":"wp","href":"https:\/\/api.w.org\/{rel}","templated":true}]}}