{"id":40976,"date":"2021-11-29T00:00:00","date_gmt":"2021-11-28T23:00:00","guid":{"rendered":"https:\/\/imagazine.it\/?p=40976"},"modified":"2021-11-29T00:00:00","modified_gmt":"2021-11-28T23:00:00","slug":"da-gorizia-e-nova-gorica-focus-sui-confini-nelle-citta-deuropa","status":"publish","type":"post","link":"https:\/\/imagazine.it\/home_desk\/da-gorizia-e-nova-gorica-focus-sui-confini-nelle-citta-deuropa\/","title":{"rendered":"Da Gorizia e Nova Gorica focus sui confini nelle citt\u00e0 d&#8217;Europa"},"content":{"rendered":"<p> \tL&#39;attraversamento dei confini in diverse citt\u00e0 europee come fenomeno fisico, mentale e sociale, in stretta connessione con la contemporaneit\u00e0 ma anche con i propri vissuti.<\/p>\n<p> \tQuesto il focus attorno al quale ruotano gli eventi proposti dal Kinoatelje tra il <strong>2 e il 15 dicembre<\/strong> a <strong>Gorizia <\/strong>e <strong>Nova Gorica<\/strong>. Il programma, incentrato su due mostre multimediali parallele e una tavola rotonda, verr\u00e0 presentato <strong>gioved\u00ec 2 dicembre<\/strong> alle <strong>10.30<\/strong> nella sede di <strong>Kinoatelje<\/strong> (Piazza Vittoria 41, Gorizia).<\/p>\n<p> \tNella stessa giornata si aprir\u00e0 la mostra <strong><em>By My Side\/ Ob meni\/ Accanto a me<\/em><\/strong> al <strong>Trgovski dom <\/strong>in Corso Verdi a Gorizia. L&#39;esposizione sar\u00e0 visitabile <strong>dal 3 al 15 dicembre<\/strong> anche alla <strong>Carinarnica<\/strong> di Nova Gorica, l&#39;ex casetta doganale sull&#39;ex confine di via San Gabriele, e sar\u00e0 disponibile online.<\/p>\n<p> \tAlla conferenza stampa parteciperanno <strong>Simon Brunel<\/strong>, autore della mostra e membro di <strong>Atelier Limo<\/strong>, i giovani co-creatori della ricerca multimediale alla base dell&#39;esposizione alla Carinarnica, la curatrice di quest&#39;ultima, <strong>Eva Kralji\u010d <\/strong>e la project manager <strong>Mateja Zorn<\/strong>.<\/p>\n<p> \tLa tavola rotonda del 2 dicembre alle 18.30 al <strong>T<\/strong>rgovski dom vedr\u00e0 protagonista Simon Brunel che insieme a Nicolas Pannetier forma il duo berlinese Atelier Limo. Durante il dibattito si rifletter\u00e0 sulle forme e i significati del confine in sei citt\u00e0: Belfast, Berlino, Mostar, Nicosia, Nova Gorica e Gorizia. Questi temi sono alla base di diversi lavori, ricerche e esposizioni realizzati negli ultimi anni da Atelier Limo.<\/p>\n<p> \tDurante l&#39;incontro verr\u00e0 inaugurata e presentata la mostra, anche nel suo formato web, alla presenza degli organizzatori e dei giovani artisti che hanno partecipato alla ricerca multimediale tra le due Gorizie, guidati da Eva Kralji\u010d, dal giornalista <strong>Ines Lakovi<\/strong> e dal regista <strong>Urban Ko\u0161ir<\/strong>. <strong>Marco Trost<\/strong> si \u00e8 soffermato sul periodo Covid, quando il confine tra le due citt\u00e0 paralizzava i contatti e la quotidianit\u00e0 dei suoi abitanti. <strong>Sa\u0161a Mrak<\/strong> con una telecamera a 360 gradi ha esplorato i confini naturali e spontanei che si sono formati tra i due Paesi. Gli architetti <strong>Valentina Stincone<\/strong> e <strong>Nika Vidovi\u010d<\/strong> hanno affrontato la frontiera con una rappresentazione grafica dei suoi mutamenti nel tempo e uno studio fotografico sugli ostacoli e le strutture fisiche che hanno incontrato sul confine.<\/p>\n<p> \tIl giorno successivo, alla Carinarnica alle 18.30, oltre alla mostra multimediale <em>By my side<\/em> verr\u00e0 proposto il lavoro di <strong>Jakob Koncut<\/strong>, il quale, a partire da una serie di ritratti fotografici degli abitanti e dei visitatori delle due Gorizie, ha composto un ritratto di gruppo con l&#39;aiuto dell&#39;intelligenza artificiale.<\/p>\n<p> \tIl progetto fa parte del festival transfrontaliero <strong>Omaggio a una visione<\/strong> e del programma per la <strong>Capitale Europea della Cultura 2025<\/strong>.<\/p>\n","protected":false},"excerpt":{"rendered":"<p>Riflessioni dal 2 al 15 dicembre<\/p>\n","protected":false},"author":28,"featured_media":40977,"comment_status":"closed","ping_status":"closed","sticky":false,"template":"","format":"standard","meta":{"dwc-title":[],"dwc-content":[],"footnotes":""},"categories":[37],"tags":[],"class_list":["post-40976","post","type-post","status-publish","format-standard","has-post-thumbnail","hentry","category-cultura-e-spettacolo"],"rttpg_featured_image_url":{"full":["https:\/\/imagazine.it\/wp-content\/uploads\/2024\/01\/44874-1.webp",1000,475,false],"landscape":["https:\/\/imagazine.it\/wp-content\/uploads\/2024\/01\/44874-1.webp",1000,475,false],"portraits":["https:\/\/imagazine.it\/wp-content\/uploads\/2024\/01\/44874-1.webp",1000,475,false],"thumbnail":["https:\/\/imagazine.it\/wp-content\/uploads\/2024\/01\/44874-1-150x150.webp",150,150,true],"medium":["https:\/\/imagazine.it\/wp-content\/uploads\/2024\/01\/44874-1-300x143.webp",300,143,true],"large":["https:\/\/imagazine.it\/wp-content\/uploads\/2024\/01\/44874-1.webp",640,304,false],"thumblist":["https:\/\/imagazine.it\/wp-content\/uploads\/2024\/01\/44874-1.webp",300,143,false],"thumbrelated":["https:\/\/imagazine.it\/wp-content\/uploads\/2024\/01\/44874-1.webp",500,238,false],"meccarouselthumb":["https:\/\/imagazine.it\/wp-content\/uploads\/2024\/01\/44874-1.webp",474,225,false],"gridsquare":["https:\/\/imagazine.it\/wp-content\/uploads\/2024\/01\/44874-1.webp",391,186,false],"tileview":["https:\/\/imagazine.it\/wp-content\/uploads\/2024\/01\/44874-1.webp",300,143,false],"1536x1536":["https:\/\/imagazine.it\/wp-content\/uploads\/2024\/01\/44874-1.webp",1000,475,false],"2048x2048":["https:\/\/imagazine.it\/wp-content\/uploads\/2024\/01\/44874-1.webp",1000,475,false],"newsup-slider-full":["https:\/\/imagazine.it\/wp-content\/uploads\/2024\/01\/44874-1.webp",1000,475,false],"newsup-featured":["https:\/\/imagazine.it\/wp-content\/uploads\/2024\/01\/44874-1.webp",1000,475,false],"newsup-medium":["https:\/\/imagazine.it\/wp-content\/uploads\/2024\/01\/44874-1-720x380.webp",720,380,true],"tptn_thumbnail":["https:\/\/imagazine.it\/wp-content\/uploads\/2024\/01\/44874-1.webp",250,119,false],"sow-carousel-default":["https:\/\/imagazine.it\/wp-content\/uploads\/2024\/01\/44874-1-272x182.webp",272,182,true]},"rttpg_author":{"display_name":"redazione","author_link":"https:\/\/imagazine.it\/home_desk\/author\/redazione\/"},"rttpg_comment":0,"rttpg_category":"<a href=\"https:\/\/imagazine.it\/home_desk\/category\/cultura-e-spettacolo\/\" rel=\"category tag\">CULTURA&amp;SPETTACOLO<\/a>","rttpg_excerpt":"Riflessioni dal 2 al 15 dicembre","_links":{"self":[{"href":"https:\/\/imagazine.it\/home_desk\/wp-json\/wp\/v2\/posts\/40976","targetHints":{"allow":["GET"]}}],"collection":[{"href":"https:\/\/imagazine.it\/home_desk\/wp-json\/wp\/v2\/posts"}],"about":[{"href":"https:\/\/imagazine.it\/home_desk\/wp-json\/wp\/v2\/types\/post"}],"author":[{"embeddable":true,"href":"https:\/\/imagazine.it\/home_desk\/wp-json\/wp\/v2\/users\/28"}],"replies":[{"embeddable":true,"href":"https:\/\/imagazine.it\/home_desk\/wp-json\/wp\/v2\/comments?post=40976"}],"version-history":[{"count":0,"href":"https:\/\/imagazine.it\/home_desk\/wp-json\/wp\/v2\/posts\/40976\/revisions"}],"wp:featuredmedia":[{"embeddable":true,"href":"https:\/\/imagazine.it\/home_desk\/wp-json\/wp\/v2\/media\/40977"}],"wp:attachment":[{"href":"https:\/\/imagazine.it\/home_desk\/wp-json\/wp\/v2\/media?parent=40976"}],"wp:term":[{"taxonomy":"category","embeddable":true,"href":"https:\/\/imagazine.it\/home_desk\/wp-json\/wp\/v2\/categories?post=40976"},{"taxonomy":"post_tag","embeddable":true,"href":"https:\/\/imagazine.it\/home_desk\/wp-json\/wp\/v2\/tags?post=40976"}],"curies":[{"name":"wp","href":"https:\/\/api.w.org\/{rel}","templated":true}]}}