{"id":40962,"date":"2021-11-29T00:00:00","date_gmt":"2021-11-28T23:00:00","guid":{"rendered":"https:\/\/imagazine.it\/?p=40962"},"modified":"2021-11-29T00:00:00","modified_gmt":"2021-11-28T23:00:00","slug":"cervignano-giornate-aperte-alla-scuola-dellinfanzia","status":"publish","type":"post","link":"https:\/\/imagazine.it\/home_desk\/cervignano-giornate-aperte-alla-scuola-dellinfanzia\/","title":{"rendered":"Cervignano, &#8220;giornate aperte&#8221; alla scuola dell&#8217;infanzia"},"content":{"rendered":"<p> \tA partire dal prossimo 10 gennaio, saranno aperte le iscrizioni per la <strong>scuola paritaria per l\u2019infanzia \u201cMaria Immacolata\u201d di Cervignano del Friuli<\/strong>, con sede in via Brumatti 27.<\/p>\n<p> \tGi\u00e0 nel mese di dicembre, inoltre, sono previste alcune giornate \u201caperte\u201d per consentire ai genitori di prendere contatto con la realt\u00e0 scolastica e conoscere l\u2019offerta formativa della scuola, previo appuntamento con la coordinatrice, la <strong>maestra Rosi Venneri<\/strong>, telefonando allo 0431 31555 oppure scrivendo una mail a <a href=\"mailto:parrocch494@mater5.191.it\">parrocch494@mater5.191.it<\/a>.<\/p>\n<p> \tQuest\u2019anno a frequentare la scuola ci sono 110 tra bambini e bambine, suddivisi nelle sezioni \u201cPrimavera\u201d (operativa dal 1980 anche se ufficialmente riconosciuta dal 2007, che accoglie bambini e bambine dai 2 anni di et\u00e0), Piccoli, Medi e Grandi.<\/p>\n<p> \t\u201cQuesta scuola \u2013 sottolinea la coordinatrice \u2013 riconosce, alla base dell\u2019educazione, il rispetto del bambino nella crescita, nella ricerca, nei suoi bisogni, in sintonia con l\u2019opera della famiglia e dell&#39;ambiente socio culturale. Crede e pratica un\u2019educazione al singolo individuo. I bambini sono divisi in sezioni omogenee e sono seguiti da insegnanti qualificate con continuit\u00e0 nei tre anni di scuola per l&#39;infanzia\u201d.<\/p>\n<p> \t<strong>Come si svolge una giornata tipo?<\/strong><\/p>\n<p> \t\u201cL\u2019accoglienza degli allievi \u00e8 dalle 7.30 alle 9; successivamente c\u2019\u00e8 la merenda e di seguito le attivit\u00e0 didattiche. Prima del pranzo c\u2019\u00e8 il gioco, progressivamente vanno a pranzo i bambini della Primavera e i Piccoli (per loro seguir\u00e0 la pennichella), i bambini delle sezioni Medi e Grandi dopo il pranzo svolgono invece altre attivit\u00e0 ludiche e didattiche, fino all\u2019uscita della scuola che avviene fino alle ore 16\u201d.<\/p>\n<p> \t<strong>Un punto importante del vostro istituto \u00e8 il servizio mensa, com\u2019\u00e8 gestito?<\/strong><\/p>\n<p> \t\u201cIl servizio mensa viene gestito direttamente all\u2019interno della scuola da una cuoca che prepara giornalmente pasti caldi secondo le disposizioni date dalla dietista e dall\u2019Azienda sanitaria. Offriamo ai bambini una buona qualit\u00e0 alimentare, per educarli a una corretta alimentazione\u201d.<\/p>\n<p> \t<strong>L\u2019offerta formativa resta il punto focale nella preparazione degli alunni. <\/strong><\/p>\n<p> \t\u201cIl nostro intento \u00e8 di coadiuvare l\u2019ingresso nella scuola primaria con l\u2019approccio alla lingua inglese grazie a insegnanti di madrelingua, promuoviamo l\u2019educazione motoria con un insegnante esperto in discipline motorie, cos\u00ec come abbiamo attivato un progetto di musica con insegnate qualificato. Inoltre nel nostro programma ci sono laboratori creativi, visite guidate in fattorie, giardini botanici, parchi, nonch\u00e9 spettacoli teatrali organizzati presso la scuola\u201d.\u00a0<\/p>\n<p> \t<strong>Con tutte queste attivit\u00e0 trovate il tempo per momenti di festa e aggregazione?<\/strong><\/p>\n<p> \t\u201cAssolutamente. Abbiamo numerose iniziative con le famiglie: durante il periodo natalizio realizziamo a scuola il presepe e organizziamo la recita in sala Aurora, con lo scambio degli auguri; con la bella stagione organizziamo la festa di Primavera, con una bella biciclettata e il picnic; senza scordare lo spettacolo di fine anno con la pastasciutta finale (ne prepariamo oltre 600 porzioni)\u201d.<\/p>\n<p> \t<strong>Quali sono i rapporti tra la scuola e la famiglia?<\/strong><\/p>\n<p> \t\u201cLa scuola riconosce che il primo ambiente educativo dei bambini \u00e8 la famiglia. Per questo si propone di instaurare un rapporto reciproco su collaborazione, stima, fiducia e dialogo, tenendo presente i ruoli distinti che entrambe hanno, con l\u2019obiettivo di portare i bambini a una crescita armoniosa nel rispetto delle loro et\u00e0\u201d.\u00a0\u00a0\u00a0\u00a0\u00a0\u00a0\u00a0<\/p>\n","protected":false},"excerpt":{"rendered":"<p>In attesa delle iscrizioni a gennaio<\/p>\n","protected":false},"author":22,"featured_media":40963,"comment_status":"closed","ping_status":"closed","sticky":false,"template":"","format":"standard","meta":{"dwc-title":[],"dwc-content":[],"footnotes":""},"categories":[5],"tags":[],"class_list":["post-40962","post","type-post","status-publish","format-standard","has-post-thumbnail","hentry","category-attualita"],"rttpg_featured_image_url":{"full":["https:\/\/imagazine.it\/wp-content\/uploads\/2024\/01\/44822-1.webp",1000,750,false],"landscape":["https:\/\/imagazine.it\/wp-content\/uploads\/2024\/01\/44822-1.webp",1000,750,false],"portraits":["https:\/\/imagazine.it\/wp-content\/uploads\/2024\/01\/44822-1.webp",1000,750,false],"thumbnail":["https:\/\/imagazine.it\/wp-content\/uploads\/2024\/01\/44822-1-150x150.webp",150,150,true],"medium":["https:\/\/imagazine.it\/wp-content\/uploads\/2024\/01\/44822-1-300x225.webp",300,225,true],"large":["https:\/\/imagazine.it\/wp-content\/uploads\/2024\/01\/44822-1.webp",640,480,false],"thumblist":["https:\/\/imagazine.it\/wp-content\/uploads\/2024\/01\/44822-1.webp",300,225,false],"thumbrelated":["https:\/\/imagazine.it\/wp-content\/uploads\/2024\/01\/44822-1.webp",500,375,false],"meccarouselthumb":["https:\/\/imagazine.it\/wp-content\/uploads\/2024\/01\/44822-1.webp",432,324,false],"gridsquare":["https:\/\/imagazine.it\/wp-content\/uploads\/2024\/01\/44822-1.webp",347,260,false],"tileview":["https:\/\/imagazine.it\/wp-content\/uploads\/2024\/01\/44822-1.webp",300,225,false],"1536x1536":["https:\/\/imagazine.it\/wp-content\/uploads\/2024\/01\/44822-1.webp",1000,750,false],"2048x2048":["https:\/\/imagazine.it\/wp-content\/uploads\/2024\/01\/44822-1.webp",1000,750,false],"newsup-slider-full":["https:\/\/imagazine.it\/wp-content\/uploads\/2024\/01\/44822-1-1000x720.webp",1000,720,true],"newsup-featured":["https:\/\/imagazine.it\/wp-content\/uploads\/2024\/01\/44822-1.webp",1000,750,false],"newsup-medium":["https:\/\/imagazine.it\/wp-content\/uploads\/2024\/01\/44822-1-720x380.webp",720,380,true],"tptn_thumbnail":["https:\/\/imagazine.it\/wp-content\/uploads\/2024\/01\/44822-1.webp",250,188,false],"sow-carousel-default":["https:\/\/imagazine.it\/wp-content\/uploads\/2024\/01\/44822-1-272x182.webp",272,182,true]},"rttpg_author":{"display_name":"Livio Nonis","author_link":"https:\/\/imagazine.it\/home_desk\/author\/nonis\/"},"rttpg_comment":0,"rttpg_category":"<a href=\"https:\/\/imagazine.it\/home_desk\/category\/attualita\/\" rel=\"category tag\">ATTUALIT\u00c0<\/a>","rttpg_excerpt":"In attesa delle iscrizioni a gennaio","_links":{"self":[{"href":"https:\/\/imagazine.it\/home_desk\/wp-json\/wp\/v2\/posts\/40962","targetHints":{"allow":["GET"]}}],"collection":[{"href":"https:\/\/imagazine.it\/home_desk\/wp-json\/wp\/v2\/posts"}],"about":[{"href":"https:\/\/imagazine.it\/home_desk\/wp-json\/wp\/v2\/types\/post"}],"author":[{"embeddable":true,"href":"https:\/\/imagazine.it\/home_desk\/wp-json\/wp\/v2\/users\/22"}],"replies":[{"embeddable":true,"href":"https:\/\/imagazine.it\/home_desk\/wp-json\/wp\/v2\/comments?post=40962"}],"version-history":[{"count":0,"href":"https:\/\/imagazine.it\/home_desk\/wp-json\/wp\/v2\/posts\/40962\/revisions"}],"wp:featuredmedia":[{"embeddable":true,"href":"https:\/\/imagazine.it\/home_desk\/wp-json\/wp\/v2\/media\/40963"}],"wp:attachment":[{"href":"https:\/\/imagazine.it\/home_desk\/wp-json\/wp\/v2\/media?parent=40962"}],"wp:term":[{"taxonomy":"category","embeddable":true,"href":"https:\/\/imagazine.it\/home_desk\/wp-json\/wp\/v2\/categories?post=40962"},{"taxonomy":"post_tag","embeddable":true,"href":"https:\/\/imagazine.it\/home_desk\/wp-json\/wp\/v2\/tags?post=40962"}],"curies":[{"name":"wp","href":"https:\/\/api.w.org\/{rel}","templated":true}]}}