{"id":40950,"date":"2021-11-26T00:00:00","date_gmt":"2021-11-25T23:00:00","guid":{"rendered":"https:\/\/imagazine.it\/?p=40950"},"modified":"2021-11-26T00:00:00","modified_gmt":"2021-11-25T23:00:00","slug":"ruda-via-libera-alla-nuova-scuola-primaria","status":"publish","type":"post","link":"https:\/\/imagazine.it\/home_desk\/ruda-via-libera-alla-nuova-scuola-primaria\/","title":{"rendered":"Ruda, via libera alla nuova scuola primaria"},"content":{"rendered":"<p> \tSi concretizza il progetto di realizzazione del <strong>nuovo plesso scolastico nell&#39;area delle ex caserme di Perteole di Ruda<\/strong>.<\/p>\n<p> \tLa domanda di finanziamento del Comune di Ruda, in un primo momento valutata positivamente dalla Regione ma non riscontrata dall&#39;INAIL, \u00e8 stata rivalutata nella nuova presentazione di domanda che ha permesso di rivedere il valore dell\u2019opera fino all\u2019attuale <strong>preventivo di 3,8 milioni di euro.<\/strong><\/p>\n<p> \tOra l\u2019INAIL, impegnata in investimenti per la realizzazione di nuovi edifici scolastici, <strong>potr\u00e0 procedere con il finanziamento dell\u2019opera<\/strong>.<\/p>\n<p> \t\u201cL&#39;area verr\u00e0 ripensata nel suo complesso. Questo intervento permetter\u00e0 di riqualificare la zona delle ex caserme e <strong>creare una fruibilit\u00e0 scolastica pi\u00f9 baricentrica<\/strong>. Al Comune il compito di demolire le vecchie palazzine non pi\u00f9 necessarie. Toccher\u00e0 sempre a noi, con il supporto della Regione, procedere con tutti i livelli di <strong>progettazione per poi consegnare all\u2019INAIL tutto il necessario per iniziare i lavori<\/strong>\u201d, commenta il sindaco di Ruda <strong>Franco Lenarduzzi<\/strong>.<\/p>\n<p> \tIl nuovo plesso scolastico, che verr\u00e0 realizzato nel parco dove \u00e8 gi\u00e0 presente la sede comunale della Protezione Civile, permetter\u00e0 di <strong>accogliere tutti i bambini e ragazzi che frequentano la scuola primaria a Ruda<\/strong>. Il tutto in un ambiente attrezzato, con didattiche di tipo avanzato e innovativo, nel rispetto delle pi\u00f9 stringenti <strong>norme di sicurezza, antisismiche e sostenibilit\u00e0 ambientale<\/strong>.<\/p>\n<p> \t\u201c\u00c8 stato un inter molto complesso. In un primo momento \u2013 conclude Lenarduzzi \u2013 la Regione non aveva considerato alcuni aspetti sostanziali dell\u2019opera, cos\u00ec l&#39;INAIL non ebbe la possibilit\u00e0 di procedere da subito con il finanziamento. Abbiamo dovuto rifare le pratiche,\u00a0<strong>ridefinendo e ripresentato la domanda, fino all\u2019odierno accoglimento<\/strong>.\u00a0Le risorse INAIL ancora disponibili potranno essere cos\u00ec indirizzate verso questa realizzazione, fondamentale per tutto il nostro territorio\u201d.<\/p>\n","protected":false},"excerpt":{"rendered":"<p>Ottenuto il finanziamento INAIL<\/p>\n","protected":false},"author":22,"featured_media":40951,"comment_status":"closed","ping_status":"closed","sticky":false,"template":"","format":"standard","meta":{"dwc-title":[],"dwc-content":[],"footnotes":""},"categories":[5],"tags":[],"class_list":["post-40950","post","type-post","status-publish","format-standard","has-post-thumbnail","hentry","category-attualita"],"rttpg_featured_image_url":{"full":["https:\/\/imagazine.it\/wp-content\/uploads\/2024\/01\/44804-1.webp",1080,1920,false],"landscape":["https:\/\/imagazine.it\/wp-content\/uploads\/2024\/01\/44804-1.webp",1080,1920,false],"portraits":["https:\/\/imagazine.it\/wp-content\/uploads\/2024\/01\/44804-1.webp",1080,1920,false],"thumbnail":["https:\/\/imagazine.it\/wp-content\/uploads\/2024\/01\/44804-1-150x150.webp",150,150,true],"medium":["https:\/\/imagazine.it\/wp-content\/uploads\/2024\/01\/44804-1-169x300.webp",169,300,true],"large":["https:\/\/imagazine.it\/wp-content\/uploads\/2024\/01\/44804-1-576x1024.webp",576,1024,true],"thumblist":["https:\/\/imagazine.it\/wp-content\/uploads\/2024\/01\/44804-1.webp",169,300,false],"thumbrelated":["https:\/\/imagazine.it\/wp-content\/uploads\/2024\/01\/44804-1.webp",281,500,false],"meccarouselthumb":["https:\/\/imagazine.it\/wp-content\/uploads\/2024\/01\/44804-1.webp",182,324,false],"gridsquare":["https:\/\/imagazine.it\/wp-content\/uploads\/2024\/01\/44804-1.webp",146,260,false],"tileview":["https:\/\/imagazine.it\/wp-content\/uploads\/2024\/01\/44804-1.webp",225,400,false],"1536x1536":["https:\/\/imagazine.it\/wp-content\/uploads\/2024\/01\/44804-1-864x1536.webp",864,1536,true],"2048x2048":["https:\/\/imagazine.it\/wp-content\/uploads\/2024\/01\/44804-1.webp",1080,1920,false],"newsup-slider-full":["https:\/\/imagazine.it\/wp-content\/uploads\/2024\/01\/44804-1-1080x720.webp",1080,720,true],"newsup-featured":["https:\/\/imagazine.it\/wp-content\/uploads\/2024\/01\/44804-1-1024x1820.webp",1024,1820,true],"newsup-medium":["https:\/\/imagazine.it\/wp-content\/uploads\/2024\/01\/44804-1-720x380.webp",720,380,true],"tptn_thumbnail":["https:\/\/imagazine.it\/wp-content\/uploads\/2024\/01\/44804-1.webp",118,210,false],"sow-carousel-default":["https:\/\/imagazine.it\/wp-content\/uploads\/2024\/01\/44804-1-272x182.webp",272,182,true]},"rttpg_author":{"display_name":"Livio Nonis","author_link":"https:\/\/imagazine.it\/home_desk\/author\/nonis\/"},"rttpg_comment":0,"rttpg_category":"<a href=\"https:\/\/imagazine.it\/home_desk\/category\/attualita\/\" rel=\"category tag\">ATTUALIT\u00c0<\/a>","rttpg_excerpt":"Ottenuto il finanziamento INAIL","_links":{"self":[{"href":"https:\/\/imagazine.it\/home_desk\/wp-json\/wp\/v2\/posts\/40950","targetHints":{"allow":["GET"]}}],"collection":[{"href":"https:\/\/imagazine.it\/home_desk\/wp-json\/wp\/v2\/posts"}],"about":[{"href":"https:\/\/imagazine.it\/home_desk\/wp-json\/wp\/v2\/types\/post"}],"author":[{"embeddable":true,"href":"https:\/\/imagazine.it\/home_desk\/wp-json\/wp\/v2\/users\/22"}],"replies":[{"embeddable":true,"href":"https:\/\/imagazine.it\/home_desk\/wp-json\/wp\/v2\/comments?post=40950"}],"version-history":[{"count":0,"href":"https:\/\/imagazine.it\/home_desk\/wp-json\/wp\/v2\/posts\/40950\/revisions"}],"wp:featuredmedia":[{"embeddable":true,"href":"https:\/\/imagazine.it\/home_desk\/wp-json\/wp\/v2\/media\/40951"}],"wp:attachment":[{"href":"https:\/\/imagazine.it\/home_desk\/wp-json\/wp\/v2\/media?parent=40950"}],"wp:term":[{"taxonomy":"category","embeddable":true,"href":"https:\/\/imagazine.it\/home_desk\/wp-json\/wp\/v2\/categories?post=40950"},{"taxonomy":"post_tag","embeddable":true,"href":"https:\/\/imagazine.it\/home_desk\/wp-json\/wp\/v2\/tags?post=40950"}],"curies":[{"name":"wp","href":"https:\/\/api.w.org\/{rel}","templated":true}]}}