{"id":40946,"date":"2021-11-25T00:00:00","date_gmt":"2021-11-24T23:00:00","guid":{"rendered":"https:\/\/imagazine.it\/?p=40946"},"modified":"2021-11-25T00:00:00","modified_gmt":"2021-11-24T23:00:00","slug":"formazione-digitale-a-gorizia-corsi-gratuiti-per-le-donne","status":"publish","type":"post","link":"https:\/\/imagazine.it\/home_desk\/formazione-digitale-a-gorizia-corsi-gratuiti-per-le-donne\/","title":{"rendered":"Formazione digitale, a Gorizia corsi gratuiti per le donne"},"content":{"rendered":"<p> \tIl sindaco di <strong>Gorizia<\/strong>, <strong>Rodolfo Ziberna<\/strong>, annuncia l\u2019attivazione di <strong>7 corsi gratuiti<\/strong>, di 12 ore ciascuno, volti a supportare principalmente le donne che desiderano migliorare le proprie conoscenze informatiche, anche per poter dare un supporto ai figli nelle attivit\u00e0 didattiche online, nonch\u00e9 incrementare le loro competenze minime per l&#39;accesso alle maggiori piattaforme istituzionali e per l&#39;utilizzo di tutti gli strumenti digitali.<\/p>\n<p> \t\u201cLe donne \u2013 dichiara il primo cittadino \u2013 si aiutano anche facendo crescere la loro formazione e le loro competenze e il progetto che ci \u00e8 stato finanziato dalla Regione FVG va in questa direzione\u201d.<\/p>\n<p> \tI percorsi sono dedicati alle donne residenti in citt\u00e0, che desiderano migliorare le proprie conoscenze informatiche e muoversi in autonomia nel contesto digitale.<\/p>\n<p> \tQuesti i titoli dei corsi:\u00a0 <em>Alfabetizzazione digitale<\/em>, per migliorare le competenze informatiche di base ed acquisire consapevolezza e sicurezza nella gestione delle informazioni digitali; <em>Identificazione e accesso ai servizi online e sicurezza in rete<\/em>, per migliorare l\u2019accesso ai servizi pubblici online e incentivare l\u2019utilizzo delle risorse digitali in sicurezza; <em>Quello che il web sa di noi<\/em>, per rafforzare la capacit\u00e0 di utilizzare in maniera pi\u00f9 consapevole e sicura le nuove modalit\u00e0 di comunicazione online; <em>Dad facile in famiglia<\/em>, per sviluppare e potenziare la capacit\u00e0 di utilizzo delle tecnologie digitali a fini didattici e comunicativi, cos\u00ec da poter supportare, se necessario, chi sta seguendo un percorso di istruzione o formazione a distanza; <em>Personal branding<\/em>, per integrare nel contesto personale e professionale le nuove modalit\u00e0 di interazione digitale e comunicare al meglio il proprio valore e promuovere s\u00e9 stessi con successo; <em>Benessere economico con il digitale<\/em>, per rendere autonome le partecipanti nell\u2019utilizzo degli strumenti digitali per la gestione delle finanze familiari per una maggiore indipendenza; <em>Cellulare amico \u2013 base<\/em>, per imparare in modo semplice ed efficace come utilizzare il proprio smartphone; <em>cellulare amico \u2013 approfondimento<\/em>, per migliorare le competenze nell\u2019uso sempre pi\u00f9 efficace del proprio smartphone.<\/p>\n<p> \t\u201cLe attivit\u00e0, che assumeranno carattere laboratoriale, avranno una durata di 12 ore ciascuna, suddivisa, indicativamente, in 4 incontri da 3 ore con orario mattutino o pomeridiano \u2013 spiega l\u2019assessore alle pari opportunit\u00e0, <strong>Marilena Bernobich<\/strong> \u2013, e sono riservate alle donne residenti a Gorizia. Come Comune abbiamo cercato e stiamo cercando di attivare tutte le iniziative possibili a sostegno delle donne, che non devono in alcun modo e in alcun luogo sentirsi inadeguate. Certo, non saranno questi corsi a risolvere il problema ma ogni iniziativa che aiuta a far incontrare le donne e ad aumentare la consapevolezza della loro forza rappresenta un piccolo mattoncino verso quel futuro in cui non ci sar\u00e0 pi\u00f9 bisogno di progetti a sostegno dell\u2019altra met\u00e0 del cielo\u201d.<\/p>\n","protected":false},"excerpt":{"rendered":"<p>Organizzati dal Comune<\/p>\n","protected":false},"author":28,"featured_media":40947,"comment_status":"closed","ping_status":"closed","sticky":false,"template":"","format":"standard","meta":{"dwc-title":[],"dwc-content":[],"footnotes":""},"categories":[6],"tags":[],"class_list":["post-40946","post","type-post","status-publish","format-standard","has-post-thumbnail","hentry","category-societa"],"rttpg_featured_image_url":{"full":["https:\/\/imagazine.it\/wp-content\/uploads\/2024\/01\/44794-1.webp",1000,615,false],"landscape":["https:\/\/imagazine.it\/wp-content\/uploads\/2024\/01\/44794-1.webp",1000,615,false],"portraits":["https:\/\/imagazine.it\/wp-content\/uploads\/2024\/01\/44794-1.webp",1000,615,false],"thumbnail":["https:\/\/imagazine.it\/wp-content\/uploads\/2024\/01\/44794-1-150x150.webp",150,150,true],"medium":["https:\/\/imagazine.it\/wp-content\/uploads\/2024\/01\/44794-1-300x185.webp",300,185,true],"large":["https:\/\/imagazine.it\/wp-content\/uploads\/2024\/01\/44794-1.webp",640,394,false],"thumblist":["https:\/\/imagazine.it\/wp-content\/uploads\/2024\/01\/44794-1.webp",300,185,false],"thumbrelated":["https:\/\/imagazine.it\/wp-content\/uploads\/2024\/01\/44794-1.webp",500,308,false],"meccarouselthumb":["https:\/\/imagazine.it\/wp-content\/uploads\/2024\/01\/44794-1.webp",474,292,false],"gridsquare":["https:\/\/imagazine.it\/wp-content\/uploads\/2024\/01\/44794-1.webp",391,240,false],"tileview":["https:\/\/imagazine.it\/wp-content\/uploads\/2024\/01\/44794-1.webp",300,185,false],"1536x1536":["https:\/\/imagazine.it\/wp-content\/uploads\/2024\/01\/44794-1.webp",1000,615,false],"2048x2048":["https:\/\/imagazine.it\/wp-content\/uploads\/2024\/01\/44794-1.webp",1000,615,false],"newsup-slider-full":["https:\/\/imagazine.it\/wp-content\/uploads\/2024\/01\/44794-1.webp",1000,615,false],"newsup-featured":["https:\/\/imagazine.it\/wp-content\/uploads\/2024\/01\/44794-1.webp",1000,615,false],"newsup-medium":["https:\/\/imagazine.it\/wp-content\/uploads\/2024\/01\/44794-1-720x380.webp",720,380,true],"tptn_thumbnail":["https:\/\/imagazine.it\/wp-content\/uploads\/2024\/01\/44794-1.webp",250,154,false],"sow-carousel-default":["https:\/\/imagazine.it\/wp-content\/uploads\/2024\/01\/44794-1-272x182.webp",272,182,true]},"rttpg_author":{"display_name":"redazione","author_link":"https:\/\/imagazine.it\/home_desk\/author\/redazione\/"},"rttpg_comment":0,"rttpg_category":"<a href=\"https:\/\/imagazine.it\/home_desk\/category\/societa\/\" rel=\"category tag\">SOCIET\u00c0<\/a>","rttpg_excerpt":"Organizzati dal Comune","_links":{"self":[{"href":"https:\/\/imagazine.it\/home_desk\/wp-json\/wp\/v2\/posts\/40946","targetHints":{"allow":["GET"]}}],"collection":[{"href":"https:\/\/imagazine.it\/home_desk\/wp-json\/wp\/v2\/posts"}],"about":[{"href":"https:\/\/imagazine.it\/home_desk\/wp-json\/wp\/v2\/types\/post"}],"author":[{"embeddable":true,"href":"https:\/\/imagazine.it\/home_desk\/wp-json\/wp\/v2\/users\/28"}],"replies":[{"embeddable":true,"href":"https:\/\/imagazine.it\/home_desk\/wp-json\/wp\/v2\/comments?post=40946"}],"version-history":[{"count":0,"href":"https:\/\/imagazine.it\/home_desk\/wp-json\/wp\/v2\/posts\/40946\/revisions"}],"wp:featuredmedia":[{"embeddable":true,"href":"https:\/\/imagazine.it\/home_desk\/wp-json\/wp\/v2\/media\/40947"}],"wp:attachment":[{"href":"https:\/\/imagazine.it\/home_desk\/wp-json\/wp\/v2\/media?parent=40946"}],"wp:term":[{"taxonomy":"category","embeddable":true,"href":"https:\/\/imagazine.it\/home_desk\/wp-json\/wp\/v2\/categories?post=40946"},{"taxonomy":"post_tag","embeddable":true,"href":"https:\/\/imagazine.it\/home_desk\/wp-json\/wp\/v2\/tags?post=40946"}],"curies":[{"name":"wp","href":"https:\/\/api.w.org\/{rel}","templated":true}]}}