{"id":40942,"date":"2021-11-25T00:00:00","date_gmt":"2021-11-24T23:00:00","guid":{"rendered":"https:\/\/imagazine.it\/?p=40942"},"modified":"2021-11-25T00:00:00","modified_gmt":"2021-11-24T23:00:00","slug":"monfalcone-inizio-lavori-per-la-nuova-neuropsichiatria-infantile","status":"publish","type":"post","link":"https:\/\/imagazine.it\/home_desk\/monfalcone-inizio-lavori-per-la-nuova-neuropsichiatria-infantile\/","title":{"rendered":"Monfalcone, inizio lavori per la nuova Neuropsichiatria infantile"},"content":{"rendered":"<p> \tL\u2019Azienda Sanitaria Universitaria Giuliano Isontina <u><a href=\"https:\/\/asugi.sanita.fvg.it\/it\/news\/2021_11_25_neuropsichiatria_monfalcone.html\" target=\"_blank\" rel=\"noopener\"><span style=\"color:#0000cd;\">anticipa con una nota stampa<\/span><\/a><\/u> l&#39;inizio dei lavori per la nuova <strong>neuropsichiatria infantile<\/strong> presso l\u2019<strong>Ospedale<\/strong> <strong>San Polo di Monfalcone<\/strong> (padiglione B- 3\u00b0piano).<\/p>\n<p> \tAl progetto un contributo importante \u00e8 stato dato <u><a href=\"http:\/\/www.imagazine.it\/notizie-trieste-gorizia-udine-friuli\/6802\" target=\"_blank\" rel=\"noopener\"><span style=\"color:#0000ff;\">dall\u2019Associazione dinAMICI Odv &#8211; Insieme per il Volontariato gi\u00e0 a partire dal 2017<\/span><\/a><\/u> e a cui \u00e8 legata una importante raccolta fondi (ancora attiva) destinata all&#39;acquisto di tutti i mobili e gli arredi previsti per questa tipologia di servizio e conforme alle norme di sicurezza europee.<\/p>\n<p> \tPoi \u00e8 proseguita una fitta collaborazione tra l&#39;equipe della Neuropsichiatria infantile, i nove comuni (<strong>Doberd\u00f2 del Lago, Fogliano Redipuglia, Grado, Monfalcone, Ronchi dei Legionari, San Canzian d\u2019Isonzo, San Pier d\u2019Isonzo, Staranzano, Turriaco)<\/strong> che rappresentano il bacino di utenza servizio territoriale e la collettivit\u00e0, di cui l\u2019associazione \u00e8 stata il collante.<\/p>\n<p> \tGrazie a questo progetto si potr\u00e0 offrire ai bambini 0\/18 e alle loro famiglie spazi e materiali adeguati ai trattamenti approntati, anche in funzione di accessi sul lungo periodo.<\/p>\n<p> \tL\u2019architetto <strong>Glauco Von Wunsten<\/strong> ha donato il progetto esecutivo delle opere.<\/p>\n<p> \tIl progetto si \u00e8 basato sull\u2019analisi dei dati di attivit\u00e0 che hanno indicato un afflusso di utenti di oltre mille unit\u00e0 all\u2019anno con un trend in crescita e con una presenza giornaliera di personale di 22 unit\u00e0.<\/p>\n<p> \tIl Servizio di Neuropsichiatria collabora nella consulenza, progettazione e monitoraggio con servizi extra aziendali (Npi e Pediatria Burlo Garofolo di Ts, Istituti scolastici comprensivi, Servizi Sociali ecc, Servizi Sanitari convenzionati) e con servizi aziendali (SC di Pediatria, SC Et\u00e0 Evolutiva Famiglia Disabilit\u00e0, Dipartimento di Salute Mentale, SC di Riabilitazione, medici di medicina generale e pediatri di liber\u00e0 scelta): si rendono quindi necessari spazi in cui questa attivit\u00e0 possa essere svolta.<\/p>\n<p> \tL\u2019impianto originario che, per quanto concerne l\u2019area destinata alla Neuropsichiatria infantile, \u00e8 costituito da un corpo quintuplo con due corridoi di distribuzione tra di loro paralleli.<\/p>\n<p> \tQuesto impianto ha consentito di separare i percorsi delle diverse funzioni garantendo una specializzazione delle aree rispondendo alle esigenze delle diverse tipologie di utente e delle diverse prestazioni.<\/p>\n<p> \tIl progetto prevede la suddivisione dell\u2019area in funzione delle diverse attivit\u00e0: area reception, primo screening e diagnosi medico specialistica; area logopedia; area psicologia; area fisioterapia; area neuropsicomotricit\u00e0-autismo.<\/p>\n<p> \tSull\u2019atrio di ingresso si affacciano la segreteria\/reception e le attese destinate come da indicazioni della committenza a tre diverse tipologie di paziente: attesa bambini; attesa prima infanzia; attesa adolescenti.<\/p>\n<p> \tDall\u2019atrio di ingresso \u00e8 possibile accedere all\u2019area accoglienza, primo screening e visita medico specialistica costituita dagli ambulatori: prima accoglienza; neuropsichiatria; diagnosi precoce.<\/p>\n","protected":false},"excerpt":{"rendered":"<p>Presso l&#8217;ospedale San Polo<\/p>\n","protected":false},"author":28,"featured_media":40943,"comment_status":"closed","ping_status":"closed","sticky":false,"template":"","format":"standard","meta":{"dwc-title":[],"dwc-content":[],"footnotes":""},"categories":[5],"tags":[],"class_list":["post-40942","post","type-post","status-publish","format-standard","has-post-thumbnail","hentry","category-attualita"],"rttpg_featured_image_url":{"full":["https:\/\/imagazine.it\/wp-content\/uploads\/2024\/01\/44789-1.webp",1000,750,false],"landscape":["https:\/\/imagazine.it\/wp-content\/uploads\/2024\/01\/44789-1.webp",1000,750,false],"portraits":["https:\/\/imagazine.it\/wp-content\/uploads\/2024\/01\/44789-1.webp",1000,750,false],"thumbnail":["https:\/\/imagazine.it\/wp-content\/uploads\/2024\/01\/44789-1-150x150.webp",150,150,true],"medium":["https:\/\/imagazine.it\/wp-content\/uploads\/2024\/01\/44789-1-300x225.webp",300,225,true],"large":["https:\/\/imagazine.it\/wp-content\/uploads\/2024\/01\/44789-1.webp",640,480,false],"thumblist":["https:\/\/imagazine.it\/wp-content\/uploads\/2024\/01\/44789-1.webp",300,225,false],"thumbrelated":["https:\/\/imagazine.it\/wp-content\/uploads\/2024\/01\/44789-1.webp",500,375,false],"meccarouselthumb":["https:\/\/imagazine.it\/wp-content\/uploads\/2024\/01\/44789-1.webp",432,324,false],"gridsquare":["https:\/\/imagazine.it\/wp-content\/uploads\/2024\/01\/44789-1.webp",347,260,false],"tileview":["https:\/\/imagazine.it\/wp-content\/uploads\/2024\/01\/44789-1.webp",300,225,false],"1536x1536":["https:\/\/imagazine.it\/wp-content\/uploads\/2024\/01\/44789-1.webp",1000,750,false],"2048x2048":["https:\/\/imagazine.it\/wp-content\/uploads\/2024\/01\/44789-1.webp",1000,750,false],"newsup-slider-full":["https:\/\/imagazine.it\/wp-content\/uploads\/2024\/01\/44789-1-1000x720.webp",1000,720,true],"newsup-featured":["https:\/\/imagazine.it\/wp-content\/uploads\/2024\/01\/44789-1.webp",1000,750,false],"newsup-medium":["https:\/\/imagazine.it\/wp-content\/uploads\/2024\/01\/44789-1-720x380.webp",720,380,true],"tptn_thumbnail":["https:\/\/imagazine.it\/wp-content\/uploads\/2024\/01\/44789-1.webp",250,188,false],"sow-carousel-default":["https:\/\/imagazine.it\/wp-content\/uploads\/2024\/01\/44789-1-272x182.webp",272,182,true]},"rttpg_author":{"display_name":"redazione","author_link":"https:\/\/imagazine.it\/home_desk\/author\/redazione\/"},"rttpg_comment":0,"rttpg_category":"<a href=\"https:\/\/imagazine.it\/home_desk\/category\/attualita\/\" rel=\"category tag\">ATTUALIT\u00c0<\/a>","rttpg_excerpt":"Presso l'ospedale San Polo","_links":{"self":[{"href":"https:\/\/imagazine.it\/home_desk\/wp-json\/wp\/v2\/posts\/40942","targetHints":{"allow":["GET"]}}],"collection":[{"href":"https:\/\/imagazine.it\/home_desk\/wp-json\/wp\/v2\/posts"}],"about":[{"href":"https:\/\/imagazine.it\/home_desk\/wp-json\/wp\/v2\/types\/post"}],"author":[{"embeddable":true,"href":"https:\/\/imagazine.it\/home_desk\/wp-json\/wp\/v2\/users\/28"}],"replies":[{"embeddable":true,"href":"https:\/\/imagazine.it\/home_desk\/wp-json\/wp\/v2\/comments?post=40942"}],"version-history":[{"count":0,"href":"https:\/\/imagazine.it\/home_desk\/wp-json\/wp\/v2\/posts\/40942\/revisions"}],"wp:featuredmedia":[{"embeddable":true,"href":"https:\/\/imagazine.it\/home_desk\/wp-json\/wp\/v2\/media\/40943"}],"wp:attachment":[{"href":"https:\/\/imagazine.it\/home_desk\/wp-json\/wp\/v2\/media?parent=40942"}],"wp:term":[{"taxonomy":"category","embeddable":true,"href":"https:\/\/imagazine.it\/home_desk\/wp-json\/wp\/v2\/categories?post=40942"},{"taxonomy":"post_tag","embeddable":true,"href":"https:\/\/imagazine.it\/home_desk\/wp-json\/wp\/v2\/tags?post=40942"}],"curies":[{"name":"wp","href":"https:\/\/api.w.org\/{rel}","templated":true}]}}