{"id":40934,"date":"2021-11-24T00:00:00","date_gmt":"2021-11-23T23:00:00","guid":{"rendered":"https:\/\/imagazine.it\/?p=40934"},"modified":"2021-11-24T00:00:00","modified_gmt":"2021-11-23T23:00:00","slug":"palmanova-contributi-comunali-per-le-bollette-del-gas","status":"publish","type":"post","link":"https:\/\/imagazine.it\/home_desk\/palmanova-contributi-comunali-per-le-bollette-del-gas\/","title":{"rendered":"Palmanova, contributi comunali per le bollette del gas"},"content":{"rendered":"<p> \tSi conferma, anche per il 2021, il Bando gas, progetto voluto dal <strong>Comune di Palmanova<\/strong> come sostegno economico per singoli o famiglie che vivono in situazioni di evidente difficolt\u00e0 economica.<\/p>\n<p> \tFino <strong>al 22 dicembre 2021<\/strong> sar\u00e0 infatti possibile presentare domanda per ricevere un contributo per il <strong>rimborso dei costi sostenuti nel 2020 per i consumi di gas casalingo<\/strong>. Il fondo disponibile \u00e8, come gli anni scorsi, di 27.660 euro.<\/p>\n<p> \tSul sito <u><a href=\"http:\/\/www.comune.palmanova.ud.it\" target=\"_blank\" rel=\"noopener\"><span style=\"color:#0000cd;\">www.comune.palmanova.ud.it<\/span><\/a><\/u> il bando con tutte le informazioni e il modulo di domanda.<\/p>\n<p> \t\u201cCerchiamo di dare, nei limiti delle disponibilit\u00e0 comunali, <strong>un aiuto concreto per chi ha pi\u00f9 difficolt\u00e0 economiche<\/strong>. \u00c8 dovere del Comune sostenere le persone nei momenti di crisi e bisogno, rimborsando, almeno in parte, le spese sostenute per le utenze domestiche. In periodo di covid questo supporto \u00e8 ancora pi\u00f9 fondamentale e necessario. In molti attendono questi fondi e questo conferma l\u2019efficacia del progetto nell\u2019aiutare situazioni di grave necessit\u00e0. Con il Bando gas, negli anni, <strong>abbiamo destinato 275.000 euro alle persone pi\u00f9 bisognose<\/strong>\u201d, commenta il sindaco <strong>Giuseppe Tellini<\/strong>. \u201cVogliamo <strong>scongiurare il distacco dal servizio di riscaldamento domestico<\/strong> degli utenti pi\u00f9 economicamente deboli. Vivere in un ambiente dignitoso deve essere un diritto di tutti\u201d.<\/p>\n<p> \tIl Comune ha attivato questo strumento di sostegno da 10 anni, erogando contributi per un totale di <strong>275.660 euro<\/strong>: <strong>82.975 euro<\/strong> per aiutare le famiglie a pagare le bollette del riscaldamento per il 2011, 2012 e 2013, <strong>27.659 euro <\/strong>per l\u2019anno successivo (2014), <strong>27.660 euro<\/strong> all\u2019anno stanziati nel 2015, 2016, 2017, 2018, 2019 e 2020.<\/p>\n<p> \tPer poter accedere al contributo bisogna essere residenti nel Comune di Palmanova e avere un <strong>ISEE non superiore ai 15.000 euro<\/strong>. Potranno ottenere sostegno anche le famiglie monoreddito, il cui ISEE sia compreso tra 15.001 e 25.000 euro in cui l\u2019unico percettore di reddito del nucleo abbia perso il lavoro successivamente al primo gennaio 2020, abbia rilasciato la dichiarazione di immediata disponibilit\u00e0 lavorativa al centro per l\u2019impiego competente e che alla data di presentazione della domanda risulti ancora disoccupato.<\/p>\n<p> \t<strong>Le risorse disponibili saranno suddivise tra i richiedenti<\/strong>, in percentuali proporzionali alla fascia di reddito dichiarata.<\/p>\n<p> \tLe domande dovranno essere presentate <strong>entro il 22 dicembre <\/strong>al Comune, secondo le modalit\u00e0 previste dal bando pubblicato sul sito <u><a href=\"http:\/\/www.comune.palmanova.ud.it\" target=\"_blank\" rel=\"noopener\"><span style=\"color:#0000cd;\">www.comune.palmanova.ud.it<\/span><\/a><\/u>. La modulistica, oltre che sul sito, \u00e8 disponibile nell\u2019atrio del palazzo comunale di fronte all\u2019Ufficio Anagrafe \u2013 Protocollo (piano terra). Per informazioni e accedere all\u2019Ufficio Segreteria, che segue il progetto, \u00e8 necessario chiamare in anticipo per prendere appuntamento lo 0432 922137 oppure lo 0432 922129.<\/p>\n<p> \t<strong>La domanda deve essere presentata<\/strong> via Posta Raccomandata indirizzata al Comune di Palmanova, via PEC con firma digitale all\u2019indirizzo <a href=\"mailto:comune.palmanova@certgov.fvg.it\" target=\"_blank\" rel=\"noopener\">comune.palmanova@certgov.fvg.it\u00a0<\/a> o consegnata a mano direttamente all\u2019Ufficio Protocollo (Piano terra) con i seguenti orari: lunedi dalle 9.30 alle 12.30 e dalle 16 alle 18, mercoled\u00ec dalle 9.30 alle 13.30 e dalle 16 alle 18, venerd\u00ec dalle 9.30 alle 12.30.<\/p>\n","protected":false},"excerpt":{"rendered":"<p>Domande entro il 22 dicembre<\/p>\n","protected":false},"author":28,"featured_media":40935,"comment_status":"closed","ping_status":"closed","sticky":false,"template":"","format":"standard","meta":{"dwc-title":[],"dwc-content":[],"footnotes":""},"categories":[5],"tags":[],"class_list":["post-40934","post","type-post","status-publish","format-standard","has-post-thumbnail","hentry","category-attualita"],"rttpg_featured_image_url":{"full":["https:\/\/imagazine.it\/wp-content\/uploads\/2024\/01\/44764-1.webp",750,500,false],"landscape":["https:\/\/imagazine.it\/wp-content\/uploads\/2024\/01\/44764-1.webp",750,500,false],"portraits":["https:\/\/imagazine.it\/wp-content\/uploads\/2024\/01\/44764-1.webp",750,500,false],"thumbnail":["https:\/\/imagazine.it\/wp-content\/uploads\/2024\/01\/44764-1-150x150.webp",150,150,true],"medium":["https:\/\/imagazine.it\/wp-content\/uploads\/2024\/01\/44764-1-300x200.webp",300,200,true],"large":["https:\/\/imagazine.it\/wp-content\/uploads\/2024\/01\/44764-1.webp",640,427,false],"thumblist":["https:\/\/imagazine.it\/wp-content\/uploads\/2024\/01\/44764-1.webp",300,200,false],"thumbrelated":["https:\/\/imagazine.it\/wp-content\/uploads\/2024\/01\/44764-1.webp",500,333,false],"meccarouselthumb":["https:\/\/imagazine.it\/wp-content\/uploads\/2024\/01\/44764-1.webp",474,316,false],"gridsquare":["https:\/\/imagazine.it\/wp-content\/uploads\/2024\/01\/44764-1.webp",391,260,false],"tileview":["https:\/\/imagazine.it\/wp-content\/uploads\/2024\/01\/44764-1.webp",300,200,false],"1536x1536":["https:\/\/imagazine.it\/wp-content\/uploads\/2024\/01\/44764-1.webp",750,500,false],"2048x2048":["https:\/\/imagazine.it\/wp-content\/uploads\/2024\/01\/44764-1.webp",750,500,false],"newsup-slider-full":["https:\/\/imagazine.it\/wp-content\/uploads\/2024\/01\/44764-1.webp",750,500,false],"newsup-featured":["https:\/\/imagazine.it\/wp-content\/uploads\/2024\/01\/44764-1.webp",750,500,false],"newsup-medium":["https:\/\/imagazine.it\/wp-content\/uploads\/2024\/01\/44764-1-720x380.webp",720,380,true],"tptn_thumbnail":["https:\/\/imagazine.it\/wp-content\/uploads\/2024\/01\/44764-1.webp",250,167,false],"sow-carousel-default":["https:\/\/imagazine.it\/wp-content\/uploads\/2024\/01\/44764-1-272x182.webp",272,182,true]},"rttpg_author":{"display_name":"redazione","author_link":"https:\/\/imagazine.it\/home_desk\/author\/redazione\/"},"rttpg_comment":0,"rttpg_category":"<a href=\"https:\/\/imagazine.it\/home_desk\/category\/attualita\/\" rel=\"category tag\">ATTUALIT\u00c0<\/a>","rttpg_excerpt":"Domande entro il 22 dicembre","_links":{"self":[{"href":"https:\/\/imagazine.it\/home_desk\/wp-json\/wp\/v2\/posts\/40934","targetHints":{"allow":["GET"]}}],"collection":[{"href":"https:\/\/imagazine.it\/home_desk\/wp-json\/wp\/v2\/posts"}],"about":[{"href":"https:\/\/imagazine.it\/home_desk\/wp-json\/wp\/v2\/types\/post"}],"author":[{"embeddable":true,"href":"https:\/\/imagazine.it\/home_desk\/wp-json\/wp\/v2\/users\/28"}],"replies":[{"embeddable":true,"href":"https:\/\/imagazine.it\/home_desk\/wp-json\/wp\/v2\/comments?post=40934"}],"version-history":[{"count":0,"href":"https:\/\/imagazine.it\/home_desk\/wp-json\/wp\/v2\/posts\/40934\/revisions"}],"wp:featuredmedia":[{"embeddable":true,"href":"https:\/\/imagazine.it\/home_desk\/wp-json\/wp\/v2\/media\/40935"}],"wp:attachment":[{"href":"https:\/\/imagazine.it\/home_desk\/wp-json\/wp\/v2\/media?parent=40934"}],"wp:term":[{"taxonomy":"category","embeddable":true,"href":"https:\/\/imagazine.it\/home_desk\/wp-json\/wp\/v2\/categories?post=40934"},{"taxonomy":"post_tag","embeddable":true,"href":"https:\/\/imagazine.it\/home_desk\/wp-json\/wp\/v2\/tags?post=40934"}],"curies":[{"name":"wp","href":"https:\/\/api.w.org\/{rel}","templated":true}]}}