{"id":40930,"date":"2021-11-24T00:00:00","date_gmt":"2021-11-23T23:00:00","guid":{"rendered":"https:\/\/imagazine.it\/?p=40930"},"modified":"2021-11-24T00:00:00","modified_gmt":"2021-11-23T23:00:00","slug":"gorizia-niente-luna-park-alla-fiera-di-santandrea","status":"publish","type":"post","link":"https:\/\/imagazine.it\/home_desk\/gorizia-niente-luna-park-alla-fiera-di-santandrea\/","title":{"rendered":"Gorizia, niente luna park alla Fiera di Sant&#8217;Andrea"},"content":{"rendered":"<p> \tIl sindaco di Gorizia, <strong>Rodolfo Ziberna<\/strong>, annuncia il ridimensionamento dell\u2019edizione 2021 della <strong>Fiera di Sant\u2019Andrea<\/strong>, evento che segna l&#39;avvio delle celebrazioni natalizie in citt\u00e0 nella prima domenica di dicembre.\u00a0<\/p>\n<p> \tLa scelta \u00e8 arrivata dopo un periodo di riflessione costellato da tentativi di creare le condizioni per poter accedere alle giostre nella massima sicurezza ma i rischi di contagi rimangono ancora troppi ed \u00e8 stato quindi deciso di fare un passo indietro.<\/p>\n<p> \t&#8220;Mi dispiace perch\u00e8 c&#39;\u00e8 tanta voglia di riprenderci un po&#39; di normalit\u00e0 e di far divertire i bambini ma i rischi sono troppi e credo sarebbe da irresponsabili non tenerne conto&#8221;, ha dichiarato il primo cittadino.<\/p>\n<p> \tCi saranno invece, pur se in numero minore, le <strong>bancarelle dal 4 al 6 dicembre<\/strong>.\u00a0<\/p>\n<p> \t&#8220;L&#39;ipotesi prospettata con una delegazione di giostrai un paio di giorni fa, condivisibile sotto molti aspetti,\u00a0\u00e8 apparsa critica per gli accessi, assembramenti e la necessit\u00e0 di tamponi agli under 12 &#8211; spiega il sindaco -, com&#39;\u00e8 emerso dal confronto con gli assessori e la maggioranza: la scelta ritenuta pi\u00f9 idonea \u00e8 stata quella di condividere la gi\u00e0 espressa preoccupazione del Comitato provinciale per la sicurezza e l&#39;ordine pubblico, ovvero di evitare situazioni rischiose. Determinante \u00e8 stato il balzo dei contagi nelle ultime settimane e la quasi certezza che la situazione pandemica sia destinata a peggiorare nei prossimi giorni sul nostro territorio. Non solo. Anche in Slovenia, da dove arrivavano sempre tantissimi bambini, accompagnati dai genitori per il luna park della Fiera di Sant&#39;Andrea, la situazione non \u00e8 migliore. Anzi.\u00a0 Quindi non possiamo permetterci di scherzare con il fuoco: la salute viene al primo posto. Speriamo davvero che sia l&#39;ultimo anno di rinunce e che per il Natale del 2022 tutto sia tornato alla normalit\u00e0&#8221;.<\/p>\n","protected":false},"excerpt":{"rendered":"<p>Confermate le bancarelle dal 4 al 6 dicembre<\/p>\n","protected":false},"author":28,"featured_media":40931,"comment_status":"closed","ping_status":"closed","sticky":false,"template":"","format":"standard","meta":{"dwc-title":[],"dwc-content":[],"footnotes":""},"categories":[5],"tags":[],"class_list":["post-40930","post","type-post","status-publish","format-standard","has-post-thumbnail","hentry","category-attualita"],"rttpg_featured_image_url":{"full":["https:\/\/imagazine.it\/wp-content\/uploads\/2024\/01\/44762-1.webp",1280,853,false],"landscape":["https:\/\/imagazine.it\/wp-content\/uploads\/2024\/01\/44762-1.webp",1280,853,false],"portraits":["https:\/\/imagazine.it\/wp-content\/uploads\/2024\/01\/44762-1.webp",1280,853,false],"thumbnail":["https:\/\/imagazine.it\/wp-content\/uploads\/2024\/01\/44762-1-150x150.webp",150,150,true],"medium":["https:\/\/imagazine.it\/wp-content\/uploads\/2024\/01\/44762-1-300x200.webp",300,200,true],"large":["https:\/\/imagazine.it\/wp-content\/uploads\/2024\/01\/44762-1-1024x682.webp",640,426,true],"thumblist":["https:\/\/imagazine.it\/wp-content\/uploads\/2024\/01\/44762-1.webp",300,200,false],"thumbrelated":["https:\/\/imagazine.it\/wp-content\/uploads\/2024\/01\/44762-1.webp",500,333,false],"meccarouselthumb":["https:\/\/imagazine.it\/wp-content\/uploads\/2024\/01\/44762-1.webp",474,316,false],"gridsquare":["https:\/\/imagazine.it\/wp-content\/uploads\/2024\/01\/44762-1.webp",391,260,false],"tileview":["https:\/\/imagazine.it\/wp-content\/uploads\/2024\/01\/44762-1.webp",300,200,false],"1536x1536":["https:\/\/imagazine.it\/wp-content\/uploads\/2024\/01\/44762-1.webp",1280,853,false],"2048x2048":["https:\/\/imagazine.it\/wp-content\/uploads\/2024\/01\/44762-1.webp",1280,853,false],"newsup-slider-full":["https:\/\/imagazine.it\/wp-content\/uploads\/2024\/01\/44762-1-1280x720.webp",1280,720,true],"newsup-featured":["https:\/\/imagazine.it\/wp-content\/uploads\/2024\/01\/44762-1-1024x682.webp",1024,682,true],"newsup-medium":["https:\/\/imagazine.it\/wp-content\/uploads\/2024\/01\/44762-1-720x380.webp",720,380,true],"tptn_thumbnail":["https:\/\/imagazine.it\/wp-content\/uploads\/2024\/01\/44762-1.webp",250,167,false],"sow-carousel-default":["https:\/\/imagazine.it\/wp-content\/uploads\/2024\/01\/44762-1-272x182.webp",272,182,true]},"rttpg_author":{"display_name":"redazione","author_link":"https:\/\/imagazine.it\/home_desk\/author\/redazione\/"},"rttpg_comment":0,"rttpg_category":"<a href=\"https:\/\/imagazine.it\/home_desk\/category\/attualita\/\" rel=\"category tag\">ATTUALIT\u00c0<\/a>","rttpg_excerpt":"Confermate le bancarelle dal 4 al 6 dicembre","_links":{"self":[{"href":"https:\/\/imagazine.it\/home_desk\/wp-json\/wp\/v2\/posts\/40930","targetHints":{"allow":["GET"]}}],"collection":[{"href":"https:\/\/imagazine.it\/home_desk\/wp-json\/wp\/v2\/posts"}],"about":[{"href":"https:\/\/imagazine.it\/home_desk\/wp-json\/wp\/v2\/types\/post"}],"author":[{"embeddable":true,"href":"https:\/\/imagazine.it\/home_desk\/wp-json\/wp\/v2\/users\/28"}],"replies":[{"embeddable":true,"href":"https:\/\/imagazine.it\/home_desk\/wp-json\/wp\/v2\/comments?post=40930"}],"version-history":[{"count":0,"href":"https:\/\/imagazine.it\/home_desk\/wp-json\/wp\/v2\/posts\/40930\/revisions"}],"wp:featuredmedia":[{"embeddable":true,"href":"https:\/\/imagazine.it\/home_desk\/wp-json\/wp\/v2\/media\/40931"}],"wp:attachment":[{"href":"https:\/\/imagazine.it\/home_desk\/wp-json\/wp\/v2\/media?parent=40930"}],"wp:term":[{"taxonomy":"category","embeddable":true,"href":"https:\/\/imagazine.it\/home_desk\/wp-json\/wp\/v2\/categories?post=40930"},{"taxonomy":"post_tag","embeddable":true,"href":"https:\/\/imagazine.it\/home_desk\/wp-json\/wp\/v2\/tags?post=40930"}],"curies":[{"name":"wp","href":"https:\/\/api.w.org\/{rel}","templated":true}]}}