{"id":40909,"date":"2021-11-23T00:00:00","date_gmt":"2021-11-22T23:00:00","guid":{"rendered":"https:\/\/imagazine.it\/?p=40909"},"modified":"2021-11-23T00:00:00","modified_gmt":"2021-11-22T23:00:00","slug":"gli-studenti-di-staranzano-disegnano-il-natale","status":"publish","type":"post","link":"https:\/\/imagazine.it\/home_desk\/gli-studenti-di-staranzano-disegnano-il-natale\/","title":{"rendered":"Gli studenti di Staranzano disegnano il Natale"},"content":{"rendered":"<p> \tL\u2019<strong>Associazione<\/strong> <strong>Onlus Vanessa<\/strong> e la <strong>Pro Loco Staranzano<\/strong>, con il patrocinio del Comune di Staranzano, organizzano il primo concorso di disegno \u201c<em>Disegna il tuo Natale<\/em>\u201d rivolto ai bambini della scuola primaria e della scuola secondaria di primo grado.<\/p>\n<p> \tIl concorso di disegno \u00e8 realizzato con l\u2019intento di valorizzare il Natale come elemento di unione familiare riportandolo quindi alle antiche radici culturali, trasmettendo quel senso di importanza anche nelle piccole cose.<\/p>\n<p> \tGli elaborati dovranno essere in formato A4, mentre le categorie di partecipazione saranno suddivise in tre fasce: I-III elementare, IV-V elementare e I-III media.<\/p>\n<p> \tOgni alunno dovr\u00e0 eseguire un disegno con una qualsiasi tecnica entro il 20 dicembre, consegnandolo presso la sede della Pro loco di Staranzano.<\/p>\n<p> \tL\u2019Associazione Onlus Vanessa pubblicher\u00e0 su Facebook (evento Onlus Vanessa) il disegno.<\/p>\n<p> \tDal momento in cui il disegno verr\u00e0 inserito e pubblicato sulla piattaforma social, l&#39;opera potr\u00e0 essere votata dalla giuria popolare. Sar\u00e0 proclamato vincitore chi ricever\u00e0 il maggior numero di \u201cVoti\u201d cio\u00e8 \u201cmi piace\u201d entro le ore 12 del 4 gennaio 2022.<\/p>\n<p> \tSar\u00e0 possibile consegnare gli elaborati presso la sede della Pro Loco di Staranzano sita in Piazza Dante 26 dal 6 dicembre fino al 20 dicembre, dal luned\u00ec al venerd\u00ec dalle ore 10 alle ore 12. Sul retro del disegno dovranno essere inseriti il nominativo dell\u2019autore con un recapito telefonico del genitore.<\/p>\n","protected":false},"excerpt":{"rendered":"<p>Iniziativa di Vanessa Onlus e Pro Loco<\/p>\n","protected":false},"author":22,"featured_media":40910,"comment_status":"closed","ping_status":"closed","sticky":false,"template":"","format":"standard","meta":{"dwc-title":[],"dwc-content":[],"footnotes":""},"categories":[5],"tags":[],"class_list":["post-40909","post","type-post","status-publish","format-standard","has-post-thumbnail","hentry","category-attualita"],"rttpg_featured_image_url":{"full":["https:\/\/imagazine.it\/wp-content\/uploads\/2024\/01\/44682-1.webp",1000,707,false],"landscape":["https:\/\/imagazine.it\/wp-content\/uploads\/2024\/01\/44682-1.webp",1000,707,false],"portraits":["https:\/\/imagazine.it\/wp-content\/uploads\/2024\/01\/44682-1.webp",1000,707,false],"thumbnail":["https:\/\/imagazine.it\/wp-content\/uploads\/2024\/01\/44682-1-150x150.webp",150,150,true],"medium":["https:\/\/imagazine.it\/wp-content\/uploads\/2024\/01\/44682-1-300x212.webp",300,212,true],"large":["https:\/\/imagazine.it\/wp-content\/uploads\/2024\/01\/44682-1.webp",640,452,false],"thumblist":["https:\/\/imagazine.it\/wp-content\/uploads\/2024\/01\/44682-1.webp",300,212,false],"thumbrelated":["https:\/\/imagazine.it\/wp-content\/uploads\/2024\/01\/44682-1.webp",500,354,false],"meccarouselthumb":["https:\/\/imagazine.it\/wp-content\/uploads\/2024\/01\/44682-1.webp",458,324,false],"gridsquare":["https:\/\/imagazine.it\/wp-content\/uploads\/2024\/01\/44682-1.webp",368,260,false],"tileview":["https:\/\/imagazine.it\/wp-content\/uploads\/2024\/01\/44682-1.webp",300,212,false],"1536x1536":["https:\/\/imagazine.it\/wp-content\/uploads\/2024\/01\/44682-1.webp",1000,707,false],"2048x2048":["https:\/\/imagazine.it\/wp-content\/uploads\/2024\/01\/44682-1.webp",1000,707,false],"newsup-slider-full":["https:\/\/imagazine.it\/wp-content\/uploads\/2024\/01\/44682-1.webp",1000,707,false],"newsup-featured":["https:\/\/imagazine.it\/wp-content\/uploads\/2024\/01\/44682-1.webp",1000,707,false],"newsup-medium":["https:\/\/imagazine.it\/wp-content\/uploads\/2024\/01\/44682-1-720x380.webp",720,380,true],"tptn_thumbnail":["https:\/\/imagazine.it\/wp-content\/uploads\/2024\/01\/44682-1.webp",250,177,false],"sow-carousel-default":["https:\/\/imagazine.it\/wp-content\/uploads\/2024\/01\/44682-1-272x182.webp",272,182,true]},"rttpg_author":{"display_name":"Livio Nonis","author_link":"https:\/\/imagazine.it\/home_desk\/author\/nonis\/"},"rttpg_comment":0,"rttpg_category":"<a href=\"https:\/\/imagazine.it\/home_desk\/category\/attualita\/\" rel=\"category tag\">ATTUALIT\u00c0<\/a>","rttpg_excerpt":"Iniziativa di Vanessa Onlus e Pro Loco","_links":{"self":[{"href":"https:\/\/imagazine.it\/home_desk\/wp-json\/wp\/v2\/posts\/40909","targetHints":{"allow":["GET"]}}],"collection":[{"href":"https:\/\/imagazine.it\/home_desk\/wp-json\/wp\/v2\/posts"}],"about":[{"href":"https:\/\/imagazine.it\/home_desk\/wp-json\/wp\/v2\/types\/post"}],"author":[{"embeddable":true,"href":"https:\/\/imagazine.it\/home_desk\/wp-json\/wp\/v2\/users\/22"}],"replies":[{"embeddable":true,"href":"https:\/\/imagazine.it\/home_desk\/wp-json\/wp\/v2\/comments?post=40909"}],"version-history":[{"count":0,"href":"https:\/\/imagazine.it\/home_desk\/wp-json\/wp\/v2\/posts\/40909\/revisions"}],"wp:featuredmedia":[{"embeddable":true,"href":"https:\/\/imagazine.it\/home_desk\/wp-json\/wp\/v2\/media\/40910"}],"wp:attachment":[{"href":"https:\/\/imagazine.it\/home_desk\/wp-json\/wp\/v2\/media?parent=40909"}],"wp:term":[{"taxonomy":"category","embeddable":true,"href":"https:\/\/imagazine.it\/home_desk\/wp-json\/wp\/v2\/categories?post=40909"},{"taxonomy":"post_tag","embeddable":true,"href":"https:\/\/imagazine.it\/home_desk\/wp-json\/wp\/v2\/tags?post=40909"}],"curies":[{"name":"wp","href":"https:\/\/api.w.org\/{rel}","templated":true}]}}