{"id":40891,"date":"2021-11-22T00:00:00","date_gmt":"2021-11-21T23:00:00","guid":{"rendered":"https:\/\/imagazine.it\/?p=40891"},"modified":"2021-11-22T00:00:00","modified_gmt":"2021-11-21T23:00:00","slug":"la-magia-dei-presepi-ritorna-a-cervignano","status":"publish","type":"post","link":"https:\/\/imagazine.it\/home_desk\/la-magia-dei-presepi-ritorna-a-cervignano\/","title":{"rendered":"La magia dei presepi ritorna a Cervignano"},"content":{"rendered":"<p> \tGrande fermento per il <u><a href=\"http:\/\/www.imagazine.it\/notizie-trieste-gorizia-udine-friuli\/9792\" target=\"_blank\" rel=\"noopener\"><span style=\"color:#0000cd;\"><strong>Gruppo Presepisti del Duomo<\/strong><\/span><\/a><\/u> di <strong>Cervignano<\/strong> <strong>del Friuli<\/strong>. Nel capannone operativo di Perteole di Ruda, infatti, i volontari stanno ultimando le raffigurazioni del momento pi\u00f9 bello della cristianit\u00e0: la nativit\u00e0.<\/p>\n<p> \tLo studio, quasi maniacale, del presepe ha consentito di specializzarsi nelle tre modalit\u00e0 presepiali in cui possono essere realizzate le scene della nascita di Ges\u00f9: Storico, Popolare e Partenopeo.<\/p>\n<p> \tIl gruppo ha cos\u00ec realizzato tutte e tre le rappresentazioni, ognuna con la sua peculiarit\u00e0.<\/p>\n<p> \tDal 25 di novembre il presepe partenopeo \u201cverticale\u201d sar\u00e0 esposto nella rassegna di presepi in <strong>Citt\u00e0 Fiera a Torreano di Martignacco<\/strong>. Il presepe partenopeo deriva dall&#39;usanza di ricreare presepi nelle case e nelle chiese, con caratteristiche e materiali vari a seconda delle diverse tradizioni, mantenendo per\u00f2 i simboli comuni che vengono perpetuati: il tempio, le montagne, la grotta, la Sacra Famiglia, il fuoco, il fiume, la fontana, il pozzo, gli angeli, il cielo stellato, la cometa, i pastori, le pecore ha una struttura rocciosa, un tempio pagano, elementi tipici del presepe di tradizione napoletana del &#39;700. Infatti la struttura esposta \u00e8 suddivisa in due parti: una comprendente il tempio pagano diroccato e la Nativit\u00e0, e l&#39;altra con scene di vita quotidiana.<\/p>\n<p> \tIl presepe storico sar\u00e0 invece esposto nel <strong>Duomo<\/strong>, all\u2019interno della cappella invernale, dal 28 novembre, prima domenica d&#39;avvento, e sar\u00e0 ambientato in Palestina: case basse con il tetto piatto, ci sono palme e sabbia per un\u2019ambientazione naturale, quella che probabilmente ha visto la nascita di Ges\u00f9. Il 28 novembre sar\u00e0 presentata la prima delle quattro scene dell\u2019Avvento, l\u2019annunciazione. Una decina di giorni dopo cambier\u00e0 la scenografia per osservare il viaggio verso Betlemme.<\/p>\n<p> \tLa notte di Natale, il 25 dicembre, lo scenario vedr\u00e0 la nascita di Ges\u00f9 assieme la Madonna e San Giuseppe con i pastori e tutta l\u2019ambientazione palestinese, Infine la visita dei Re Magi in visita al bambinello che porteranno i doni: oro incenso e mirra. Questo presepe \u201cstorico\u201d chiuder\u00e0 i battenti a met\u00e0 gennaio.<\/p>\n<p> \tIl presepe popolare, infine, sar\u00e0 posto, dal 25 dicembre fino al 23 gennaio, all\u2019interno del Duomo di fronte all\u2019altare in fondo all\u2019edificio sacro. Ci sar\u00e0 un ciclo con tutte le sfumature della giornata: dall\u2019alba al compiersi del giorno, dal tramonto fino alla notte, con le nebbie mattutine e i rumori della campagna. Si troveranno molte movimentazioni dal mulino a vari mestieri e diverse attivit\u00e0 rurali.<\/p>\n<p> \tSaranno inoltre riprodotti scorci di Cervignano del Friuli; si potr\u00e0 ammirare la chiesa di San Michele con all\u2019esterno posizionati statuine di due personaggi molto noti: il parroco don Sinuhe e la perpetua Norma. Il lavoro per riprodurli \u00e8 stato certosino: dalla realizzazione delle foto da inviare a un professionista napoletano che, con grande capacit\u00e0 riproduttiva, ha eseguito due piccoli capolavori che faranno bella mostra nel periodo natalizio.<\/p>\n<p> \tStupefacente anche la riproduzione della piazza Oberdan: per realizzarla sono state consultate foto originali, una vera ricerca storica di fine \u2019800, con la fontana intatta (dalle foto del periodo della Prima guerra mondiale si vede invece la fontana rovinata, colpita da qualche proiettile).<\/p>\n<p> \tIl grande lavoro del Gruppo Presepisti del Duomo di Cervignano (che ha una sua collocazione online su facebook) anche quest\u2019anno ha compiuto un vero e proprio \u201cmiracolo\u201d e sar\u00e0 la notte di Natale a confermarlo.<\/p>\n","protected":false},"excerpt":{"rendered":"<p>Le immagini in anteprima<\/p>\n","protected":false},"author":22,"featured_media":40892,"comment_status":"closed","ping_status":"closed","sticky":false,"template":"","format":"standard","meta":{"dwc-title":[],"dwc-content":[],"footnotes":""},"categories":[5],"tags":[],"class_list":["post-40891","post","type-post","status-publish","format-standard","has-post-thumbnail","hentry","category-attualita"],"rttpg_featured_image_url":{"full":["https:\/\/imagazine.it\/wp-content\/uploads\/2024\/01\/44561-1.webp",1000,750,false],"landscape":["https:\/\/imagazine.it\/wp-content\/uploads\/2024\/01\/44561-1.webp",1000,750,false],"portraits":["https:\/\/imagazine.it\/wp-content\/uploads\/2024\/01\/44561-1.webp",1000,750,false],"thumbnail":["https:\/\/imagazine.it\/wp-content\/uploads\/2024\/01\/44561-1-150x150.webp",150,150,true],"medium":["https:\/\/imagazine.it\/wp-content\/uploads\/2024\/01\/44561-1-300x225.webp",300,225,true],"large":["https:\/\/imagazine.it\/wp-content\/uploads\/2024\/01\/44561-1.webp",640,480,false],"thumblist":["https:\/\/imagazine.it\/wp-content\/uploads\/2024\/01\/44561-1.webp",300,225,false],"thumbrelated":["https:\/\/imagazine.it\/wp-content\/uploads\/2024\/01\/44561-1.webp",500,375,false],"meccarouselthumb":["https:\/\/imagazine.it\/wp-content\/uploads\/2024\/01\/44561-1.webp",432,324,false],"gridsquare":["https:\/\/imagazine.it\/wp-content\/uploads\/2024\/01\/44561-1.webp",347,260,false],"tileview":["https:\/\/imagazine.it\/wp-content\/uploads\/2024\/01\/44561-1.webp",300,225,false],"1536x1536":["https:\/\/imagazine.it\/wp-content\/uploads\/2024\/01\/44561-1.webp",1000,750,false],"2048x2048":["https:\/\/imagazine.it\/wp-content\/uploads\/2024\/01\/44561-1.webp",1000,750,false],"newsup-slider-full":["https:\/\/imagazine.it\/wp-content\/uploads\/2024\/01\/44561-1-1000x720.webp",1000,720,true],"newsup-featured":["https:\/\/imagazine.it\/wp-content\/uploads\/2024\/01\/44561-1.webp",1000,750,false],"newsup-medium":["https:\/\/imagazine.it\/wp-content\/uploads\/2024\/01\/44561-1-720x380.webp",720,380,true],"tptn_thumbnail":["https:\/\/imagazine.it\/wp-content\/uploads\/2024\/01\/44561-1.webp",250,188,false],"sow-carousel-default":["https:\/\/imagazine.it\/wp-content\/uploads\/2024\/01\/44561-1-272x182.webp",272,182,true]},"rttpg_author":{"display_name":"Livio Nonis","author_link":"https:\/\/imagazine.it\/home_desk\/author\/nonis\/"},"rttpg_comment":0,"rttpg_category":"<a href=\"https:\/\/imagazine.it\/home_desk\/category\/attualita\/\" rel=\"category tag\">ATTUALIT\u00c0<\/a>","rttpg_excerpt":"Le immagini in anteprima","_links":{"self":[{"href":"https:\/\/imagazine.it\/home_desk\/wp-json\/wp\/v2\/posts\/40891","targetHints":{"allow":["GET"]}}],"collection":[{"href":"https:\/\/imagazine.it\/home_desk\/wp-json\/wp\/v2\/posts"}],"about":[{"href":"https:\/\/imagazine.it\/home_desk\/wp-json\/wp\/v2\/types\/post"}],"author":[{"embeddable":true,"href":"https:\/\/imagazine.it\/home_desk\/wp-json\/wp\/v2\/users\/22"}],"replies":[{"embeddable":true,"href":"https:\/\/imagazine.it\/home_desk\/wp-json\/wp\/v2\/comments?post=40891"}],"version-history":[{"count":0,"href":"https:\/\/imagazine.it\/home_desk\/wp-json\/wp\/v2\/posts\/40891\/revisions"}],"wp:featuredmedia":[{"embeddable":true,"href":"https:\/\/imagazine.it\/home_desk\/wp-json\/wp\/v2\/media\/40892"}],"wp:attachment":[{"href":"https:\/\/imagazine.it\/home_desk\/wp-json\/wp\/v2\/media?parent=40891"}],"wp:term":[{"taxonomy":"category","embeddable":true,"href":"https:\/\/imagazine.it\/home_desk\/wp-json\/wp\/v2\/categories?post=40891"},{"taxonomy":"post_tag","embeddable":true,"href":"https:\/\/imagazine.it\/home_desk\/wp-json\/wp\/v2\/tags?post=40891"}],"curies":[{"name":"wp","href":"https:\/\/api.w.org\/{rel}","templated":true}]}}