{"id":40887,"date":"2021-11-19T00:00:00","date_gmt":"2021-11-18T23:00:00","guid":{"rendered":"https:\/\/imagazine.it\/?p=40887"},"modified":"2021-11-19T00:00:00","modified_gmt":"2021-11-18T23:00:00","slug":"violenza-sulle-donne-gorizia-in-prima-linea-vicino-alle-vittime","status":"publish","type":"post","link":"https:\/\/imagazine.it\/home_desk\/violenza-sulle-donne-gorizia-in-prima-linea-vicino-alle-vittime\/","title":{"rendered":"Violenza sulle donne, Gorizia in prima linea vicino alle vittime"},"content":{"rendered":"<p> \tAnche quest\u2019anno <strong>Gorizia<\/strong> sar\u00e0 in prima linea per celebrare la <strong>Giornata internazionale contro la violenza sulle donne<\/strong> (25 novembre) con un programma messo a punto dall\u2019associazione S.O.S ROSA e dal Comune di Gorizia, ovvero l\u2019assessorato alle pari opportunit\u00e0, che prevede momenti di riflessione ma anche iniziative culturali e musicali.<\/p>\n<p> \tSi partir\u00e0 <strong>luned\u00ec 22 novembre<\/strong>, alle 18, con il convegno \u201cCosa ha prodotto la convivenza forzata nelle coppie durante la pandemia\u201d che si svolger\u00e0 a Palazzo Lantieri. Si tratta di un incontro, moderato dalla dottoressa <strong>Maura Clementi<\/strong>, in cui saranno divulgati gli esiti di una ricerca effettuata dall\u2019Universit\u00e0 di Trieste e dal Centro di aiuto alla vita. Interverranno <strong>Patrizia Romito<\/strong> dell\u2019UniTs, <strong>Martina Pellegrini<\/strong> di Goap, <strong>Ilaria Fabris<\/strong> di S.O.S. ROSA, il Questore di Gorizia, <strong>Paolo Groppuzzo<\/strong>, <strong>Giampaolo Martinelli<\/strong> del Pronto soccorso di Gorizia, <strong>Eloisa Lubini<\/strong> del Pronto soccorso di Monfalcone, <strong>Marco Muzzatti<\/strong> della Polizia locale del Comune di Gorizia e un rappresentante dei Carabinieri.<\/p>\n<p> \t<strong>Gioved\u00ec 25 novembre <\/strong>sar\u00e0 il momento della passeggiata \u201cAlla scoperta dei luoghi di Gorizia nel\u00a0cuore\u201d con partenza, alle 14, dalla statua di Michelstaedter con rientro, allo stesso punto, alle 17. A fare da guida sar\u00e0 <strong>Sabrina Pelizzon<\/strong> di Eco Turismo. Nell\u2019ambito della passeggiata verranno presentati\u00a0suggerimenti di lettura per bambini e ragazzi individuati dai servizi educativi comunali tratti dal percorso \u201cStorie di genere, storie di rispetto\u201d, i cui testi verranno poi messi a disposizione negli spazi della Biblioteca per bambini e ragazzi nel Centro educativo Lenassi.<\/p>\n<p> \tIl giorno dopo, <strong>venerd\u00ec 26 novembre<\/strong>, alle 20.30, nella sala \u201cIncontro\u201d a San Rocco, avr\u00e0 luogo il concerto \u201cIn viaggio\u201d, ovvero una serata di letture e musiche con le sassofoniste \u201cBlack Rosax\u201d. Il programma si concluder\u00e0 mercoled\u00ec 28 dicembre, alle ore 20, al Kulturni dom di via Brass con il concerto delle Freevoices di <strong>Manuela Marussi<\/strong>.<\/p>\n<p> \tLa Giornata contro la violenza sulle donne rappresenta anche un momento per fare il punto sulla situazione locale e S.O.S. ROSA, guidata dalla presidente, <strong>Francesca Vuaran<\/strong>, che fornisce in merito alcuni dati aggiornati al 15 novembre 2021: \u201cPi\u00f9 che rilevare l\u2019aumento delle situazioni di violenza, sono indicativi di un trend che dimostra la volont\u00e0 delle donne di uscire dall\u2019isolamento e il raggiungimento di una loro maggior consapevolezza del fatto che il silenzio favorisce solo il maltrattante\u201d.<\/p>\n<p> \tLe donne accolte dall\u2019associazione sono 161 di cui 87 che ha richiesto aiuto per la prima volta. A essersi rivolte ai volontari dell\u2019associazione sono state 128 italiane e 28 straniere con un\u2019et\u00e0 media di 45 anni. La forma di violenza psicologica ha interessato il 91% dei casi; fisica 61%; economica 28%; sessuale 14%; stalking\/webstalking 16%. E c\u2019\u00e8 anche un 1,5% che riguarda il matrimonio precoce.<\/p>\n<p> \tGli autori della violenza sono partner o ex partner (compagno o marito), conoscenti e parenti. Per quanto riguarda le donne con figli minori coinvolti (violenza assistita) la percentuale si assesta al 42%. Le donne che denunciano si fermano al 34% mentre le situazioni di emergenza con ospitalit\u00e0 in albergo sono il 2%. Il servizio di residenzialit\u00e0 temporanea ha interessato l\u20191,5 % delle donne e per l\u2019ospitalit\u00e0 in casa di transizione (o di secondo livello) c\u2019\u00e8 stato il caso di 2 donne con 2 minori.<\/p>\n<p> \t\u201cLa violenza sulle donne purtroppo non si ferma &#8211; commenta l\u2019assessore alle pari opportunit\u00e0, <strong>Marilena Bernobich<\/strong> &#8211; e, tanto pi\u00f9, \u00e8 un dovere morale e civile continuare a porre il problema in ogni occasione possibile. Il Comune di Gorizia, in questi anni, ha organizzato diverse iniziative, spesso insieme ad associazioni come S.O.S. ROSA, alle forze dell\u2019ordine e ai servizi sociali per sensibilizzare l\u2019opinione pubblica ma anche per invitare le donne a scappare dagli uomini violenti e a denunciare ogni forma di sopruso. Anche gli ultimi fatti di cronaca, che vedono fra le vittime bambini piccoli, sono terribili e colpiscono al cuore. Sono eventi inaccettabili e tutti dobbiamo impegnarci a fare di pi\u00f9 perch\u00e9 se ancora oggi ci troviamo di fronte a queste tragedie vuol dire che qualcosa, nella nostra societ\u00e0, non funziona\u201d.<\/p>\n","protected":false},"excerpt":{"rendered":"<p>Serie di eventi per il 25 novembre<\/p>\n","protected":false},"author":28,"featured_media":40888,"comment_status":"closed","ping_status":"closed","sticky":false,"template":"","format":"standard","meta":{"dwc-title":[],"dwc-content":[],"footnotes":""},"categories":[5],"tags":[],"class_list":["post-40887","post","type-post","status-publish","format-standard","has-post-thumbnail","hentry","category-attualita"],"rttpg_featured_image_url":{"full":["https:\/\/imagazine.it\/wp-content\/uploads\/2024\/01\/44554-1.webp",1600,901,false],"landscape":["https:\/\/imagazine.it\/wp-content\/uploads\/2024\/01\/44554-1.webp",1600,901,false],"portraits":["https:\/\/imagazine.it\/wp-content\/uploads\/2024\/01\/44554-1.webp",1600,901,false],"thumbnail":["https:\/\/imagazine.it\/wp-content\/uploads\/2024\/01\/44554-1-150x150.webp",150,150,true],"medium":["https:\/\/imagazine.it\/wp-content\/uploads\/2024\/01\/44554-1-300x169.webp",300,169,true],"large":["https:\/\/imagazine.it\/wp-content\/uploads\/2024\/01\/44554-1-1024x577.webp",640,361,true],"thumblist":["https:\/\/imagazine.it\/wp-content\/uploads\/2024\/01\/44554-1.webp",300,169,false],"thumbrelated":["https:\/\/imagazine.it\/wp-content\/uploads\/2024\/01\/44554-1.webp",500,282,false],"meccarouselthumb":["https:\/\/imagazine.it\/wp-content\/uploads\/2024\/01\/44554-1.webp",474,267,false],"gridsquare":["https:\/\/imagazine.it\/wp-content\/uploads\/2024\/01\/44554-1.webp",391,220,false],"tileview":["https:\/\/imagazine.it\/wp-content\/uploads\/2024\/01\/44554-1.webp",300,169,false],"1536x1536":["https:\/\/imagazine.it\/wp-content\/uploads\/2024\/01\/44554-1-1536x865.webp",1536,865,true],"2048x2048":["https:\/\/imagazine.it\/wp-content\/uploads\/2024\/01\/44554-1.webp",1600,901,false],"newsup-slider-full":["https:\/\/imagazine.it\/wp-content\/uploads\/2024\/01\/44554-1-1280x720.webp",1280,720,true],"newsup-featured":["https:\/\/imagazine.it\/wp-content\/uploads\/2024\/01\/44554-1-1024x577.webp",1024,577,true],"newsup-medium":["https:\/\/imagazine.it\/wp-content\/uploads\/2024\/01\/44554-1-720x380.webp",720,380,true],"tptn_thumbnail":["https:\/\/imagazine.it\/wp-content\/uploads\/2024\/01\/44554-1.webp",250,141,false],"sow-carousel-default":["https:\/\/imagazine.it\/wp-content\/uploads\/2024\/01\/44554-1-272x182.webp",272,182,true]},"rttpg_author":{"display_name":"redazione","author_link":"https:\/\/imagazine.it\/home_desk\/author\/redazione\/"},"rttpg_comment":0,"rttpg_category":"<a href=\"https:\/\/imagazine.it\/home_desk\/category\/attualita\/\" rel=\"category tag\">ATTUALIT\u00c0<\/a>","rttpg_excerpt":"Serie di eventi per il 25 novembre","_links":{"self":[{"href":"https:\/\/imagazine.it\/home_desk\/wp-json\/wp\/v2\/posts\/40887","targetHints":{"allow":["GET"]}}],"collection":[{"href":"https:\/\/imagazine.it\/home_desk\/wp-json\/wp\/v2\/posts"}],"about":[{"href":"https:\/\/imagazine.it\/home_desk\/wp-json\/wp\/v2\/types\/post"}],"author":[{"embeddable":true,"href":"https:\/\/imagazine.it\/home_desk\/wp-json\/wp\/v2\/users\/28"}],"replies":[{"embeddable":true,"href":"https:\/\/imagazine.it\/home_desk\/wp-json\/wp\/v2\/comments?post=40887"}],"version-history":[{"count":0,"href":"https:\/\/imagazine.it\/home_desk\/wp-json\/wp\/v2\/posts\/40887\/revisions"}],"wp:featuredmedia":[{"embeddable":true,"href":"https:\/\/imagazine.it\/home_desk\/wp-json\/wp\/v2\/media\/40888"}],"wp:attachment":[{"href":"https:\/\/imagazine.it\/home_desk\/wp-json\/wp\/v2\/media?parent=40887"}],"wp:term":[{"taxonomy":"category","embeddable":true,"href":"https:\/\/imagazine.it\/home_desk\/wp-json\/wp\/v2\/categories?post=40887"},{"taxonomy":"post_tag","embeddable":true,"href":"https:\/\/imagazine.it\/home_desk\/wp-json\/wp\/v2\/tags?post=40887"}],"curies":[{"name":"wp","href":"https:\/\/api.w.org\/{rel}","templated":true}]}}