{"id":40863,"date":"2021-11-17T00:00:00","date_gmt":"2021-11-16T23:00:00","guid":{"rendered":"https:\/\/imagazine.it\/?p=40863"},"modified":"2021-11-17T00:00:00","modified_gmt":"2021-11-16T23:00:00","slug":"trieste-un-caffe-per-aiutare-i-bambini-chirurgici-del-burlo","status":"publish","type":"post","link":"https:\/\/imagazine.it\/home_desk\/trieste-un-caffe-per-aiutare-i-bambini-chirurgici-del-burlo\/","title":{"rendered":"Trieste, un caff\u00e9 per aiutare i bambini chirurgici del Burlo"},"content":{"rendered":"<p> \tRitorna a <strong>Trieste<\/strong> la<strong> campagna \u201cOffri un caff\u00e8 buonissimo<\/strong>\u201d, ideata da\u00a0<strong>A.B.C. &#8211; Associazione per i Bambini Chirurgici del Burlo onlus<\/strong> insieme a <strong>Confcommercio<\/strong> e <strong>Fipe Trieste, <\/strong>che l\u2019anno scorso la pandemia aveva messo in stand-by e che quest\u2019anno riprende per lanciare un segnale di ripresa e uno sguardo d\u2019apertura verso il futuro.\u00a0<\/p>\n<p> \tA Trieste il caff\u00e8 \u00e8 simbolo della cultura cittadina e con A.B.C. torna, dunque, a farsi portatore di solidariet\u00e0. Tutti i cittadini sono invitati <strong>a lasciare in dono il valore<\/strong> <strong>di un caff\u00e8 per sostenere i progetti di A.B.C<\/strong>. Ad accogliere le donazioni saranno le cassettine in legno, riconoscibili dall\u2019immagine della campagna <strong>e ospitate negli oltre centodieci esercizi pubblici e commerciali<\/strong> che aderiscono all\u2019iniziativa.<\/p>\n<p> \tLa campagna proseguir\u00e0 fino ai primi mesi del 2022.<\/p>\n<p> \tAl fianco dell\u2019Associazione, una rete che vede capofila<strong> Confcommercio e Fipe Trieste<\/strong>, che anche quest\u2019anno hanno dato il loro supporto per il coinvolgimento del tessuto commerciale cittadino. A loro si aggiunge il sostegno di <strong>Associazione Caff\u00e8 Trieste e Solidariet\u00e0 Trieste<\/strong> e la media partnership di <strong>Radio Punto Zero <\/strong>e <strong>Radio Attivit\u00e0<\/strong>, che con spot e approfondimenti sosterranno una capillare diffusione dell\u2019iniziativa.<\/p>\n<p> \tCon l&#39;hashtag <strong>#uncaffexABC<\/strong> \u00e8 possibile condividere foto e pensieri intorno alla campagna e contribuire alla sua diffusione.<\/p>\n<p> \tLa campagna viene lanciata per sostenere i progetti della onlus, che da sedici anni <strong>accompagna e supporta i bambini che devono affrontare lunghi e ripetuti interventi chirurgici all\u2019IRCCS Burlo Garofolo di Trieste e le loro famiglie<\/strong>. Nella fattispecie il raccolto di questa edizione di \u201cOffri un Caff\u00e8 buonissimo\u201d sar\u00e0 destinato all\u2019accoglienza delle famiglie nelle Case A.B.C. e al loro sostegno psicologico.<\/p>\n<p> \tGrazie alle donazioni di \u201cOffri un caff\u00e8 buonissimo\u201d sar\u00e0 possibile per A.B.C. dare seguito e supportare tutte le attivit\u00e0 che consentono all\u2019Associazione di essere un punto di riferimento e di rispondere concretamente ai bisogni delle famiglie e alle richieste in costante aumento. <strong>Solo tra gennaio e settembre 2021, A.B.C. ha contato 137 accoglienze e ha aperto le sue case per 863 giorni di ospitalit\u00e0.<\/strong><\/p>\n<p> \t\u00ab<em>Che tante realt\u00e0 si siano messe insieme a sostegno di questa campagna anche in una contingenza cos\u00ec delicata, \u00e8 un segnale per noi molto incoraggiante e ci sprona a fare sempre di pi\u00f9 e meglio per il nostro obiettivo comune, che mette al centro il bambino e la famiglia. Il momento della pandemia \u00e8 stato difficile per tutti i bambini, in particolare per i chirurgici: per questo ci sentiamo chiamati a nuovi impegni e nuove responsabilit\u00e0 nei loro confronti. Vogliamo, con le nostre attivit\u00e0, non solo confortare le famiglie e i loro bambini nel presente, ma agire in anticipo e accompagnali affinch\u00e9 siano al riparo da ulteriori difficolt\u00e0 anche sul lungo periodo. \u00c8 importante per noi stare al fianco di adulti e bambini perch\u00e9 possano accettare e comprendere ci\u00f2 che avviene oggi, per garantire loro una corretta elaborazione del vissuto chirurgico ed evitare disagi o traumi futuri. Per concentrarci su questo, sentire l\u2019appoggio e l\u2019affetto di un\u2019intera comunit\u00e0 \u00e8 fondamentale. Non possiamo che ringraziare sin da ora tutti i partner che ci sono al fianco e auspicare che anche quest\u2019anno, come nella precedente campagna, tanti piccoli gesti portino a un grande risultato\u201d, <\/em>commenta <strong>Giusy Battain, <\/strong>direttrice di A.B.C.<\/p>\n<p> \tNonostante non abbia potuto partecipare alla presentazione dell\u2019iniziativa, <strong>Antonio Paoletti, presidente di Confcommercio Trieste<\/strong>, ha lasciato il suo messaggio, auspicando come \u201c<em>pure in tale circostanza, le imprese del terziario sappiano rispondere con le consuete generosit\u00e0 e partecipazione a questa proposta di solidariet\u00e0, ribadendo in tal modo il loro capillare legame con il territorio e la loro disponibilit\u00e0 a contribuire a una causa di grande rilevanza<\/em>.<em> L\u2019adesione a \u201cOffri un caff\u00e8 buonissimo\u201d<\/em>, ha pure ricordato Paoletti, <em>rientra peraltro in quel contesto di attenzione per il sociale che l\u2019associazione di categoria concretizza nell\u2019arco dell\u2019anno attraverso anche altre iniziative\u201d.<\/em><\/p>\n<p> \tAnche <strong>Federica Suban, presidente Fipe Trieste,<\/strong> ha rimarcato che \u201c<em>malgrado la situazione di grande incertezza, con il comparto dei pubblici esercizi messo alla prova dalla quarta ondata della pandemia, vogliamo comunque confermare la nostra adesione all\u2019iniziativa, vogliamo comunque esserci, impegnandoci a dare continuit\u00e0 a quell\u2019abbraccio che, attraverso ABC Burlo, diamo a tante famiglie in un momento di loro fragilit\u00e0. Quello che stiamo passando, ha rimarcato quanto sia importate l\u2019assistenza, il supporto nei momenti di emergenza sanitaria. E in questo caso basta un piccolo gesto per donare conforto a chi ha un bimbo ospedalizzato<\/em>\u201d.<\/p>\n<p> \tAlla conferenza stampa erano presenti anche <strong>Elena Pellaschiar,<\/strong> referente del Gruppo Commercio di Confcommercio Confcommercio Trieste, <strong>Fabrizio Polojaz<\/strong>, presidente Associazione Caff\u00e8 Trieste, <strong>Felice Fulio Bragoni<\/strong>, presidente Solidariet\u00e0 Trieste.<\/p>\n","protected":false},"excerpt":{"rendered":"<p>Torna la campagna solidale<\/p>\n","protected":false},"author":28,"featured_media":40864,"comment_status":"closed","ping_status":"closed","sticky":false,"template":"","format":"standard","meta":{"dwc-title":[],"dwc-content":[],"footnotes":""},"categories":[5],"tags":[],"class_list":["post-40863","post","type-post","status-publish","format-standard","has-post-thumbnail","hentry","category-attualita"],"rttpg_featured_image_url":{"full":["https:\/\/imagazine.it\/wp-content\/uploads\/2024\/01\/44506-1.webp",1000,754,false],"landscape":["https:\/\/imagazine.it\/wp-content\/uploads\/2024\/01\/44506-1.webp",1000,754,false],"portraits":["https:\/\/imagazine.it\/wp-content\/uploads\/2024\/01\/44506-1.webp",1000,754,false],"thumbnail":["https:\/\/imagazine.it\/wp-content\/uploads\/2024\/01\/44506-1-150x150.webp",150,150,true],"medium":["https:\/\/imagazine.it\/wp-content\/uploads\/2024\/01\/44506-1-300x226.webp",300,226,true],"large":["https:\/\/imagazine.it\/wp-content\/uploads\/2024\/01\/44506-1.webp",640,483,false],"thumblist":["https:\/\/imagazine.it\/wp-content\/uploads\/2024\/01\/44506-1.webp",300,226,false],"thumbrelated":["https:\/\/imagazine.it\/wp-content\/uploads\/2024\/01\/44506-1.webp",500,377,false],"meccarouselthumb":["https:\/\/imagazine.it\/wp-content\/uploads\/2024\/01\/44506-1.webp",430,324,false],"gridsquare":["https:\/\/imagazine.it\/wp-content\/uploads\/2024\/01\/44506-1.webp",345,260,false],"tileview":["https:\/\/imagazine.it\/wp-content\/uploads\/2024\/01\/44506-1.webp",300,226,false],"1536x1536":["https:\/\/imagazine.it\/wp-content\/uploads\/2024\/01\/44506-1.webp",1000,754,false],"2048x2048":["https:\/\/imagazine.it\/wp-content\/uploads\/2024\/01\/44506-1.webp",1000,754,false],"newsup-slider-full":["https:\/\/imagazine.it\/wp-content\/uploads\/2024\/01\/44506-1-1000x720.webp",1000,720,true],"newsup-featured":["https:\/\/imagazine.it\/wp-content\/uploads\/2024\/01\/44506-1.webp",1000,754,false],"newsup-medium":["https:\/\/imagazine.it\/wp-content\/uploads\/2024\/01\/44506-1-720x380.webp",720,380,true],"tptn_thumbnail":["https:\/\/imagazine.it\/wp-content\/uploads\/2024\/01\/44506-1.webp",250,189,false],"sow-carousel-default":["https:\/\/imagazine.it\/wp-content\/uploads\/2024\/01\/44506-1-272x182.webp",272,182,true]},"rttpg_author":{"display_name":"redazione","author_link":"https:\/\/imagazine.it\/home_desk\/author\/redazione\/"},"rttpg_comment":0,"rttpg_category":"<a href=\"https:\/\/imagazine.it\/home_desk\/category\/attualita\/\" rel=\"category tag\">ATTUALIT\u00c0<\/a>","rttpg_excerpt":"Torna la campagna solidale","_links":{"self":[{"href":"https:\/\/imagazine.it\/home_desk\/wp-json\/wp\/v2\/posts\/40863","targetHints":{"allow":["GET"]}}],"collection":[{"href":"https:\/\/imagazine.it\/home_desk\/wp-json\/wp\/v2\/posts"}],"about":[{"href":"https:\/\/imagazine.it\/home_desk\/wp-json\/wp\/v2\/types\/post"}],"author":[{"embeddable":true,"href":"https:\/\/imagazine.it\/home_desk\/wp-json\/wp\/v2\/users\/28"}],"replies":[{"embeddable":true,"href":"https:\/\/imagazine.it\/home_desk\/wp-json\/wp\/v2\/comments?post=40863"}],"version-history":[{"count":0,"href":"https:\/\/imagazine.it\/home_desk\/wp-json\/wp\/v2\/posts\/40863\/revisions"}],"wp:featuredmedia":[{"embeddable":true,"href":"https:\/\/imagazine.it\/home_desk\/wp-json\/wp\/v2\/media\/40864"}],"wp:attachment":[{"href":"https:\/\/imagazine.it\/home_desk\/wp-json\/wp\/v2\/media?parent=40863"}],"wp:term":[{"taxonomy":"category","embeddable":true,"href":"https:\/\/imagazine.it\/home_desk\/wp-json\/wp\/v2\/categories?post=40863"},{"taxonomy":"post_tag","embeddable":true,"href":"https:\/\/imagazine.it\/home_desk\/wp-json\/wp\/v2\/tags?post=40863"}],"curies":[{"name":"wp","href":"https:\/\/api.w.org\/{rel}","templated":true}]}}