{"id":40855,"date":"2021-11-16T00:00:00","date_gmt":"2021-11-15T23:00:00","guid":{"rendered":"https:\/\/imagazine.it\/?p=40855"},"modified":"2021-11-16T00:00:00","modified_gmt":"2021-11-15T23:00:00","slug":"cervignano-lassociazione-micologica-non-conosce-pause","status":"publish","type":"post","link":"https:\/\/imagazine.it\/home_desk\/cervignano-lassociazione-micologica-non-conosce-pause\/","title":{"rendered":"Cervignano, l&#8217;Associazione Micologica non conosce pause"},"content":{"rendered":"<p> \tNon sono ancora terminati i corsi preparatori del 2021 al conseguimento del patentino per la raccolta funghi, che l&#39;<strong>Associazione<\/strong> <strong>Micologica Bassa Friulana<\/strong> pensa gi\u00e0 al 2022.<\/p>\n<p> \tNell\u2019anno in corso se ne sono tenuti due con una sessantina di partecipanti; tutti sono stati promossi dalla commissione dell\u2019azienda sanitaria perci\u00f2 hanno potuto conseguire il documento che gli permette di raccogliere il prezioso frutto in sicurezza. Ora si sta gi\u00e0 organizzando il nuovo corso che avr\u00e0 inizio nei primi giorni di febbraio 2022 e che sar\u00e0 tenuto da due persone molto esperte in questo campo: <strong>Giuliano Ferisin<\/strong> e <strong>Carlo Lattanzio<\/strong>. Il corso si svilupper\u00e0 in 16 ore, a cui si aggiungeranno anche 4 ore di approfondimento e una o due uscite sul territorio. Ogni marted\u00ec e gioved\u00ec dalle 20 alle 22 il corso si terr\u00e0 nella sede in via Zorutti a <strong>Cervignano del Friuli<\/strong> oppure presso il Centro Civico, a <strong>Muscoli<\/strong> di Cervignano. Per informazioni e iscrizioni ci si pu\u00f2 rivolgere telefonando ai numeri 3381239847 oppure allo 3427870336 o scrivere a micologiabf@gmail.com.<\/p>\n<p> \tTra le attivit\u00e0 svolte nel 2021, quella pi\u00f9 prestigiosa \u00e8 stata la presentazione del libro \u201c<em>Impariamo a conoscere i funghi<\/em>\u201d, scritto da Giuliano Ferisin, 500 pagine dove sono proposte 400 specie di funghi che si possono reperire in regione. Inoltre \u00e8 stata elaborata una dispensa micologica per aiuto ai corsisti.<\/p>\n<p> \tL\u2019attivit\u00e0 non si \u00e8 limitata ai libri: ogni mese ci sono state escursioni in Friuli Venezia Giulia, in Slovenia e in Austria. Inoltre sono state organizzate delle mostre micologiche: in occasione della \u201cFesta del Refosco\u201d a Villa Chiozza a Scodovacca e in occasione della \u201cFesta della Zucca\u201d a San Martino di Terzo d\u2019Aquileia.<\/p>\n<p> \tUn\u2019altra occasione per far conoscere l\u2019associazione \u00e8 stata durante la \u201cBarcolina\u201d, manifestazione inclusa nella Barcolana.<\/p>\n<p> \tOra come ultimo atto per il 2021, il <strong>4 dicembre<\/strong> sar\u00e0 organizzata la cena sociale dove sar\u00e0 distribuito in anteprima il calendario 2022.<\/p>\n<p> \tPer il nuovo anno saranno programmati due corsi di preparazione al patentino, una trentina di uscite sul territorio regionale e nelle regioni limitrofe e mostre a tema. L\u2019attivit\u00e0 \u00e8 settimanale in quanto ogni luned\u00ec sera nella sede di via Zorutti dalle 20 si parla di funghi, si analizza il raccolto del weekend e si pu\u00f2 consultare anche una nutrita biblioteca.<\/p>\n<p> \tL&#39;associazione ha come denominazione Bassa Friulana: i 110 soci iscritti, infatti, provengono un po\u2019 dappertutto partendo da Grado e passando per Cervignano arrivando fino a Latisana e Lignano.<\/p>\n","protected":false},"excerpt":{"rendered":"<p>Gi\u00e0 in cantiere gli appuntamenti per il 2022<\/p>\n","protected":false},"author":22,"featured_media":40856,"comment_status":"closed","ping_status":"closed","sticky":false,"template":"","format":"standard","meta":{"dwc-title":[],"dwc-content":[],"footnotes":""},"categories":[5],"tags":[],"class_list":["post-40855","post","type-post","status-publish","format-standard","has-post-thumbnail","hentry","category-attualita"],"rttpg_featured_image_url":{"full":["https:\/\/imagazine.it\/wp-content\/uploads\/2024\/01\/44496-1.webp",2001,1500,false],"landscape":["https:\/\/imagazine.it\/wp-content\/uploads\/2024\/01\/44496-1.webp",2001,1500,false],"portraits":["https:\/\/imagazine.it\/wp-content\/uploads\/2024\/01\/44496-1.webp",2001,1500,false],"thumbnail":["https:\/\/imagazine.it\/wp-content\/uploads\/2024\/01\/44496-1-150x150.webp",150,150,true],"medium":["https:\/\/imagazine.it\/wp-content\/uploads\/2024\/01\/44496-1-300x225.webp",300,225,true],"large":["https:\/\/imagazine.it\/wp-content\/uploads\/2024\/01\/44496-1-1024x768.webp",640,480,true],"thumblist":["https:\/\/imagazine.it\/wp-content\/uploads\/2024\/01\/44496-1.webp",300,225,false],"thumbrelated":["https:\/\/imagazine.it\/wp-content\/uploads\/2024\/01\/44496-1.webp",500,375,false],"meccarouselthumb":["https:\/\/imagazine.it\/wp-content\/uploads\/2024\/01\/44496-1.webp",432,324,false],"gridsquare":["https:\/\/imagazine.it\/wp-content\/uploads\/2024\/01\/44496-1.webp",347,260,false],"tileview":["https:\/\/imagazine.it\/wp-content\/uploads\/2024\/01\/44496-1.webp",300,225,false],"1536x1536":["https:\/\/imagazine.it\/wp-content\/uploads\/2024\/01\/44496-1-1536x1151.webp",1536,1151,true],"2048x2048":["https:\/\/imagazine.it\/wp-content\/uploads\/2024\/01\/44496-1.webp",2001,1500,false],"newsup-slider-full":["https:\/\/imagazine.it\/wp-content\/uploads\/2024\/01\/44496-1-1280x720.webp",1280,720,true],"newsup-featured":["https:\/\/imagazine.it\/wp-content\/uploads\/2024\/01\/44496-1-1024x768.webp",1024,768,true],"newsup-medium":["https:\/\/imagazine.it\/wp-content\/uploads\/2024\/01\/44496-1-720x380.webp",720,380,true],"tptn_thumbnail":["https:\/\/imagazine.it\/wp-content\/uploads\/2024\/01\/44496-1.webp",250,187,false],"sow-carousel-default":["https:\/\/imagazine.it\/wp-content\/uploads\/2024\/01\/44496-1-272x182.webp",272,182,true]},"rttpg_author":{"display_name":"Livio Nonis","author_link":"https:\/\/imagazine.it\/home_desk\/author\/nonis\/"},"rttpg_comment":0,"rttpg_category":"<a href=\"https:\/\/imagazine.it\/home_desk\/category\/attualita\/\" rel=\"category tag\">ATTUALIT\u00c0<\/a>","rttpg_excerpt":"Gi\u00e0 in cantiere gli appuntamenti per il 2022","_links":{"self":[{"href":"https:\/\/imagazine.it\/home_desk\/wp-json\/wp\/v2\/posts\/40855","targetHints":{"allow":["GET"]}}],"collection":[{"href":"https:\/\/imagazine.it\/home_desk\/wp-json\/wp\/v2\/posts"}],"about":[{"href":"https:\/\/imagazine.it\/home_desk\/wp-json\/wp\/v2\/types\/post"}],"author":[{"embeddable":true,"href":"https:\/\/imagazine.it\/home_desk\/wp-json\/wp\/v2\/users\/22"}],"replies":[{"embeddable":true,"href":"https:\/\/imagazine.it\/home_desk\/wp-json\/wp\/v2\/comments?post=40855"}],"version-history":[{"count":0,"href":"https:\/\/imagazine.it\/home_desk\/wp-json\/wp\/v2\/posts\/40855\/revisions"}],"wp:featuredmedia":[{"embeddable":true,"href":"https:\/\/imagazine.it\/home_desk\/wp-json\/wp\/v2\/media\/40856"}],"wp:attachment":[{"href":"https:\/\/imagazine.it\/home_desk\/wp-json\/wp\/v2\/media?parent=40855"}],"wp:term":[{"taxonomy":"category","embeddable":true,"href":"https:\/\/imagazine.it\/home_desk\/wp-json\/wp\/v2\/categories?post=40855"},{"taxonomy":"post_tag","embeddable":true,"href":"https:\/\/imagazine.it\/home_desk\/wp-json\/wp\/v2\/tags?post=40855"}],"curies":[{"name":"wp","href":"https:\/\/api.w.org\/{rel}","templated":true}]}}