{"id":40851,"date":"2021-11-16T00:00:00","date_gmt":"2021-11-15T23:00:00","guid":{"rendered":"https:\/\/imagazine.it\/?p=40851"},"modified":"2021-11-16T00:00:00","modified_gmt":"2021-11-15T23:00:00","slug":"palmanova-nuovo-finanziamento-per-il-sottopasso-di-san-marco","status":"publish","type":"post","link":"https:\/\/imagazine.it\/home_desk\/palmanova-nuovo-finanziamento-per-il-sottopasso-di-san-marco\/","title":{"rendered":"Palmanova, nuovo finanziamento per il sottopasso di San Marco"},"content":{"rendered":"<p> \tCon l\u2019approvazione della variante in corso d\u2019opera, riprenderanno i lavori di <strong>realizzazione del sottopasso ferroviario di San Marco<\/strong>, tra la citt\u00e0 stellata e la zona industriale di Palmanova, in direzione Udine.<\/p>\n<p> \tAlcune variazioni all\u2019iniziale progettazione, iniziata dalla Provincia di Udine e poi conclusa nel 2017 dalla Regione, hanno <strong>richiesto un ulteriore finanziamento<\/strong>, giunto dalla Regione stessa a copertura dei maggiori costi.<\/p>\n<p> \tI <strong>470.000 euro ottenuti serviranno a soddisfare le richieste di Rete Ferroviaria Italiana<\/strong> di adeguare la realizzazione dell\u2019opera ai nuovi standard di sicurezza. Inoltre, rispetto a quanto inizialmente ipotizzato, la <strong>finestra per i lavori notturni verr\u00e0 ridotta da 7 a sole 4 ore<\/strong> con un aumento conseguente degli oneri a carico dell\u2019impresa esecutrice. Altre problematiche, ora risolte, riguardavano le <strong>interferenze delle opere<\/strong> con la rete dell\u2019acquedotto, con la rete in fibra ottica e con la roggia, gli adeguamenti del sistema di <strong>raccolta e smaltimento delle acque meteoriche<\/strong> e della larghezza delle corsie, il miglioramento della visibilit\u00e0 sulle rampe, l\u2019incremento della larghezza della pista ciclabile e l\u2019estensione dei sistemi di protezione della sede stradale.<\/p>\n<p> \t\u201cTutte migliorie che renderanno <strong>l\u2019opera pi\u00f9 sicura e adeguata ai nuovi standard<\/strong>. Modifiche imprescindibili che hanno per\u00f2 comportato un rallentamento nella realizzazione dell\u2019opera. Ora, con l\u2019approvazione di oggi, <strong>diamo nuovo slancio al progetto<\/strong> con i lavori che possono nuovamente cominciare. Un ringraziamento deve andare alla Regione FVG che ha sostenuto e sta sostenendo la realizzazione dell\u2019opera\u201d, commenta il sindaco <strong>Giuseppe Tellini<\/strong> assieme al vicesindaco e assessore alle opere pubbliche <strong>Francesco Martines<\/strong>.<\/p>\n<p> \tL\u2019opera, nel suo complesso, con la recente integrazione, prevede un investimento di <strong>3,7 milioni di euro<\/strong>. La realizzazione \u00e8 <strong>prevista in due anni e mezzo <\/strong>e se ne occuperanno Adriastrade di Monfalcone assieme all\u2019impresa Coletti di San Biagio di Callalta (Treviso), le stesse che hanno concluso la rotonda fuori Porta Aquileia. Questa doppia rotatoria con sottopasso \u00e8 stata pensata e realizzata per superare il blocco al traffico rappresentato <strong>dal passaggio a livello che conduce alla zona industriale<\/strong> e verso gli abitati di Gonars e San Giorgio di Nogaro.<\/p>\n<p> \tAd ora \u00e8 gi\u00e0 stata realizzata una bretella che devier\u00e0 la strada regionale, poi verr\u00e0 conclusa la prima rotatoria e, a seguire il sottopasso e, contemporaneamente, la rotonda verso la zona industriale. Grazie alla realizzazione del primo bypass, <strong>la viabilit\u00e0 veicolare non verr\u00e0 mai interrotta.<\/strong><\/p>\n","protected":false},"excerpt":{"rendered":"<p>La Regione stanzia 470 mila euro<\/p>\n","protected":false},"author":28,"featured_media":40852,"comment_status":"closed","ping_status":"closed","sticky":false,"template":"","format":"standard","meta":{"dwc-title":[],"dwc-content":[],"footnotes":""},"categories":[5],"tags":[],"class_list":["post-40851","post","type-post","status-publish","format-standard","has-post-thumbnail","hentry","category-attualita"],"rttpg_featured_image_url":{"full":["https:\/\/imagazine.it\/wp-content\/uploads\/2024\/01\/44490-1.webp",1440,1080,false],"landscape":["https:\/\/imagazine.it\/wp-content\/uploads\/2024\/01\/44490-1.webp",1440,1080,false],"portraits":["https:\/\/imagazine.it\/wp-content\/uploads\/2024\/01\/44490-1.webp",1440,1080,false],"thumbnail":["https:\/\/imagazine.it\/wp-content\/uploads\/2024\/01\/44490-1-150x150.webp",150,150,true],"medium":["https:\/\/imagazine.it\/wp-content\/uploads\/2024\/01\/44490-1-300x225.webp",300,225,true],"large":["https:\/\/imagazine.it\/wp-content\/uploads\/2024\/01\/44490-1-1024x768.webp",640,480,true],"thumblist":["https:\/\/imagazine.it\/wp-content\/uploads\/2024\/01\/44490-1.webp",300,225,false],"thumbrelated":["https:\/\/imagazine.it\/wp-content\/uploads\/2024\/01\/44490-1.webp",500,375,false],"meccarouselthumb":["https:\/\/imagazine.it\/wp-content\/uploads\/2024\/01\/44490-1.webp",432,324,false],"gridsquare":["https:\/\/imagazine.it\/wp-content\/uploads\/2024\/01\/44490-1.webp",347,260,false],"tileview":["https:\/\/imagazine.it\/wp-content\/uploads\/2024\/01\/44490-1.webp",300,225,false],"1536x1536":["https:\/\/imagazine.it\/wp-content\/uploads\/2024\/01\/44490-1.webp",1440,1080,false],"2048x2048":["https:\/\/imagazine.it\/wp-content\/uploads\/2024\/01\/44490-1.webp",1440,1080,false],"newsup-slider-full":["https:\/\/imagazine.it\/wp-content\/uploads\/2024\/01\/44490-1-1280x720.webp",1280,720,true],"newsup-featured":["https:\/\/imagazine.it\/wp-content\/uploads\/2024\/01\/44490-1-1024x768.webp",1024,768,true],"newsup-medium":["https:\/\/imagazine.it\/wp-content\/uploads\/2024\/01\/44490-1-720x380.webp",720,380,true],"tptn_thumbnail":["https:\/\/imagazine.it\/wp-content\/uploads\/2024\/01\/44490-1.webp",250,188,false],"sow-carousel-default":["https:\/\/imagazine.it\/wp-content\/uploads\/2024\/01\/44490-1-272x182.webp",272,182,true]},"rttpg_author":{"display_name":"redazione","author_link":"https:\/\/imagazine.it\/home_desk\/author\/redazione\/"},"rttpg_comment":0,"rttpg_category":"<a href=\"https:\/\/imagazine.it\/home_desk\/category\/attualita\/\" rel=\"category tag\">ATTUALIT\u00c0<\/a>","rttpg_excerpt":"La Regione stanzia 470 mila euro","_links":{"self":[{"href":"https:\/\/imagazine.it\/home_desk\/wp-json\/wp\/v2\/posts\/40851","targetHints":{"allow":["GET"]}}],"collection":[{"href":"https:\/\/imagazine.it\/home_desk\/wp-json\/wp\/v2\/posts"}],"about":[{"href":"https:\/\/imagazine.it\/home_desk\/wp-json\/wp\/v2\/types\/post"}],"author":[{"embeddable":true,"href":"https:\/\/imagazine.it\/home_desk\/wp-json\/wp\/v2\/users\/28"}],"replies":[{"embeddable":true,"href":"https:\/\/imagazine.it\/home_desk\/wp-json\/wp\/v2\/comments?post=40851"}],"version-history":[{"count":0,"href":"https:\/\/imagazine.it\/home_desk\/wp-json\/wp\/v2\/posts\/40851\/revisions"}],"wp:featuredmedia":[{"embeddable":true,"href":"https:\/\/imagazine.it\/home_desk\/wp-json\/wp\/v2\/media\/40852"}],"wp:attachment":[{"href":"https:\/\/imagazine.it\/home_desk\/wp-json\/wp\/v2\/media?parent=40851"}],"wp:term":[{"taxonomy":"category","embeddable":true,"href":"https:\/\/imagazine.it\/home_desk\/wp-json\/wp\/v2\/categories?post=40851"},{"taxonomy":"post_tag","embeddable":true,"href":"https:\/\/imagazine.it\/home_desk\/wp-json\/wp\/v2\/tags?post=40851"}],"curies":[{"name":"wp","href":"https:\/\/api.w.org\/{rel}","templated":true}]}}