{"id":40827,"date":"2021-11-12T00:00:00","date_gmt":"2021-11-11T23:00:00","guid":{"rendered":"https:\/\/imagazine.it\/?p=40827"},"modified":"2021-11-12T00:00:00","modified_gmt":"2021-11-11T23:00:00","slug":"il-fvg-si-tinge-di-blu-contro-il-diabete","status":"publish","type":"post","link":"https:\/\/imagazine.it\/home_desk\/il-fvg-si-tinge-di-blu-contro-il-diabete\/","title":{"rendered":"Il FVG si tinge di blu contro il diabete"},"content":{"rendered":"<p> \tIl 14 novembre si celebra la GMD &#8211; <strong>Giornata Mondiale del Diabete<\/strong> (<em>WDD \u2013 World Diabetes Day<\/em>) e tutto il mese \u00e8 considerato il \u201cmese del diabete\u201d.<\/p>\n<p> \tPer questo vengono messe in atto una serie di iniziative per sensibilizzare su questa patologia, facendo informazione e prevenzione.<\/p>\n<p> \tIl diabete, infatti, \u00e8 una patologia complessa che richiede formazione, competenza, responsabilit\u00e0 e aderenza terapeutica.<\/p>\n<p> \tQuest\u2019anno, molte amministrazioni comunali tra cui Udine, Trieste, Pordenone, Monfalcone, Mortegliano, San Daniele, Tavagnacco hanno risposto positivamente alla richiesta inoltrata dal <strong>CRAD<\/strong> (Coordinamento Regionale Associazioni Diabetici), di partecipare alla <strong><em>Blue Monument Challenge<\/em><\/strong>, provvedendo a illuminare di Blu (il colore simbolo del diabete) la sede comunale o un altro edificio.<\/p>\n<p> \tLe universit\u00e0 di <strong>Udine<\/strong> e <strong>Trieste<\/strong> partecipano all&#39;iniziativa con l&#39;illuminazione delle loro sedi, l&#39;ospedale pediatrico <strong>Burlo Garofalo<\/strong> illuminer\u00e0 l&#39;ingresso e anche il campanile pi\u00f9 alto d\u2019Italia, a <strong>Mortegliano<\/strong>, sar\u00e0 l&#39;illuminato in blu.<\/p>\n<p> \tUn piccolo contributo per sensibilizzare i cittadini, le comunit\u00e0 universitarie e gli amministratori pubblici nei confronti di una patologia cronica e invalidante che colpisce un numero rilevante di persone e anche molti bambini.<\/p>\n<p> \tDomenica 14 novembre l&#39;<strong>Associazione<\/strong> <strong>Friulana Famiglie Diabetici, Associazione Isontina Diabetici, Ins\u00f9 Trieste, Sweet Team e Piedini della notte della bassa friulana <\/strong>sotto l&#39;egida del CRAD, celebreranno insieme i 100 anni della scoperta dell&#39;insulina e i 100 anni del milite ignoto con una camminata, con guida storica, sui sentieri della Grande Guerra con partenza dal Sacrario di Redipuglia.<\/p>\n<p> \tLe varie associazioni saranno poi impegnate singolarmente su tutto il territorio regionale: la Nuova Asso Diabetici Trieste sar\u00e0 presente al centro commerciale Montedoro per la misurazione della glicemia sabato 13 e domenica 14, sempre il 14 Ins\u00f9 Pordenone sar\u00e0 impegnata in una passeggiata in salute con partenza da piazza XX settembre, a cui si unir\u00e0 un gruppo di Nordic Walking facente parte dell&#39;Associazione Famiglie Diabetici della Provincia di Pordenone i quali erano gi\u00e0 scesi in campo sabato 6 novembre, al centro commerciale Meduna, portando, un messaggio di solidariet\u00e0, prevenzione, ricerca e informazione e offrendo l\u2019opportunit\u00e0 di misurare gratuitamente la glicemia.<\/p>\n<p> \tIl Coordinamento Regionale delle Associazioni di persone con Diabete \u00e8 una federazione che riunisce quasi tutte le Associazioni di persone con diabete, che operano sul territorio regionale. Il tema scelto a livello mondiale per la Giornata mondiale del diabete di quest\u2019anno \u00e8 l\u2019accesso alle cure. Nel nostro Paese, infatti, i pazienti possono godere di un\u2019assistenza sanitaria universale, ma ci sono ancora molte localit\u00e0 decentrate o poco servite, come tutta l\u2019area montuosa del FVG. Cos\u00ec come ci sono disparit\u00e0 nell\u2019accesso ai farmaci, alle terapie innovative, ai dispositivi tecnologici, al supporto psicologico, all\u2019educazione terapeutica, ai corsi di formazione per gli insegnanti di bambini con diabete, alla formazione sugli stili di vita sani.<\/p>\n<p> \tIl CRAD unitamente alle Associazioni regionali sono cos\u00ec impegnati nel diffondere la conoscenza della malattia nelle sue diverse manifestazioni facendosi portavoce delle esigenze delle persone con il diabete e delle loro famiglie, con azioni di sensibilizzazione solidariet\u00e0 e confronto, collaborazione e coinvolgimento.<\/p>\n","protected":false},"excerpt":{"rendered":"<p>Per la Giornata mondiale della patologia<\/p>\n","protected":false},"author":22,"featured_media":40828,"comment_status":"closed","ping_status":"closed","sticky":false,"template":"","format":"standard","meta":{"dwc-title":[],"dwc-content":[],"footnotes":""},"categories":[6],"tags":[],"class_list":["post-40827","post","type-post","status-publish","format-standard","has-post-thumbnail","hentry","category-societa"],"rttpg_featured_image_url":{"full":["https:\/\/imagazine.it\/wp-content\/uploads\/2024\/01\/44441-1.webp",960,640,false],"landscape":["https:\/\/imagazine.it\/wp-content\/uploads\/2024\/01\/44441-1.webp",960,640,false],"portraits":["https:\/\/imagazine.it\/wp-content\/uploads\/2024\/01\/44441-1.webp",960,640,false],"thumbnail":["https:\/\/imagazine.it\/wp-content\/uploads\/2024\/01\/44441-1-150x150.webp",150,150,true],"medium":["https:\/\/imagazine.it\/wp-content\/uploads\/2024\/01\/44441-1-300x200.webp",300,200,true],"large":["https:\/\/imagazine.it\/wp-content\/uploads\/2024\/01\/44441-1.webp",640,427,false],"thumblist":["https:\/\/imagazine.it\/wp-content\/uploads\/2024\/01\/44441-1.webp",300,200,false],"thumbrelated":["https:\/\/imagazine.it\/wp-content\/uploads\/2024\/01\/44441-1.webp",500,333,false],"meccarouselthumb":["https:\/\/imagazine.it\/wp-content\/uploads\/2024\/01\/44441-1.webp",474,316,false],"gridsquare":["https:\/\/imagazine.it\/wp-content\/uploads\/2024\/01\/44441-1.webp",391,260,false],"tileview":["https:\/\/imagazine.it\/wp-content\/uploads\/2024\/01\/44441-1.webp",300,200,false],"1536x1536":["https:\/\/imagazine.it\/wp-content\/uploads\/2024\/01\/44441-1.webp",960,640,false],"2048x2048":["https:\/\/imagazine.it\/wp-content\/uploads\/2024\/01\/44441-1.webp",960,640,false],"newsup-slider-full":["https:\/\/imagazine.it\/wp-content\/uploads\/2024\/01\/44441-1.webp",960,640,false],"newsup-featured":["https:\/\/imagazine.it\/wp-content\/uploads\/2024\/01\/44441-1.webp",960,640,false],"newsup-medium":["https:\/\/imagazine.it\/wp-content\/uploads\/2024\/01\/44441-1-720x380.webp",720,380,true],"tptn_thumbnail":["https:\/\/imagazine.it\/wp-content\/uploads\/2024\/01\/44441-1.webp",250,167,false],"sow-carousel-default":["https:\/\/imagazine.it\/wp-content\/uploads\/2024\/01\/44441-1-272x182.webp",272,182,true]},"rttpg_author":{"display_name":"Livio Nonis","author_link":"https:\/\/imagazine.it\/home_desk\/author\/nonis\/"},"rttpg_comment":0,"rttpg_category":"<a href=\"https:\/\/imagazine.it\/home_desk\/category\/societa\/\" rel=\"category tag\">SOCIET\u00c0<\/a>","rttpg_excerpt":"Per la Giornata mondiale della patologia","_links":{"self":[{"href":"https:\/\/imagazine.it\/home_desk\/wp-json\/wp\/v2\/posts\/40827","targetHints":{"allow":["GET"]}}],"collection":[{"href":"https:\/\/imagazine.it\/home_desk\/wp-json\/wp\/v2\/posts"}],"about":[{"href":"https:\/\/imagazine.it\/home_desk\/wp-json\/wp\/v2\/types\/post"}],"author":[{"embeddable":true,"href":"https:\/\/imagazine.it\/home_desk\/wp-json\/wp\/v2\/users\/22"}],"replies":[{"embeddable":true,"href":"https:\/\/imagazine.it\/home_desk\/wp-json\/wp\/v2\/comments?post=40827"}],"version-history":[{"count":0,"href":"https:\/\/imagazine.it\/home_desk\/wp-json\/wp\/v2\/posts\/40827\/revisions"}],"wp:featuredmedia":[{"embeddable":true,"href":"https:\/\/imagazine.it\/home_desk\/wp-json\/wp\/v2\/media\/40828"}],"wp:attachment":[{"href":"https:\/\/imagazine.it\/home_desk\/wp-json\/wp\/v2\/media?parent=40827"}],"wp:term":[{"taxonomy":"category","embeddable":true,"href":"https:\/\/imagazine.it\/home_desk\/wp-json\/wp\/v2\/categories?post=40827"},{"taxonomy":"post_tag","embeddable":true,"href":"https:\/\/imagazine.it\/home_desk\/wp-json\/wp\/v2\/tags?post=40827"}],"curies":[{"name":"wp","href":"https:\/\/api.w.org\/{rel}","templated":true}]}}