{"id":40821,"date":"2021-11-12T00:00:00","date_gmt":"2021-11-11T23:00:00","guid":{"rendered":"https:\/\/imagazine.it\/?p=40821"},"modified":"2021-11-12T00:00:00","modified_gmt":"2021-11-11T23:00:00","slug":"trieste-celebra-la-giornata-mondiale-del-bambino-prematuro","status":"publish","type":"post","link":"https:\/\/imagazine.it\/home_desk\/trieste-celebra-la-giornata-mondiale-del-bambino-prematuro\/","title":{"rendered":"Trieste celebra la Giornata Mondiale del Bambino prematuro"},"content":{"rendered":"<p> \tIl 17 novembre si celebra in tutto il mondo la giornata mondiale della prematurit\u00e0, evento nato a Roma nel 2008 grazie all&#39;impegno della European Foundation for the Care of Newborn Infants (EFCNI), istituito per richiamare l&#39;attenzione sui temi riguardanti la prematurit\u00e0 e oggi riconosciuto anche dal Parlamento Europeo.\u00a0<\/p>\n<p> \tIn Friuli Venezia Giulia, <strong>Scricciolo Associazione Genitori ODV<\/strong> opera da anni all\u2019interno del <strong>Burlo Garofolo di Trieste<\/strong> a favore dei bambini prematuri e delle loro famiglie e anche quest\u2019anno ha messo in campo numerose iniziative.<\/p>\n<p> \t\u00c8 ormai tradizione che monumenti e facciate di palazzi istituzionali vengano illuminate con il colore simbolo del World Prematurity Day e Trieste non mancher\u00e0 all\u2019appello colorando a tema il <strong>Palazzo della Prefettura<\/strong> e quello della <strong>Regione<\/strong>, in Piazza Unit\u00e0 d\u2019Italia, e il <strong>Ponte Joyce<\/strong>, conosciuto anche come \u201cPonte Curto\u201d. Anche il <strong>Burlo<\/strong> colorer\u00e0 il suo ingresso di viola, dal 16 al 21 novembre.<\/p>\n<p> \tDal 13 al 17 novembre, in Piazza della Borsa sar\u00e0 presente un container dove chi vorr\u00e0 conoscere e approfondire le attivit\u00e0 svolte da Scricciolo potr\u00e0 rivolgersi ai volontari e potr\u00e0 anche donare un contributo per ricevere le magliette, le borracce del progetto Green Tin o il libro \u201cStoria di un bimbo\u201d. Il ricavato sar\u00e0 utilizzato per finanziare il progetto &#8220;Psicologo in reparto &#8211; Follow up esteso&#8221; per le annualit\u00e0 2022\/23.<\/p>\n<p> \tSempre il 17 novembre, all\u2019NH Hotel di Corso Cavour con inizio alle 14.30, si terr\u00e0 il convegno \u201c<em>Nascere prima del tempo: una riflessione sugli esiti nello sviluppo<\/em>\u201d che fra gli ospiti, oltre ai rappresentanti del Burlo Garofolo, della Direzione Sanitaria regionale e di Scricciolo vedr\u00e0 anche: <strong>Daniela Lucangeli<\/strong>, professoressa di Psicologia dello sviluppo all&#39;Universit\u00e0 di Padova ed esperta di psicologia dell&#39;apprendimento; <strong>Fabio Mosca<\/strong>, direttore della scuola di Pediatria dell\u2019Universit\u00e0 degli studi di Milano e direttore dell\u2019Unit\u00e0 operativa di Neonatologia e Terapia Intensiva neonatale al Policlinico di Milano; <strong>Monica Ceccatelli<\/strong>, vicepresidente di \u201cVivere Onlus\u201d, coordinamento nazionale associazioni per la Neonatologia.<\/p>\n<p> \tLe relazioni si focalizzeranno sullo stato dell&#39;arte, sui percorsi attuati e sul supporto alle famiglie dei bambini nati pretermine da parte delle Istituzioni e delle Associazioni.<\/p>\n<p> \t\u00a0<\/p>\n<p> \t<em>La nascita prima delle 37 settimane di et\u00e0 gestazionale \u00e8 considerata pretermine, e se sotto le 32 settimane di et\u00e0 gestazionale gravemente pretermine. Questi bambini vengono seguiti in un percorso di follow up fino ai 2 anni di et\u00e0, ma ci\u00f2 pu\u00f2 non essere sufficiente a individuare disturbi meno evidenti, che possono manifestarsi all&#39;ingresso nella scuola dell&#39;infanzia e poi nella scuola primaria. <\/em><\/p>\n<p> \t<em>Studi recenti dimostrano come a 8 anni, nei bambini pretermine, si osservi una frequenza superiore rispetto all&#39;atteso di disturbi specifici dell&#39;apprendimento (dislessia, discalculia, disgrafia&#8230;) e di deficit attentivo con iperattivit\u00e0. Interventi di prevenzione precoce e mirati possono fare la differenza, sostenere i bambini che evidenziano dei disturbi comportamentali, di concentrazione, di iperattivit\u00e0, li aiuter\u00e0 ad avere una migliore preparazione all&#39;ingresso nel mondo scolastico.<\/em><\/p>\n<p> \t<em>I bambini pretermine rientrano in una fascia fragile che ha il diritto a essere tutelata. <\/em><\/p>\n","protected":false},"excerpt":{"rendered":"<p>Mercoled\u00ec 17 novembre<\/p>\n","protected":false},"author":28,"featured_media":40822,"comment_status":"closed","ping_status":"closed","sticky":false,"template":"","format":"standard","meta":{"dwc-title":[],"dwc-content":[],"footnotes":""},"categories":[6],"tags":[],"class_list":["post-40821","post","type-post","status-publish","format-standard","has-post-thumbnail","hentry","category-societa"],"rttpg_featured_image_url":{"full":["https:\/\/imagazine.it\/wp-content\/uploads\/2024\/01\/44425-1.webp",750,507,false],"landscape":["https:\/\/imagazine.it\/wp-content\/uploads\/2024\/01\/44425-1.webp",750,507,false],"portraits":["https:\/\/imagazine.it\/wp-content\/uploads\/2024\/01\/44425-1.webp",750,507,false],"thumbnail":["https:\/\/imagazine.it\/wp-content\/uploads\/2024\/01\/44425-1-150x150.webp",150,150,true],"medium":["https:\/\/imagazine.it\/wp-content\/uploads\/2024\/01\/44425-1-300x203.webp",300,203,true],"large":["https:\/\/imagazine.it\/wp-content\/uploads\/2024\/01\/44425-1.webp",640,433,false],"thumblist":["https:\/\/imagazine.it\/wp-content\/uploads\/2024\/01\/44425-1.webp",300,203,false],"thumbrelated":["https:\/\/imagazine.it\/wp-content\/uploads\/2024\/01\/44425-1.webp",500,338,false],"meccarouselthumb":["https:\/\/imagazine.it\/wp-content\/uploads\/2024\/01\/44425-1.webp",474,320,false],"gridsquare":["https:\/\/imagazine.it\/wp-content\/uploads\/2024\/01\/44425-1.webp",385,260,false],"tileview":["https:\/\/imagazine.it\/wp-content\/uploads\/2024\/01\/44425-1.webp",300,203,false],"1536x1536":["https:\/\/imagazine.it\/wp-content\/uploads\/2024\/01\/44425-1.webp",750,507,false],"2048x2048":["https:\/\/imagazine.it\/wp-content\/uploads\/2024\/01\/44425-1.webp",750,507,false],"newsup-slider-full":["https:\/\/imagazine.it\/wp-content\/uploads\/2024\/01\/44425-1.webp",750,507,false],"newsup-featured":["https:\/\/imagazine.it\/wp-content\/uploads\/2024\/01\/44425-1.webp",750,507,false],"newsup-medium":["https:\/\/imagazine.it\/wp-content\/uploads\/2024\/01\/44425-1-720x380.webp",720,380,true],"tptn_thumbnail":["https:\/\/imagazine.it\/wp-content\/uploads\/2024\/01\/44425-1.webp",250,169,false],"sow-carousel-default":["https:\/\/imagazine.it\/wp-content\/uploads\/2024\/01\/44425-1-272x182.webp",272,182,true]},"rttpg_author":{"display_name":"redazione","author_link":"https:\/\/imagazine.it\/home_desk\/author\/redazione\/"},"rttpg_comment":0,"rttpg_category":"<a href=\"https:\/\/imagazine.it\/home_desk\/category\/societa\/\" rel=\"category tag\">SOCIET\u00c0<\/a>","rttpg_excerpt":"Mercoled\u00ec 17 novembre","_links":{"self":[{"href":"https:\/\/imagazine.it\/home_desk\/wp-json\/wp\/v2\/posts\/40821","targetHints":{"allow":["GET"]}}],"collection":[{"href":"https:\/\/imagazine.it\/home_desk\/wp-json\/wp\/v2\/posts"}],"about":[{"href":"https:\/\/imagazine.it\/home_desk\/wp-json\/wp\/v2\/types\/post"}],"author":[{"embeddable":true,"href":"https:\/\/imagazine.it\/home_desk\/wp-json\/wp\/v2\/users\/28"}],"replies":[{"embeddable":true,"href":"https:\/\/imagazine.it\/home_desk\/wp-json\/wp\/v2\/comments?post=40821"}],"version-history":[{"count":0,"href":"https:\/\/imagazine.it\/home_desk\/wp-json\/wp\/v2\/posts\/40821\/revisions"}],"wp:featuredmedia":[{"embeddable":true,"href":"https:\/\/imagazine.it\/home_desk\/wp-json\/wp\/v2\/media\/40822"}],"wp:attachment":[{"href":"https:\/\/imagazine.it\/home_desk\/wp-json\/wp\/v2\/media?parent=40821"}],"wp:term":[{"taxonomy":"category","embeddable":true,"href":"https:\/\/imagazine.it\/home_desk\/wp-json\/wp\/v2\/categories?post=40821"},{"taxonomy":"post_tag","embeddable":true,"href":"https:\/\/imagazine.it\/home_desk\/wp-json\/wp\/v2\/tags?post=40821"}],"curies":[{"name":"wp","href":"https:\/\/api.w.org\/{rel}","templated":true}]}}