{"id":40819,"date":"2021-11-12T00:00:00","date_gmt":"2021-11-11T23:00:00","guid":{"rendered":"https:\/\/imagazine.it\/?p=40819"},"modified":"2021-11-12T00:00:00","modified_gmt":"2021-11-11T23:00:00","slug":"fiera-del-lavoro-fvg-72-aziende-per-490-posti","status":"publish","type":"post","link":"https:\/\/imagazine.it\/home_desk\/fiera-del-lavoro-fvg-72-aziende-per-490-posti\/","title":{"rendered":"Fiera del Lavoro FVG: 72 aziende per 490 posti"},"content":{"rendered":"<p> \tA una settimana dall\u2019apertura delle candidature, i colloqui prenotati alla <strong>Fiera del Lavoro FVG<\/strong> superano gi\u00e0 quota 800.<\/p>\n<p> \tC\u2019\u00e8 tempo fino a domenica <strong>14 novembre<\/strong> per le iscrizioni ai colloqui online e fino a <strong>mercoled\u00ec 17<\/strong> per la fiera in presenza: per la prima volta, infatti, la Fiera del Lavoro FVG organizzata da <strong>ALig<\/strong> (Associazione dei Laureati in Ingegneria Gestionale), raddoppia le opportunit\u00e0 di incontro tra domanda e offerta occupazionale.<\/p>\n<p> \t<strong>Venerd\u00ec 19 novembre<\/strong> \u00e8 la giornata riservata ai colloqui online, <strong>sabato 20<\/strong> si torna in presenza con gli incontri one<em>-to-one<\/em> e i <em>talk show<\/em> in presenza al Teatro Nuovo Giovanni da Udine per un totale record di <strong>70 imprese partecipanti, pronte ad offrire 490 posti di lavoro<\/strong>.<\/p>\n<p> \t<em>\u201cL\u2019anno scorso, in piena emergenza sanitaria, siamo riusciti a portare rapidamente l\u2019intero evento online, garantendo migliaia di colloqui in un giorno con le 55 aziende partecipanti <\/em><em>\u2013 <\/em>commenta <strong>Marco Sartor<\/strong>, presidente di Alig<em> \u2013. Quest\u2019anno abbiamo deciso di tornare all\u2019antico evento in presenza, ma al contempo di mantenere anche la modalit\u00e0 online, sia per venire incontro alle preferenze di alcune imprese sia perch\u00e9 la maggiore riservatezza offerta dalla soluzione online \u00e8 apprezzata da candidati con profili pi\u00f9 senior. <strong>A questo ritmo, possiamo puntare a toccare i 3.000 colloqui prenotati, un altro record per la Fiera<\/strong>\u201d.<\/em><\/p>\n<p> \tTra le imprese partecipanti c\u2019\u00e8 chi ha scelto la soluzione online, chi ha scelto la fiera in presenza a teatro e chi entrambe le modalit\u00e0.<\/p>\n<p> \tStessa cosa anche per i candidati che, al momento, fanno registrare numeri maggiori nelle iscrizioni per i colloqui online.<\/p>\n<p> \t<strong>Sul podio, con il pi\u00f9 alto numero di richieste di colloquio, tre imprese regionali:<\/strong> <strong>Biofarma<\/strong>, riferimento internazionale per sviluppo, produzione e confezionamento conto terzi di integratori alimentari, dispositivi medici, farmaci a base di probiotici e cosmetici, <strong>Bosch Freud<\/strong>, leader mondiale nella produzione di lame circolari, punte, e componenti in metallo duro per l\u2018industria, e <strong>Fincantieri<\/strong>, uno dei pi\u00f9 importanti complessi cantieristici al mondo, il primo per diversificazione e innovazione e leader nella progettazione e costruzione di navi da crociera.<\/p>\n<p> \tPer la prima volta quest\u2019anno partecipano alla Fiera del Lavoro FVG due colossi della consulenza strategica e finanziaria internazionale, <strong>Accenture <\/strong>e <strong>Deloitte<\/strong>, 435 mila dipendenti nel mondo la prima, 286 mila la seconda.<\/p>\n<p> \t<strong>Come candidarsi <\/strong><\/p>\n<p> \tL\u2019evento, partecipato e sostenuto dalla Regione Friuli Venezia Giulia, come sempre \u00e8 <strong>gratuito<\/strong> per tutti i partecipanti.<\/p>\n<p> \tPer quanto riguarda la fiera del lavoro online del 19 novembre, \u00e8 possibile registrarsi fino a domenica 14 sul sito <u><a href=\"http:\/\/www.alig.it\" target=\"_blank\" rel=\"noopener\"><span style=\"color:#0000cd;\">www.alig.it<\/span><\/a><\/u> e caricare il proprio curriculum, scegliendo un massimo di 10 aziende a cui inviare la propria candidatura. I colloqui verranno effettuati online a valle di una preselezione operata dalle aziende.<\/p>\n<p> \tPer quanto riguarda la Fiera del Lavoro in presenza del 20 novembre, \u00e8 disponibile sul sito ALIg un apposito form di registrazione da compilare entro mercoled\u00ec 17. In questo caso i colloqui sono liberi e avranno accesso agli incontri tutte le persone registrate, senza alcuna preselezione.<\/p>\n<p> \t<strong>Come scegliere le aziende alle quale candidarsi<\/strong><\/p>\n<p> \tSul canale Youtube di Alig \u00e8 disponibile la registrazione della diretta in cui ogni impresa partecipante si \u00e8 presentata in un video di 120 secondi per illustrare quello che fa e i profili a cui \u00e8 pi\u00f9 interessata.<\/p>\n<p> \t<strong>Il programma al Teatro Nuovo Giovanni da Udine sabato 20 novembre<\/strong><\/p>\n<p> \tSi inizia alle 12.30 nel foyer e nelle gallerie del teatro con incontri <em>one to one<\/em> tra aziende e candidati, con il servizio gratuito di correzione multilingua dei curriculum e con il servizio gratuito offerto da un fotografo professionista a disposizione per scattare la foto perfetta per il cv.<\/p>\n<p> \t<strong>In programma: la lectio magitralis di Oscar Farinetti, un talk show e la consueta intervista degli studenti<\/strong><\/p>\n<p> \tDopo i saluti delle istituzioni e la premiazione dell\u2019ingegnere gestionale dell\u2019anno, alle 17 <strong>Oscar Farinett<\/strong>i, fondatore di Eataly, terr\u00e0 sul palco una <em>lectio magistralis<\/em>. A seguire alle 18 il <strong>talk show<\/strong> moderato dal vicedirettore del TG5 Giuseppe De Filippi ospiter\u00e0 quattro testimonianze che parleranno di <strong>resilienza<\/strong> nello sport e nel mondo aziendale.<\/p>\n<p> \tLa consueta intervista condotta dagli studenti porter\u00e0 <strong>Rudy Zerbi<\/strong>, critico musicale, produttore discografico, conduttore radiofonico e televisivo.<\/p>\n<p> \t<strong>Tutti i nomi delle aziende partecipanti<\/strong><\/p>\n<p> \tAccenture, Acciaierie Bertoli Safau, AKKA Italia, Aldi, Alfa Sistemi, ALI Energia, Asem, auxiell, Besser Vacuum, Biofarma Group, Bosch Freud, Boss Technologies, BRC Associati, Brovedani Group, Calligaris, Chiurlo, Civibank, Codognotto Group, Dal Ben, Danieli, DBA Group, De&#39;Longhi Group, Decathlon, Deloitte, Electrolux Professional, Eurotech, Eurotel Gallerini Hotels, Fantoni, Fincantieri, Frag, Friul Intagli Industries, Friuli Innovazione, G.I. Indstrial Holding, Generali, Gesteco, GLP, Goriziane Holding, Idealservice, infoFactory, innov@ctors, Innovasoft, Intertek Italia, Lamitex, Leonardo, Levia, Lidl Italia, M.E.P. Macchine Elettroniche Piegatrici, M.M. Grigliati, Marelli Automotive Lighting, M\u00e9thode, Metinvest Trametal, Pietro Rosa TBM, Pittini, PMP Pro-Mec spa, PMP Industries group, Quin, Regione FVG, Roncadin, Savio Macchine Tessili, Servizi CGN, SMC Treviso, SMS Group, STI Engineering, Taghleef Industries, Tecnest, Tecnoinox, TT Italy, Umana, VDS Rail, Vistra, Vitec Imaging Solutions.<\/p>\n","protected":false},"excerpt":{"rendered":"<p>Ultimi giorni per iscriversi<\/p>\n","protected":false},"author":28,"featured_media":40820,"comment_status":"closed","ping_status":"closed","sticky":false,"template":"","format":"standard","meta":{"dwc-title":[],"dwc-content":[],"footnotes":""},"categories":[6],"tags":[],"class_list":["post-40819","post","type-post","status-publish","format-standard","has-post-thumbnail","hentry","category-societa"],"rttpg_featured_image_url":{"full":["https:\/\/imagazine.it\/wp-content\/uploads\/2024\/01\/44424-1.webp",1000,667,false],"landscape":["https:\/\/imagazine.it\/wp-content\/uploads\/2024\/01\/44424-1.webp",1000,667,false],"portraits":["https:\/\/imagazine.it\/wp-content\/uploads\/2024\/01\/44424-1.webp",1000,667,false],"thumbnail":["https:\/\/imagazine.it\/wp-content\/uploads\/2024\/01\/44424-1-150x150.webp",150,150,true],"medium":["https:\/\/imagazine.it\/wp-content\/uploads\/2024\/01\/44424-1-300x200.webp",300,200,true],"large":["https:\/\/imagazine.it\/wp-content\/uploads\/2024\/01\/44424-1.webp",640,427,false],"thumblist":["https:\/\/imagazine.it\/wp-content\/uploads\/2024\/01\/44424-1.webp",300,200,false],"thumbrelated":["https:\/\/imagazine.it\/wp-content\/uploads\/2024\/01\/44424-1.webp",500,334,false],"meccarouselthumb":["https:\/\/imagazine.it\/wp-content\/uploads\/2024\/01\/44424-1.webp",474,316,false],"gridsquare":["https:\/\/imagazine.it\/wp-content\/uploads\/2024\/01\/44424-1.webp",391,260,false],"tileview":["https:\/\/imagazine.it\/wp-content\/uploads\/2024\/01\/44424-1.webp",300,200,false],"1536x1536":["https:\/\/imagazine.it\/wp-content\/uploads\/2024\/01\/44424-1.webp",1000,667,false],"2048x2048":["https:\/\/imagazine.it\/wp-content\/uploads\/2024\/01\/44424-1.webp",1000,667,false],"newsup-slider-full":["https:\/\/imagazine.it\/wp-content\/uploads\/2024\/01\/44424-1.webp",1000,667,false],"newsup-featured":["https:\/\/imagazine.it\/wp-content\/uploads\/2024\/01\/44424-1.webp",1000,667,false],"newsup-medium":["https:\/\/imagazine.it\/wp-content\/uploads\/2024\/01\/44424-1-720x380.webp",720,380,true],"tptn_thumbnail":["https:\/\/imagazine.it\/wp-content\/uploads\/2024\/01\/44424-1.webp",250,167,false],"sow-carousel-default":["https:\/\/imagazine.it\/wp-content\/uploads\/2024\/01\/44424-1-272x182.webp",272,182,true]},"rttpg_author":{"display_name":"redazione","author_link":"https:\/\/imagazine.it\/home_desk\/author\/redazione\/"},"rttpg_comment":0,"rttpg_category":"<a href=\"https:\/\/imagazine.it\/home_desk\/category\/societa\/\" rel=\"category tag\">SOCIET\u00c0<\/a>","rttpg_excerpt":"Ultimi giorni per iscriversi","_links":{"self":[{"href":"https:\/\/imagazine.it\/home_desk\/wp-json\/wp\/v2\/posts\/40819","targetHints":{"allow":["GET"]}}],"collection":[{"href":"https:\/\/imagazine.it\/home_desk\/wp-json\/wp\/v2\/posts"}],"about":[{"href":"https:\/\/imagazine.it\/home_desk\/wp-json\/wp\/v2\/types\/post"}],"author":[{"embeddable":true,"href":"https:\/\/imagazine.it\/home_desk\/wp-json\/wp\/v2\/users\/28"}],"replies":[{"embeddable":true,"href":"https:\/\/imagazine.it\/home_desk\/wp-json\/wp\/v2\/comments?post=40819"}],"version-history":[{"count":0,"href":"https:\/\/imagazine.it\/home_desk\/wp-json\/wp\/v2\/posts\/40819\/revisions"}],"wp:featuredmedia":[{"embeddable":true,"href":"https:\/\/imagazine.it\/home_desk\/wp-json\/wp\/v2\/media\/40820"}],"wp:attachment":[{"href":"https:\/\/imagazine.it\/home_desk\/wp-json\/wp\/v2\/media?parent=40819"}],"wp:term":[{"taxonomy":"category","embeddable":true,"href":"https:\/\/imagazine.it\/home_desk\/wp-json\/wp\/v2\/categories?post=40819"},{"taxonomy":"post_tag","embeddable":true,"href":"https:\/\/imagazine.it\/home_desk\/wp-json\/wp\/v2\/tags?post=40819"}],"curies":[{"name":"wp","href":"https:\/\/api.w.org\/{rel}","templated":true}]}}