{"id":40799,"date":"2021-01-11T00:00:00","date_gmt":"2021-01-10T23:00:00","guid":{"rendered":"https:\/\/imagazine.it\/?p=40799"},"modified":"2021-01-11T00:00:00","modified_gmt":"2021-01-10T23:00:00","slug":"la-musica-dellanima","status":"publish","type":"post","link":"https:\/\/imagazine.it\/home_desk\/la-musica-dellanima\/","title":{"rendered":"La musica dell&#8217;anima"},"content":{"rendered":"<p> \t<strong>D<\/strong><strong>on <\/strong><strong>Roberto Rinaldo<\/strong>, in arte <strong>Rob Delay<\/strong>, presenta la sua prima <u><a href=\"http:\/\/www.imagazine.it\/notizie-trieste-gorizia-udine-friuli\/9352\" target=\"_blank\" rel=\"noopener\"><span style=\"color:#0000cd;\">raccolta di canzoni in un contesto acustico chitarra e voce<\/span><\/a><\/u>, disponibile in formato fisico e in streaming su tutte le piattaforme digitali.<\/p>\n<p> \tIl disco, intitolato \u201c<em>Libert\u00e0 <\/em>\u201d, fa parte del percorso artistico che don Rinaldo ha intrapreso facendo sbocciare la sua grande passione per la musica. I nove brani contenuti nell\u2019album, registrati in presa diretta agli <strong>Angel\u2019s Wings Recording Studio di Pantianicco<\/strong>, sono il frutto del suo percorso artistico genuino e sincero, nato durante il lungo periodo di <em>lockdown <\/em>causato dall\u2019emergenza covid.<\/p>\n<p> \tLe sue canzoni sono un grido di condanna di fronte al dolore cosmico ma anche un inno di speranza, di rinascita e di amore verso le persone.<\/p>\n<p> \t<strong>Don Roberto, com\u2019\u00e8 nata l\u2019idea di realizzare questo album?<\/strong><\/p>\n<p> \t\u00ab\u00c8 stata la naturale conseguenza di un lavoro di produzione musicale nato un po\u2019 per caso. Durante il <em>lockdown <\/em>ero segregato tra i muri della casa canonica di Galleriano. Non si poteva uscire. Mi sentivo solo, abbandonato e non potevo nemmeno correre (amo lo sport). Come reagire? Certamente l\u2019intimit\u00e0 con Dio, quindi la preghiera\u2026 Eppure c\u2019era il bisogno di esprimere ci\u00f2 che si scatenava nel mio intimo. Ecco allora la musica\u00bb.<\/p>\n<p> \t<strong>Per lei \u00e8 stata sempre un canale spirituale privilegiato.<\/strong><\/p>\n<p> \t\u00abFin da bambino ho tanto amato la musica in tutte le sue forme di espressione. Spaziavo dal genere classico al rock pi\u00f9 <em>grunge <\/em>e aggressivo di allora. Durante il <em>lockdown <\/em>un giorno mi sono svegliato e nei miei pensieri si librava una melodia spontanea con quel mantra \u201c<em>andr\u00e0 tutto bene<\/em>\u201d. Alla sera avevo gi\u00e0 in mano un foglio di appunti con un testo e una serie di accordi. Mi sono accorto che dentro di me c\u2019era tanto, troppo, ed era arrivato il momento di svuotare il sacco. Nel giro di dieci giorni avevo scritto gi\u00e0 una dozzina di canzoni. Alla fine mi ero reso conto che tra alcune c\u2019era un filo conduttore, un denominatore comune. Da qui l\u2019idea di raccoglierle in un album e pubblicarle\u00bb.<\/p>\n<p> \t<strong>Perch\u00e9 il titolo \u201c<\/strong><strong>Libert\u00e0<\/strong><strong>\u201d?<\/strong><\/p>\n<p> \t\u00abVolevo parlare della cosa che pi\u00f9 ci sfugge oggi: la libert\u00e0. Credo che l\u2019aspetto \u201cpositivo\u201d di questa situazione pandemica sia l\u2019opportunit\u00e0 che ci sta offrendo per fare una riflessione sul nostro status: siamo liberi?\u00bb<\/p>\n<p> \t<strong>Per un sacerdote cosa significa il termine libert\u00e0?<\/strong><\/p>\n<p> \t\u00abParadossalmente in questo stato di oppressione e di \u201ccarcere\u201d ho scoperto la mia libert\u00e0, quella di essere me stesso. Sono rientrato in me stesso ripercorrendo il passato. Libero di affrontare le gioie e i dolori della vita. A volte per vivere sereni ci lobotomizziamo, cerchiamo di cancellare quel passato che ha condizionato in nostro essere e quindi lo condiziona tuttora. Solo quando siamo in pace con noi stessi le nostre scelte diventano libere, non dettate dalle paure, dalle ferite o peggio ancora condizionate dagli altri. \u201c<em>Ama e fai ci\u00f2 che vuoi<\/em>\u201d, diceva Sant\u2019Agostino. Amare chi? Amare Dio e il prossimo come te stesso. Il punto di partenza \u00e8 amare te stesso: quella \u00e8 la vera libert\u00e0. Roberto, quindi, libero di amare Roberto e di accettarlo cos\u00ec com\u2019\u00e8\u00bb.<\/p>\n<p> \t<strong>A proposito di nomi, quello che lei usa come artista \u00e8 Rob Delay. Perch\u00e9 questa scelta?<\/strong><\/p>\n<p> \t\u00abRob si capisce, Delay (cio\u00e8 ritardo) era per sottolineare la produzione di un album a quasi 43 anni. Sento che nella vita ho fatto sempre le cose in ritardo, mi sento un ritardatario, sono l\u2019ultimo\u2026 Ma siccome c\u2019\u00e8 gi\u00e0 chi si chiama \u201cUltimo\u201d e \u201cRitardo\u201d non mi suonava bene, allora ho optato per \u201cDelay\u201d\u00bb.<\/p>\n<p> \t<strong>Il Vescovo di Udine e la comunit\u00e0 di Galleriano dove lei opera come hanno preso che questa iniziativa?<\/strong><\/p>\n<p> \t\u00abNon ho mai parlato della cosa con il Vescovo, anche perch\u00e9 sinceramente la vivo come un hobby che non mi impedisce di svolgere i miei impegni pastorali. I parrocchiani sono contenti, amano le mie canzoni\u00bb.<\/p>\n<p> \t<strong>La critica invece quali responsi ha dato?<\/strong><\/p>\n<p> \t\u00abMi sembra di percepire che ci sia interesse e curiosit\u00e0. Sono gi\u00e0 stati pubblicati diversi articoli: la gente \u00e8 attratta da questa produzione musicale, il giovane come l\u2019anziano. Mi dicono che sentono un\u2019anima in queste canzoni, che c\u2019\u00e8 quel qualcosa in pi\u00f9\u00bb.<\/p>\n<p> \t<strong>L\u2019album comprende nove diversi brani: quanto tempo ha impiegato a scriverli?<\/strong><\/p>\n<p> \t\u00abLe nove canzoni dell\u2019album (dal cantiere ne sono venute fuori 22) credo che mi abbiano impegnato cinque-sei giorni. Se ho l\u2019idea giusta ci metto un attimo a trovare le parole e la melodia\u00bb.<\/p>\n<p> \t<strong>Da cosa ha tratto ispirazione per la loro stesura?<\/strong><\/p>\n<p> \t\u00abLe canzoni son un mix di emozioni e sentimenti che affondano le radici nel terreno della vita. Con piccoli giochi di parole ho cercato di cristallizzare i pensieri che mi fruivano continuamente. Una specie di delirio artistico. Pensieri semplici che rappresentano gli stati d\u2019animo nella quotidianit\u00e0\u00bb.<\/p>\n<p> \t<strong>Nell\u2019immaginario collettivo si ritiene erroneamente che un sacerdote suoni e canti solo canzoni religiose. A lei quali brani piace suonare?<\/strong><\/p>\n<p> \t\u00abNell\u2019imaginario collettivo il prete non \u00e8 nemmeno un uomo. Mi \u00e8 successo pi\u00f9 volte di suonare pezzi come \u201c<em>Sally<\/em>\u201d (per me un\u2019opera d\u2019arte), sono un fan sfegatato di Springsteen (ultima colonna della vera musica rock), adoro i Queen\u00bb.<\/p>\n<p> \t<strong>La \u201cchiamata\u201d verso il sacerdozio come \u00e8 arrivata?<\/strong><\/p>\n<p> \t\u00ab\u00c8 stata il frutto di un percorso lungo, difficile e doloroso. Una ricerca del senso profondo della vita. Prima di tutto c\u2019\u00e8 stata e c\u2019\u00e8 ancora la chiamata a essere cristiano. La fede non \u00e8 una cosa statica, una certezza ma al contrario parliamo di <em>dynamis <\/em>(\u0394\u1f7b\u03bd\u03b1\u03bc\u03b9\u03c2). Ogni giorno lottiamo per essere credenti, cristiani, per dire s\u00ec a questa chiamata\u00bb.<\/p>\n<p> \t<strong>Per don Roberto Rinaldo cosa significa essere sacerdote?<\/strong><\/p>\n<p> \t\u00abA me piace sempre correggere il \u201ctiro\u201d: non sono sacerdote ma \u201cpresbitero\u201d. Cristo rimane l\u2019unico vero sacerdote. \u00c8 una missione importante, si tratta di trasmettere una speranza fondamentale a tutta l\u2019umanit\u00e0. Il vero senso della Chiesa \u00e8 essere una comunit\u00e0 di fratelli che si amano e che uniti dalla fede affrontano le battaglie della vita\u00bb.<\/p>\n<p> \t<strong>L\u2019album \u201c<\/strong><strong>Libert\u00e0<\/strong><strong>\u201d \u00e8 stato composto durante il <\/strong><strong>lockdown <\/strong><strong>della scorsa primavera. Oggi la pandemia torna ad aggredire il nostro Paese. Che effetto le fa?<\/strong><\/p>\n<p> \t\u00abSono spaventato. Credo che il virus sia davvero un nemico terribile che sconfiggeremo solo con la forza d\u2019animo, l\u2019unione e il rispetto delle regole. Accetto l\u2019uso delle mascherine e il distanziamento sociale ma sono abbastanza scettico che la strada giusta siano altri <em>lockdown<\/em>. \u00c8 vero che da un lato questo ci permette di salvaguardare le fasce deboli per\u00f2 con conseguenze devastanti per tutti e soprattutto per i pi\u00f9 giovani che sono il futuro. Chiudendoci a riccio rischiamo di distruggere i soggetti di domani e senza di loro non ci sar\u00e0 nemmeno un futuro. Forse dobbiamo trovare un giusto compromesso\u00bb.<\/p>\n","protected":false},"excerpt":{"rendered":"<p>Rob Delay<\/p>\n","protected":false},"author":28,"featured_media":40800,"comment_status":"closed","ping_status":"closed","sticky":false,"template":"","format":"standard","meta":{"dwc-title":[],"dwc-content":[],"footnotes":""},"categories":[37],"tags":[],"class_list":["post-40799","post","type-post","status-publish","format-standard","has-post-thumbnail","hentry","category-cultura-e-spettacolo"],"rttpg_featured_image_url":{"full":["https:\/\/imagazine.it\/wp-content\/uploads\/2024\/01\/44386-1.webp",1000,667,false],"landscape":["https:\/\/imagazine.it\/wp-content\/uploads\/2024\/01\/44386-1.webp",1000,667,false],"portraits":["https:\/\/imagazine.it\/wp-content\/uploads\/2024\/01\/44386-1.webp",1000,667,false],"thumbnail":["https:\/\/imagazine.it\/wp-content\/uploads\/2024\/01\/44386-1-150x150.webp",150,150,true],"medium":["https:\/\/imagazine.it\/wp-content\/uploads\/2024\/01\/44386-1-300x200.webp",300,200,true],"large":["https:\/\/imagazine.it\/wp-content\/uploads\/2024\/01\/44386-1.webp",640,427,false],"thumblist":["https:\/\/imagazine.it\/wp-content\/uploads\/2024\/01\/44386-1.webp",300,200,false],"thumbrelated":["https:\/\/imagazine.it\/wp-content\/uploads\/2024\/01\/44386-1.webp",500,334,false],"meccarouselthumb":["https:\/\/imagazine.it\/wp-content\/uploads\/2024\/01\/44386-1.webp",474,316,false],"gridsquare":["https:\/\/imagazine.it\/wp-content\/uploads\/2024\/01\/44386-1.webp",391,260,false],"tileview":["https:\/\/imagazine.it\/wp-content\/uploads\/2024\/01\/44386-1.webp",300,200,false],"1536x1536":["https:\/\/imagazine.it\/wp-content\/uploads\/2024\/01\/44386-1.webp",1000,667,false],"2048x2048":["https:\/\/imagazine.it\/wp-content\/uploads\/2024\/01\/44386-1.webp",1000,667,false],"newsup-slider-full":["https:\/\/imagazine.it\/wp-content\/uploads\/2024\/01\/44386-1.webp",1000,667,false],"newsup-featured":["https:\/\/imagazine.it\/wp-content\/uploads\/2024\/01\/44386-1.webp",1000,667,false],"newsup-medium":["https:\/\/imagazine.it\/wp-content\/uploads\/2024\/01\/44386-1-720x380.webp",720,380,true],"tptn_thumbnail":["https:\/\/imagazine.it\/wp-content\/uploads\/2024\/01\/44386-1.webp",250,167,false],"sow-carousel-default":["https:\/\/imagazine.it\/wp-content\/uploads\/2024\/01\/44386-1-272x182.webp",272,182,true]},"rttpg_author":{"display_name":"redazione","author_link":"https:\/\/imagazine.it\/home_desk\/author\/redazione\/"},"rttpg_comment":0,"rttpg_category":"<a href=\"https:\/\/imagazine.it\/home_desk\/category\/cultura-e-spettacolo\/\" rel=\"category tag\">CULTURA&amp;SPETTACOLO<\/a>","rttpg_excerpt":"Rob Delay","_links":{"self":[{"href":"https:\/\/imagazine.it\/home_desk\/wp-json\/wp\/v2\/posts\/40799","targetHints":{"allow":["GET"]}}],"collection":[{"href":"https:\/\/imagazine.it\/home_desk\/wp-json\/wp\/v2\/posts"}],"about":[{"href":"https:\/\/imagazine.it\/home_desk\/wp-json\/wp\/v2\/types\/post"}],"author":[{"embeddable":true,"href":"https:\/\/imagazine.it\/home_desk\/wp-json\/wp\/v2\/users\/28"}],"replies":[{"embeddable":true,"href":"https:\/\/imagazine.it\/home_desk\/wp-json\/wp\/v2\/comments?post=40799"}],"version-history":[{"count":0,"href":"https:\/\/imagazine.it\/home_desk\/wp-json\/wp\/v2\/posts\/40799\/revisions"}],"wp:featuredmedia":[{"embeddable":true,"href":"https:\/\/imagazine.it\/home_desk\/wp-json\/wp\/v2\/media\/40800"}],"wp:attachment":[{"href":"https:\/\/imagazine.it\/home_desk\/wp-json\/wp\/v2\/media?parent=40799"}],"wp:term":[{"taxonomy":"category","embeddable":true,"href":"https:\/\/imagazine.it\/home_desk\/wp-json\/wp\/v2\/categories?post=40799"},{"taxonomy":"post_tag","embeddable":true,"href":"https:\/\/imagazine.it\/home_desk\/wp-json\/wp\/v2\/tags?post=40799"}],"curies":[{"name":"wp","href":"https:\/\/api.w.org\/{rel}","templated":true}]}}