{"id":40774,"date":"2021-11-08T00:00:00","date_gmt":"2021-11-07T23:00:00","guid":{"rendered":"https:\/\/imagazine.it\/?p=40774"},"modified":"2021-11-08T00:00:00","modified_gmt":"2021-11-07T23:00:00","slug":"ruda-nuovo-futuro-per-larchivio-dellex-amideria-chiozza","status":"publish","type":"post","link":"https:\/\/imagazine.it\/home_desk\/ruda-nuovo-futuro-per-larchivio-dellex-amideria-chiozza\/","title":{"rendered":"Ruda, nuovo futuro per l&#8217;Archivio dell&#8217;ex Amideria Chiozza"},"content":{"rendered":"<p> \tGrazie alle pregresse collaborazioni e relazioni tra comune di Ruda e Soprintendenza Archivistica FVG, il sindaco\u00a0<strong>Franco Lenarduzzi<\/strong>\u00a0e il soprindentente archivistico\u00a0<strong>Luca Caburlotto<\/strong>\u00a0annunciano\u00a0l\u2019accordo per il\u00a0<strong>progetto di ordinamento e catalogazione dell&#39;Archivio dell&#39;ex Amideria Chiozza<\/strong>.<\/p>\n<p> \tI documenti d\u2019archivio sono strumenti imprescindibili per una consapevole e documentata attivit\u00e0 di tutela, a partire dall\u2019intervento di restauro, e di valorizzazione di un bene storico immobile.<\/p>\n<p> \tI documenti, nel caso dell\u2019Amideria Chiozza, possono comprendere\u00a0<strong>progetti e pubbliche autorizzazioni all\u2019edificazione e all\u2019esercizio<\/strong>\u00a0oltre alla documentazione di acquisti di materiali e attrezzature che hanno modificato, anche funzionalmente, in tutto o in parte dell\u2019immobile.<\/p>\n<p> \tI fondi messi a disposizione dal Ministero della Cultura, impiegati per catalogare, inventariare, ordinare e dare evidenza all\u2019intero archivio dell\u2019ex Amideria, ammontano a\u00a0<strong>36.000 euro<\/strong>\u00a0che serviranno anche per l\u2019incarico e il lavoro estremamente specialistico affidato ai professionisti archivisti.<\/p>\n<p> \t\u201cAccompagnare il grande percorso di recupero e restauro, con la conoscenza, per quanto possibile, dello stato originario del bene e degli interventi o dei danneggiamenti e delle modifiche (strutturali, funzionali, decorative), che si sono succedute nel corso del tempo, oltre a\u00a0consentire di progettare l\u2019intervento di riqualificazione, serve a recuperare una serie di elementi conoscitivi straordinari\u201d, commenta <strong>Lenarduzzi.<\/strong><\/p>\n<p> \t\u201c\u00c8 importante infatti\u00a0conoscere tutta la storia dell\u2019immobile, oltre alla storia del lavoro e delle relazioni sociali, politiche, sindacali che ne deriva, la storia dell\u2019economia e del commercio, quella della tecnologia e dell\u2019innovazione, la relazione con il paesaggio e l\u2019ambiente circostante, la ricaduta in termini positivi e negativi sul contesto territoriale, il \u201cvissuto\u201d quotidiano dei lavoratori e delle loro famiglie, le memorie di tutti quelli che, ad ogni livello e a qualsiasi titolo, sono stati coinvolti e partecipi, anche quelle orali raccolte o che sia ancora possibile raccogliere\u201d.<\/p>\n<p> \t\u201cL\u2019ex Amideria \u2013 aggiunge soprindentente\u00a0<strong> Caburlotto<\/strong> \u2013 non sar\u00e0 cos\u00ec soltanto un oggetto dotato di una determinata morfologia, realizzata con determinati materiali, e collocata in un luogo fisico preciso ma\u00a0<strong>sar\u00e0 espressione \u201cparlante\u201d della storia locale<\/strong>\u00a0e di quella pi\u00f9 ampia che vi abbia avuta relazione: solo con una tale pregressa attivit\u00e0, che non pu\u00f2 non essere contestuale, se non preventiva, ai lavori di restauro, \u00e8 possibile cogliere consapevolmente la nuova funzione da attribuire all\u2019immobile, oltre che valutare l\u2019importanza del complesso e la rilevanza delle sue varie parti in relazione alle scelte conservative\u201d.<\/p>\n<p> \t\u201cSi pu\u00f2 ricordare \u2013 precisa Caburlotto \u2013 che sulla base delle precedenti disposizioni normative risalenti al 1939, ma gi\u00e0 affermatesi in termini concettuali nei decenni precedenti, il vigente\u00a0<em>Codice dei beni culturali e del paesaggio<\/em>\u00a0stabilisce all\u2019art. 10, comma 3, lettera d), che sono\u00a0beni culturali le cose immobili e mobili che \u201crivestono un interesse particolarmente importante a causa del loro riferimento\u00a0con la storia politica, militare, della letteratura, dell\u2019arte, della scienza, della tecnica, dell\u2019industria e della cultura in genere, ovvero quali testimonianze dell\u2019identit\u00e0 e della storia delle istituzioni pubbliche, collettive o religiose\u201d.<\/p>\n<p> \t\u201cRingrazio per le fattive collaborazioni le soprintendenze e, in questo caso, l\u2019archivistica. \u00c8 molto importante \u2013 conclude il sindaco Lenarduzzi \u2013 che gli archivi meritino impegni economici volti alla loro conservazione, al loro ordinamento e alla loro fruizione da parte di studiosi e di cittadini interessati. Grazie anche alla collaborazione con l\u2019Associazione per l\u2019Amideria Chiozza potremo dare fruizione e divulgazione di questo patrimonio complesso che chiamiamo Amideria, come insieme di tante cose, che continuiamo a recuperare per farlo diventare anche opportunit\u00e0 di sviluppo economico\u201d.<\/p>\n","protected":false},"excerpt":{"rendered":"<p>Accordo tra Comune e Soprintendenza archivistica FVG<\/p>\n","protected":false},"author":22,"featured_media":40775,"comment_status":"closed","ping_status":"closed","sticky":false,"template":"","format":"standard","meta":{"dwc-title":[],"dwc-content":[],"footnotes":""},"categories":[5],"tags":[],"class_list":["post-40774","post","type-post","status-publish","format-standard","has-post-thumbnail","hentry","category-attualita"],"rttpg_featured_image_url":{"full":["https:\/\/imagazine.it\/wp-content\/uploads\/2024\/01\/44336-1.webp",1000,750,false],"landscape":["https:\/\/imagazine.it\/wp-content\/uploads\/2024\/01\/44336-1.webp",1000,750,false],"portraits":["https:\/\/imagazine.it\/wp-content\/uploads\/2024\/01\/44336-1.webp",1000,750,false],"thumbnail":["https:\/\/imagazine.it\/wp-content\/uploads\/2024\/01\/44336-1-150x150.webp",150,150,true],"medium":["https:\/\/imagazine.it\/wp-content\/uploads\/2024\/01\/44336-1-300x225.webp",300,225,true],"large":["https:\/\/imagazine.it\/wp-content\/uploads\/2024\/01\/44336-1.webp",640,480,false],"thumblist":["https:\/\/imagazine.it\/wp-content\/uploads\/2024\/01\/44336-1.webp",300,225,false],"thumbrelated":["https:\/\/imagazine.it\/wp-content\/uploads\/2024\/01\/44336-1.webp",500,375,false],"meccarouselthumb":["https:\/\/imagazine.it\/wp-content\/uploads\/2024\/01\/44336-1.webp",432,324,false],"gridsquare":["https:\/\/imagazine.it\/wp-content\/uploads\/2024\/01\/44336-1.webp",347,260,false],"tileview":["https:\/\/imagazine.it\/wp-content\/uploads\/2024\/01\/44336-1.webp",300,225,false],"1536x1536":["https:\/\/imagazine.it\/wp-content\/uploads\/2024\/01\/44336-1.webp",1000,750,false],"2048x2048":["https:\/\/imagazine.it\/wp-content\/uploads\/2024\/01\/44336-1.webp",1000,750,false],"newsup-slider-full":["https:\/\/imagazine.it\/wp-content\/uploads\/2024\/01\/44336-1-1000x720.webp",1000,720,true],"newsup-featured":["https:\/\/imagazine.it\/wp-content\/uploads\/2024\/01\/44336-1.webp",1000,750,false],"newsup-medium":["https:\/\/imagazine.it\/wp-content\/uploads\/2024\/01\/44336-1-720x380.webp",720,380,true],"tptn_thumbnail":["https:\/\/imagazine.it\/wp-content\/uploads\/2024\/01\/44336-1.webp",250,188,false],"sow-carousel-default":["https:\/\/imagazine.it\/wp-content\/uploads\/2024\/01\/44336-1-272x182.webp",272,182,true]},"rttpg_author":{"display_name":"Livio Nonis","author_link":"https:\/\/imagazine.it\/home_desk\/author\/nonis\/"},"rttpg_comment":0,"rttpg_category":"<a href=\"https:\/\/imagazine.it\/home_desk\/category\/attualita\/\" rel=\"category tag\">ATTUALIT\u00c0<\/a>","rttpg_excerpt":"Accordo tra Comune e Soprintendenza archivistica FVG","_links":{"self":[{"href":"https:\/\/imagazine.it\/home_desk\/wp-json\/wp\/v2\/posts\/40774","targetHints":{"allow":["GET"]}}],"collection":[{"href":"https:\/\/imagazine.it\/home_desk\/wp-json\/wp\/v2\/posts"}],"about":[{"href":"https:\/\/imagazine.it\/home_desk\/wp-json\/wp\/v2\/types\/post"}],"author":[{"embeddable":true,"href":"https:\/\/imagazine.it\/home_desk\/wp-json\/wp\/v2\/users\/22"}],"replies":[{"embeddable":true,"href":"https:\/\/imagazine.it\/home_desk\/wp-json\/wp\/v2\/comments?post=40774"}],"version-history":[{"count":0,"href":"https:\/\/imagazine.it\/home_desk\/wp-json\/wp\/v2\/posts\/40774\/revisions"}],"wp:featuredmedia":[{"embeddable":true,"href":"https:\/\/imagazine.it\/home_desk\/wp-json\/wp\/v2\/media\/40775"}],"wp:attachment":[{"href":"https:\/\/imagazine.it\/home_desk\/wp-json\/wp\/v2\/media?parent=40774"}],"wp:term":[{"taxonomy":"category","embeddable":true,"href":"https:\/\/imagazine.it\/home_desk\/wp-json\/wp\/v2\/categories?post=40774"},{"taxonomy":"post_tag","embeddable":true,"href":"https:\/\/imagazine.it\/home_desk\/wp-json\/wp\/v2\/tags?post=40774"}],"curies":[{"name":"wp","href":"https:\/\/api.w.org\/{rel}","templated":true}]}}