{"id":40763,"date":"2021-11-05T00:00:00","date_gmt":"2021-11-04T23:00:00","guid":{"rendered":"https:\/\/imagazine.it\/?p=40763"},"modified":"2021-11-05T00:00:00","modified_gmt":"2021-11-04T23:00:00","slug":"vaccino-in-fvg-terza-dose-booster-anche-con-moderna","status":"publish","type":"post","link":"https:\/\/imagazine.it\/home_desk\/vaccino-in-fvg-terza-dose-booster-anche-con-moderna\/","title":{"rendered":"Vaccino, in FVG terza dose booster anche con Moderna"},"content":{"rendered":"<p> \tDalla prossima settimana si amplia la disponibilit\u00e0 di vaccini antiCovid-19 per la terza dose.<\/p>\n<p> \tIn base alla decisione del Comitato tecnico scientifico dell&#39;Agenzia italiana del farmaco oltre al vaccino Pfizer potr\u00e0 essere usato per la dose booster anche il vaccino Moderna.<\/p>\n<p> \tDa luned\u00ec chi si \u00e8 vaccinato con Moderna potr\u00e0 quindi completare il ciclo con la dose booster dello stesso vaccino; inoltre entro la prossima settimana la dose booster sar\u00e0 disponibile anche per i cittadini dai 18 ai 59 anni che hanno ricevuto il vaccino Johnson &#038; Johnson.<\/p>\n<p> \tLo ha annunciato il vicegovernatore del Friuli Venezia Giulia con delega alla Salute, <strong>Riccardo Riccardi<\/strong>, evidenziando che dalle ore 9 di luned\u00ec 8 novembre sar\u00e0 possibile prenotare il booster anche con il vaccino Moderna (Spikevax), mediante tutti i consueti canali, ovvero farmacie, call center, Cup e Webapp.<\/p>\n<p> \t&#8220;La somministrazione del vaccino Moderna come booster al momento \u00e8 autorizzata per i maggiorenni vaccinati con Astra Zeneca o Johnson &#038; Johnson purch\u00e9 siano trascorsi almeno sei mesi dall&#39;ultima dose somministrata &#8211; ha spiegato Riccardi -. Nel rispetto delle indicazioni fornite a livello nazionale possono ricevere la terza dose i cittadini nati nel 1961 e in precedenza, le persone fragili e gli ospiti e gli operatori delle strutture residenziali per anziani, oltre che il personale sanitario, gli esercenti le professioni sanitarie e gli operatori delle strutture sanitarie, sociosanitarie e socio-assistenziali, pubbliche e private, delle farmacie e parafarmacie e degli studi professionali&#8221;.<\/p>\n<p> \tSpiegando che &#8220;la dose booster del vaccino Moderna \u00e8 la met\u00e0 di quella somministrata nelle prime due vaccinazioni&#8221;, Riccardi ha sottolineato che &#8220;l&#39;introduzione dell&#39;uso di Moderna rappresenta una semplificazione per il Servizio sanitario soprattutto in alcuni contesti, come le residenze per anziani, poich\u00e9 il vaccino Moderna non deve essere diluito ed \u00e8 pi\u00f9 maneggevole&#8221;.<\/p>\n<p> \tIl vicegovernatore ha infine ribadito che &#8220;per quanto riguarda i cittadini interessati dalla possibilit\u00e0 del richiamo booster questo cambiamento rappresenta solo un&#39;opzione in pi\u00f9 perch\u00e9 finora chi desiderava la terza dose poteva gi\u00e0 prenotare il booster con Pfizer anche se aveva effettuato il ciclo vaccinale con Moderna&#8221;.<\/p>\n","protected":false},"excerpt":{"rendered":"<p>L&#8217;annuncio del vicegovernatore Riccardi<\/p>\n","protected":false},"author":28,"featured_media":40764,"comment_status":"closed","ping_status":"closed","sticky":false,"template":"","format":"standard","meta":{"dwc-title":[],"dwc-content":[],"footnotes":""},"categories":[5],"tags":[],"class_list":["post-40763","post","type-post","status-publish","format-standard","has-post-thumbnail","hentry","category-attualita"],"rttpg_featured_image_url":{"full":["https:\/\/imagazine.it\/wp-content\/uploads\/2024\/01\/44323-1.webp",1000,778,false],"landscape":["https:\/\/imagazine.it\/wp-content\/uploads\/2024\/01\/44323-1.webp",1000,778,false],"portraits":["https:\/\/imagazine.it\/wp-content\/uploads\/2024\/01\/44323-1.webp",1000,778,false],"thumbnail":["https:\/\/imagazine.it\/wp-content\/uploads\/2024\/01\/44323-1-150x150.webp",150,150,true],"medium":["https:\/\/imagazine.it\/wp-content\/uploads\/2024\/01\/44323-1-300x233.webp",300,233,true],"large":["https:\/\/imagazine.it\/wp-content\/uploads\/2024\/01\/44323-1.webp",640,498,false],"thumblist":["https:\/\/imagazine.it\/wp-content\/uploads\/2024\/01\/44323-1.webp",300,233,false],"thumbrelated":["https:\/\/imagazine.it\/wp-content\/uploads\/2024\/01\/44323-1.webp",500,389,false],"meccarouselthumb":["https:\/\/imagazine.it\/wp-content\/uploads\/2024\/01\/44323-1.webp",416,324,false],"gridsquare":["https:\/\/imagazine.it\/wp-content\/uploads\/2024\/01\/44323-1.webp",334,260,false],"tileview":["https:\/\/imagazine.it\/wp-content\/uploads\/2024\/01\/44323-1.webp",300,233,false],"1536x1536":["https:\/\/imagazine.it\/wp-content\/uploads\/2024\/01\/44323-1.webp",1000,778,false],"2048x2048":["https:\/\/imagazine.it\/wp-content\/uploads\/2024\/01\/44323-1.webp",1000,778,false],"newsup-slider-full":["https:\/\/imagazine.it\/wp-content\/uploads\/2024\/01\/44323-1-1000x720.webp",1000,720,true],"newsup-featured":["https:\/\/imagazine.it\/wp-content\/uploads\/2024\/01\/44323-1.webp",1000,778,false],"newsup-medium":["https:\/\/imagazine.it\/wp-content\/uploads\/2024\/01\/44323-1-720x380.webp",720,380,true],"tptn_thumbnail":["https:\/\/imagazine.it\/wp-content\/uploads\/2024\/01\/44323-1.webp",250,195,false],"sow-carousel-default":["https:\/\/imagazine.it\/wp-content\/uploads\/2024\/01\/44323-1-272x182.webp",272,182,true]},"rttpg_author":{"display_name":"redazione","author_link":"https:\/\/imagazine.it\/home_desk\/author\/redazione\/"},"rttpg_comment":0,"rttpg_category":"<a href=\"https:\/\/imagazine.it\/home_desk\/category\/attualita\/\" rel=\"category tag\">ATTUALIT\u00c0<\/a>","rttpg_excerpt":"L'annuncio del vicegovernatore Riccardi","_links":{"self":[{"href":"https:\/\/imagazine.it\/home_desk\/wp-json\/wp\/v2\/posts\/40763","targetHints":{"allow":["GET"]}}],"collection":[{"href":"https:\/\/imagazine.it\/home_desk\/wp-json\/wp\/v2\/posts"}],"about":[{"href":"https:\/\/imagazine.it\/home_desk\/wp-json\/wp\/v2\/types\/post"}],"author":[{"embeddable":true,"href":"https:\/\/imagazine.it\/home_desk\/wp-json\/wp\/v2\/users\/28"}],"replies":[{"embeddable":true,"href":"https:\/\/imagazine.it\/home_desk\/wp-json\/wp\/v2\/comments?post=40763"}],"version-history":[{"count":0,"href":"https:\/\/imagazine.it\/home_desk\/wp-json\/wp\/v2\/posts\/40763\/revisions"}],"wp:featuredmedia":[{"embeddable":true,"href":"https:\/\/imagazine.it\/home_desk\/wp-json\/wp\/v2\/media\/40764"}],"wp:attachment":[{"href":"https:\/\/imagazine.it\/home_desk\/wp-json\/wp\/v2\/media?parent=40763"}],"wp:term":[{"taxonomy":"category","embeddable":true,"href":"https:\/\/imagazine.it\/home_desk\/wp-json\/wp\/v2\/categories?post=40763"},{"taxonomy":"post_tag","embeddable":true,"href":"https:\/\/imagazine.it\/home_desk\/wp-json\/wp\/v2\/tags?post=40763"}],"curies":[{"name":"wp","href":"https:\/\/api.w.org\/{rel}","templated":true}]}}