{"id":40761,"date":"2021-11-05T00:00:00","date_gmt":"2021-11-04T23:00:00","guid":{"rendered":"https:\/\/imagazine.it\/?p=40761"},"modified":"2021-11-05T00:00:00","modified_gmt":"2021-11-04T23:00:00","slug":"aquileia-boom-di-pubblico-in-tv","status":"publish","type":"post","link":"https:\/\/imagazine.it\/home_desk\/aquileia-boom-di-pubblico-in-tv\/","title":{"rendered":"Aquileia, boom di pubblico in tv"},"content":{"rendered":"<p> \tBoom di ascolti per <u><a href=\"http:\/\/www.imagazine.it\/notizie-trieste-gorizia-udine-friuli\/11149\" target=\"_blank\" rel=\"noopener\"><span style=\"color:#0000cd;\">\u201c<strong><em>La scelta di Maria<\/em><\/strong>\u201d<\/span><\/a><\/u>, andato in onda ieri in prima serata su Rai 1.<\/p>\n<p> \tIl docu-film, diretto da <strong>Francesco Miccich\u00e8<\/strong> con protagonisti <strong>Cesare Bocci<\/strong>, <strong>Sonia Bergamasco<\/strong> e <strong>Alessio Vassallo<\/strong>, ha ottenuto il 17,6% di share con 4 milioni di telespettatori.<\/p>\n<p> \t<strong>Aquileia<\/strong> nel mese di luglio si era trasformata per 3 settimane in set cinematografico per le riprese.<\/p>\n<p> \t\u201cNell\u2019anno del Centenario della traslazione del Milite Ignoto da Aquileia a Roma \u2013 commenta il sindaco di Aquileia, <strong>Emanuele Zorino<\/strong>, protagonista anche in alcune scene del film \u2013 abbiamo deciso di partecipare alla produzione del film per promuovere e valorizzare il territorio e per rafforzare e diffondere la conoscenza di Aquileia che nella sua lunga storia diventa nel 1921 luogo simbolico della scelta del Milite Ignoto e catalizzatrice di un clima che si respir\u00f3 nel periodo di ripartenza post bellica e che Paolo Mieli durante l\u2019ultimo Aquileia Film Festival ha sintetizzato nel concetto di \u201cMiracolo di Aquileia\u201d.<\/p>\n<p> \t\u201cVale la pena evidenziare \u2013 aggiunge il primo cittadino \u2013 che i benefici non sono solo sul piano della promozione e della valorizzazione ma si sono concretizzati immediatamente sul territorio: molti aquileiesi hanno lavorato nella produzione come staff tecnico e moltissimi cittadini hanno partecipato alle riprese come comparsa e vissuto con grande entusiasmo e trasporto l\u2019opportunit\u00e0 unica di contribuire alla creazione di un documento che rester\u00e0 nella storia e che sar\u00e0 una pietra miliare nelle Celebrazioni che vedranno Aquileia protagonista tutto l\u2019anno\u201d.<\/p>\n<p> \tIl film \u00e8 prodotto da Gloria Giorgianni (Anele), Rai Cinema, Fondazione Aquileia e Istituto Luce Cinecitt\u00e0 con la collaborazione e il supporto della struttura di missione per gli anniversari nazionali del Consiglio dei Ministri, del Comune di Aquileia della Regione Friuli Venezia Giulia, di Friuli Venezia Giulia Turismo, Basilica Patriarcale di Aquileia e con il patrocinio del Ministero della Difesa e del Ministero della cultura<\/p>\n<p> \tLa produzione ha interessato anche il borgo di Strassoldo nel comune di Cervignano del Friuli, il comune di Duino Aurisina, il comune di San Pier d&#39; Isonzo e il Comune di Medea.<\/p>\n<p> \t\u201cNon sarebbe stato possibile realizzare tutto questo \u2013 conclude Zorino \u2013 senza il contributo di tutti gli Enti del territorio, dal CDA, alla direzione, agli uffici e alla struttura della Fondazione Aquileia, agli uffici e alla struttura del Comune di Aquileia, alla direzione e allo staff della Societ\u00e0 per la Conservazione della Basilica, alla struttura di PromoturismoFVG, a tutte le realt\u00e0 associative, in particolare agli Alpini Aquileia e alla Protezione Civile Aquileia, alle imprese del territorio e ai cittadini che si sono messi a disposizione per la buona riuscita di questa importante operazione. Abbiamo dimostrato di essere una magnifica comunit\u00e0\u201d.<\/p>\n","protected":false},"excerpt":{"rendered":"<p>Per &#8220;La scelta di Maria&#8221;<\/p>\n","protected":false},"author":28,"featured_media":40762,"comment_status":"closed","ping_status":"closed","sticky":false,"template":"","format":"standard","meta":{"dwc-title":[],"dwc-content":[],"footnotes":""},"categories":[37],"tags":[],"class_list":["post-40761","post","type-post","status-publish","format-standard","has-post-thumbnail","hentry","category-cultura-e-spettacolo"],"rttpg_featured_image_url":{"full":["https:\/\/imagazine.it\/wp-content\/uploads\/2024\/01\/44320-1.webp",960,960,false],"landscape":["https:\/\/imagazine.it\/wp-content\/uploads\/2024\/01\/44320-1.webp",960,960,false],"portraits":["https:\/\/imagazine.it\/wp-content\/uploads\/2024\/01\/44320-1.webp",960,960,false],"thumbnail":["https:\/\/imagazine.it\/wp-content\/uploads\/2024\/01\/44320-1-150x150.webp",150,150,true],"medium":["https:\/\/imagazine.it\/wp-content\/uploads\/2024\/01\/44320-1-300x300.webp",300,300,true],"large":["https:\/\/imagazine.it\/wp-content\/uploads\/2024\/01\/44320-1.webp",640,640,false],"thumblist":["https:\/\/imagazine.it\/wp-content\/uploads\/2024\/01\/44320-1.webp",300,300,false],"thumbrelated":["https:\/\/imagazine.it\/wp-content\/uploads\/2024\/01\/44320-1.webp",500,500,false],"meccarouselthumb":["https:\/\/imagazine.it\/wp-content\/uploads\/2024\/01\/44320-1.webp",324,324,false],"gridsquare":["https:\/\/imagazine.it\/wp-content\/uploads\/2024\/01\/44320-1.webp",260,260,false],"tileview":["https:\/\/imagazine.it\/wp-content\/uploads\/2024\/01\/44320-1.webp",300,300,false],"1536x1536":["https:\/\/imagazine.it\/wp-content\/uploads\/2024\/01\/44320-1.webp",960,960,false],"2048x2048":["https:\/\/imagazine.it\/wp-content\/uploads\/2024\/01\/44320-1.webp",960,960,false],"newsup-slider-full":["https:\/\/imagazine.it\/wp-content\/uploads\/2024\/01\/44320-1-960x720.webp",960,720,true],"newsup-featured":["https:\/\/imagazine.it\/wp-content\/uploads\/2024\/01\/44320-1.webp",960,960,false],"newsup-medium":["https:\/\/imagazine.it\/wp-content\/uploads\/2024\/01\/44320-1-720x380.webp",720,380,true],"tptn_thumbnail":["https:\/\/imagazine.it\/wp-content\/uploads\/2024\/01\/44320-1.webp",210,210,false],"sow-carousel-default":["https:\/\/imagazine.it\/wp-content\/uploads\/2024\/01\/44320-1-272x182.webp",272,182,true]},"rttpg_author":{"display_name":"redazione","author_link":"https:\/\/imagazine.it\/home_desk\/author\/redazione\/"},"rttpg_comment":0,"rttpg_category":"<a href=\"https:\/\/imagazine.it\/home_desk\/category\/cultura-e-spettacolo\/\" rel=\"category tag\">CULTURA&amp;SPETTACOLO<\/a>","rttpg_excerpt":"Per \"La scelta di Maria\"","_links":{"self":[{"href":"https:\/\/imagazine.it\/home_desk\/wp-json\/wp\/v2\/posts\/40761","targetHints":{"allow":["GET"]}}],"collection":[{"href":"https:\/\/imagazine.it\/home_desk\/wp-json\/wp\/v2\/posts"}],"about":[{"href":"https:\/\/imagazine.it\/home_desk\/wp-json\/wp\/v2\/types\/post"}],"author":[{"embeddable":true,"href":"https:\/\/imagazine.it\/home_desk\/wp-json\/wp\/v2\/users\/28"}],"replies":[{"embeddable":true,"href":"https:\/\/imagazine.it\/home_desk\/wp-json\/wp\/v2\/comments?post=40761"}],"version-history":[{"count":0,"href":"https:\/\/imagazine.it\/home_desk\/wp-json\/wp\/v2\/posts\/40761\/revisions"}],"wp:featuredmedia":[{"embeddable":true,"href":"https:\/\/imagazine.it\/home_desk\/wp-json\/wp\/v2\/media\/40762"}],"wp:attachment":[{"href":"https:\/\/imagazine.it\/home_desk\/wp-json\/wp\/v2\/media?parent=40761"}],"wp:term":[{"taxonomy":"category","embeddable":true,"href":"https:\/\/imagazine.it\/home_desk\/wp-json\/wp\/v2\/categories?post=40761"},{"taxonomy":"post_tag","embeddable":true,"href":"https:\/\/imagazine.it\/home_desk\/wp-json\/wp\/v2\/tags?post=40761"}],"curies":[{"name":"wp","href":"https:\/\/api.w.org\/{rel}","templated":true}]}}