{"id":40754,"date":"2021-11-05T00:00:00","date_gmt":"2021-11-04T23:00:00","guid":{"rendered":"https:\/\/imagazine.it\/?p=40754"},"modified":"2021-11-05T00:00:00","modified_gmt":"2021-11-04T23:00:00","slug":"palmanova-lavori-su-porta-udine","status":"publish","type":"post","link":"https:\/\/imagazine.it\/home_desk\/palmanova-lavori-su-porta-udine\/","title":{"rendered":"Palmanova, lavori su Porta Udine"},"content":{"rendered":"<p> \tSono partiti i <strong>lavori di riqualificazione di Porta Udine<\/strong> a <strong>Palmanova<\/strong> Gli interventi principali <strong>sono previsti sul Dongione<\/strong>, gli spazi ricavati nella parte superiore della struttura, e sulla <strong>copertura della Porta<\/strong>.<\/p>\n<p> \tIl progetto e la relativa realizzazione nascono dall\u2019accordo di collaborazione amministrativa tra il Segretariato Regionale del Ministero per i Beni e le Attivit\u00e0 culturali per il Friuli Venezia Giulia e il Comune di Palmanova, in attuazione dell\u2019intervento \u201c<strong>Restauro e consolidamento mura urbiche di Palmanova<\/strong>\u201d.<\/p>\n<p> \tLa durata dei lavori \u00e8 <strong>prevista in 150 giorni e il costo dell\u2019opera \u00e8 di circa 450.000 euro<\/strong>.<\/p>\n<p> \t\u201cQuesto \u00e8 uno degli interventi che realizziamo grazie ai fondi nazionali concessi in questi ultimi anni al Comune. <strong>La copertura della Porta \u00e8 in pessime condizioni<\/strong> e la Soprintendenza, proprietaria dell\u2019immobile, ha condiviso con il Comune la necessit\u00e0 di un intervento di somma urgenza. I lavori permetteranno di <strong>prevenire dannose infiltrazioni pluviali<\/strong> che ne possono mettere a repentaglio la stabilit\u00e0. Dopo che, come Comune, siamo gi\u00e0 intervenuti su Porta Aquileia, <strong>proseguono ora gli interventi previsti sui tre ingressi monumentali <\/strong>alla citt\u00e0 Fortezza UNESCO di Palmanova. Su Porta Cividale (sede del Museo della Grande Guerra e della Fortezza di Palmanova) \u00e8 gi\u00e0 previsto un intervento nei prossimi due anni, finanziato grazie ai fondi ministeriali\u201d, commentano il sindaco, <strong>Giuseppe Tellini<\/strong>, e il vicesindaco e assessore ai lavori pubblici<strong> Francesco Martines<\/strong>.<\/p>\n<p> \tSu Porta Udine, in particolare, si proceder\u00e0 alla <strong>sostituzione di una porzione di copertura pericolante<\/strong>, alla demolizione e ricostruzione di due pilastrini in muratura che sostengono tale porzione, alla realizzazione di un cordolo armato sulla muratura esistente lato nord ovest.<\/p>\n<p> \tAltre opere riguardano <strong>il rifacimento completo del manto di copertura <\/strong>in coppi con il recupero degli elementi esistenti e puntuali sostituzioni, la posa di un nuovo pacchetto di isolamento e <strong>impermeabilizzazione su tutta la superficie della copertura<\/strong>, la sostituzione e posa di una nuova lattoneria, interventi di accurata pulitura e ripristino di elementi in pietra e laterizio di copertine e coronamenti, localizzati interventi di rifacimento delle finiture su pareti interessate da infiltrazioni e umidit\u00e0, trattamenti con applicazione di idonei prodotti per garantire una pi\u00f9 duratura conservazione degli elementi lignei dell\u2019orditura antica di copertura.<\/p>\n","protected":false},"excerpt":{"rendered":"<p>Dureranno circa 5 mesi<\/p>\n","protected":false},"author":28,"featured_media":40755,"comment_status":"closed","ping_status":"closed","sticky":false,"template":"","format":"standard","meta":{"dwc-title":[],"dwc-content":[],"footnotes":""},"categories":[5],"tags":[],"class_list":["post-40754","post","type-post","status-publish","format-standard","has-post-thumbnail","hentry","category-attualita"],"rttpg_featured_image_url":{"full":["https:\/\/imagazine.it\/wp-content\/uploads\/2024\/01\/44308-1.webp",1000,667,false],"landscape":["https:\/\/imagazine.it\/wp-content\/uploads\/2024\/01\/44308-1.webp",1000,667,false],"portraits":["https:\/\/imagazine.it\/wp-content\/uploads\/2024\/01\/44308-1.webp",1000,667,false],"thumbnail":["https:\/\/imagazine.it\/wp-content\/uploads\/2024\/01\/44308-1-150x150.webp",150,150,true],"medium":["https:\/\/imagazine.it\/wp-content\/uploads\/2024\/01\/44308-1-300x200.webp",300,200,true],"large":["https:\/\/imagazine.it\/wp-content\/uploads\/2024\/01\/44308-1.webp",640,427,false],"thumblist":["https:\/\/imagazine.it\/wp-content\/uploads\/2024\/01\/44308-1.webp",300,200,false],"thumbrelated":["https:\/\/imagazine.it\/wp-content\/uploads\/2024\/01\/44308-1.webp",500,334,false],"meccarouselthumb":["https:\/\/imagazine.it\/wp-content\/uploads\/2024\/01\/44308-1.webp",474,316,false],"gridsquare":["https:\/\/imagazine.it\/wp-content\/uploads\/2024\/01\/44308-1.webp",391,260,false],"tileview":["https:\/\/imagazine.it\/wp-content\/uploads\/2024\/01\/44308-1.webp",300,200,false],"1536x1536":["https:\/\/imagazine.it\/wp-content\/uploads\/2024\/01\/44308-1.webp",1000,667,false],"2048x2048":["https:\/\/imagazine.it\/wp-content\/uploads\/2024\/01\/44308-1.webp",1000,667,false],"newsup-slider-full":["https:\/\/imagazine.it\/wp-content\/uploads\/2024\/01\/44308-1.webp",1000,667,false],"newsup-featured":["https:\/\/imagazine.it\/wp-content\/uploads\/2024\/01\/44308-1.webp",1000,667,false],"newsup-medium":["https:\/\/imagazine.it\/wp-content\/uploads\/2024\/01\/44308-1-720x380.webp",720,380,true],"tptn_thumbnail":["https:\/\/imagazine.it\/wp-content\/uploads\/2024\/01\/44308-1.webp",250,167,false],"sow-carousel-default":["https:\/\/imagazine.it\/wp-content\/uploads\/2024\/01\/44308-1-272x182.webp",272,182,true]},"rttpg_author":{"display_name":"redazione","author_link":"https:\/\/imagazine.it\/home_desk\/author\/redazione\/"},"rttpg_comment":0,"rttpg_category":"<a href=\"https:\/\/imagazine.it\/home_desk\/category\/attualita\/\" rel=\"category tag\">ATTUALIT\u00c0<\/a>","rttpg_excerpt":"Dureranno circa 5 mesi","_links":{"self":[{"href":"https:\/\/imagazine.it\/home_desk\/wp-json\/wp\/v2\/posts\/40754","targetHints":{"allow":["GET"]}}],"collection":[{"href":"https:\/\/imagazine.it\/home_desk\/wp-json\/wp\/v2\/posts"}],"about":[{"href":"https:\/\/imagazine.it\/home_desk\/wp-json\/wp\/v2\/types\/post"}],"author":[{"embeddable":true,"href":"https:\/\/imagazine.it\/home_desk\/wp-json\/wp\/v2\/users\/28"}],"replies":[{"embeddable":true,"href":"https:\/\/imagazine.it\/home_desk\/wp-json\/wp\/v2\/comments?post=40754"}],"version-history":[{"count":0,"href":"https:\/\/imagazine.it\/home_desk\/wp-json\/wp\/v2\/posts\/40754\/revisions"}],"wp:featuredmedia":[{"embeddable":true,"href":"https:\/\/imagazine.it\/home_desk\/wp-json\/wp\/v2\/media\/40755"}],"wp:attachment":[{"href":"https:\/\/imagazine.it\/home_desk\/wp-json\/wp\/v2\/media?parent=40754"}],"wp:term":[{"taxonomy":"category","embeddable":true,"href":"https:\/\/imagazine.it\/home_desk\/wp-json\/wp\/v2\/categories?post=40754"},{"taxonomy":"post_tag","embeddable":true,"href":"https:\/\/imagazine.it\/home_desk\/wp-json\/wp\/v2\/tags?post=40754"}],"curies":[{"name":"wp","href":"https:\/\/api.w.org\/{rel}","templated":true}]}}