{"id":40746,"date":"2021-11-04T00:00:00","date_gmt":"2021-11-03T23:00:00","guid":{"rendered":"https:\/\/imagazine.it\/?p=40746"},"modified":"2021-11-04T00:00:00","modified_gmt":"2021-11-03T23:00:00","slug":"aquileia-roma-una-corona-dalloro-riunisce-gli-undici-fratelli","status":"publish","type":"post","link":"https:\/\/imagazine.it\/home_desk\/aquileia-roma-una-corona-dalloro-riunisce-gli-undici-fratelli\/","title":{"rendered":"Aquileia-Roma, una corona d&#8217;alloro riunisce gli undici fratelli"},"content":{"rendered":"<p> \tNel corso di una cerimonia intima al <strong>Cimitero degli Eroi di Aquileia<\/strong>, \u00e8 stata deposta questa mattina da due studenti della Scuola Secondaria di Aquileia una corona d&#39;alloro sulla tomba dei dieci militi non scelti e di Maria Bergamas.<\/p>\n<p> \tLa cerimonia si \u00e8 svolta in concomitanza della deposizione della corona sulla tomba del Milite Ignoto per mano del presidente della Repubblica <strong>Sergio Mattarella<\/strong> nel corso delle Cerimonie ufficiali tenutesi all&#39;Altare della Patria a Roma. Presenti alla deposizione il sindaco <strong>Emanuele Zorino<\/strong>, il parroco monsignor <strong>Adelchi Cabass<\/strong>, alcuni rappresentanti dell&#39;Associazione Nazionale Alpini-Sezione di Aquileia e tutti i ragazzi della Scuola Secondaria.<\/p>\n<p> \t&#8220;Questa mattina abbiamo voluto unirci nuovamente a Roma. Quel soldato semplice &#8211; ha dichiarato il sindaco Zorino &#8211; che da cento anni porta il nome del Milite Ignoto \u00e8 la figura simbolo dell&#39;unione del popolo alle istituzioni, attraverso la quale tutte le madri, i padri, i fratelli hanno potuti piangere i figli d&#39;Italia caduti nella Grande Guerra. La simbolica deposizione della corona d&#39;alloro sulla tomba dei militi non scelti \u00e8 il nostro omaggio per riunire nuovamente gli undici fratelli e portare il nostro ultimo saluto con un rinnovato sentimento di gratitudine e speranza&#8221;.<\/p>\n<p> \tSi concludono simbolicamente oggi le Celebrazioni in ricordo del viaggio del Milite Ignoto, partito da Aquileia il 29 ottobre del 1921 e tumulato il successivo 4 novembre a Roma. Accompagnato per tutto il suo tragitto dai clamori di un popolo mai cos\u00ec unito, il Treno dell&#39;Eroe che trasportava il Milite Ignoto raggiunse la Stazione Termini di Roma il 2 novembre. Ad accoglierlo, le pi\u00f9 alte cariche militari e politiche.\u00a0Dopo i saluti e gli onori dovuti, la salma venne caricata su un affusto di cannone e trasportata nella vicina Basilica di\u00a0Santa Maria degli Angeli con a capo del corteo Re Vittorio Emanuele III di Savoia.\u00a0<\/p>\n<p> \t&#8220;Per noi oggi \u00e8 un momento di riflessione sulla pace e sull&#39;orrore della guerra &#8211; conclude Zorino -. Dobbiamo muoverci verso una nuova riconciliazione che abbracci ogni livello, dalle cose pi\u00f9 semplici della vita quotidiana agli eventi di Stato. La visita di ieri del Presidente della Repubblica ha fatto vivere ad Aquileia un momento indimenticabile che ha significato il riconoscimento di una parte di storia, forse poco conosciuta ma che durante questo Centenario siamo riusciti a mettere in luce. Sono molto felice anche di aver visto questa grande partecipazione delle scuole durante tutte queste Celebrazioni perch\u00e9 far conoscere la storia ai giovani significa renderli partecipi di cosa \u00e8 accaduto su queste terre e conferire loro il senso di un&#39;identit\u00e0&#8221;.<\/p>\n","protected":false},"excerpt":{"rendered":"<p>Cerimonia al Cimitero degli Eroi<\/p>\n","protected":false},"author":28,"featured_media":40747,"comment_status":"closed","ping_status":"closed","sticky":false,"template":"","format":"standard","meta":{"dwc-title":[],"dwc-content":[],"footnotes":""},"categories":[5],"tags":[],"class_list":["post-40746","post","type-post","status-publish","format-standard","has-post-thumbnail","hentry","category-attualita"],"rttpg_featured_image_url":{"full":["https:\/\/imagazine.it\/wp-content\/uploads\/2024\/01\/44297-1.webp",1000,667,false],"landscape":["https:\/\/imagazine.it\/wp-content\/uploads\/2024\/01\/44297-1.webp",1000,667,false],"portraits":["https:\/\/imagazine.it\/wp-content\/uploads\/2024\/01\/44297-1.webp",1000,667,false],"thumbnail":["https:\/\/imagazine.it\/wp-content\/uploads\/2024\/01\/44297-1-150x150.webp",150,150,true],"medium":["https:\/\/imagazine.it\/wp-content\/uploads\/2024\/01\/44297-1-300x200.webp",300,200,true],"large":["https:\/\/imagazine.it\/wp-content\/uploads\/2024\/01\/44297-1.webp",640,427,false],"thumblist":["https:\/\/imagazine.it\/wp-content\/uploads\/2024\/01\/44297-1.webp",300,200,false],"thumbrelated":["https:\/\/imagazine.it\/wp-content\/uploads\/2024\/01\/44297-1.webp",500,334,false],"meccarouselthumb":["https:\/\/imagazine.it\/wp-content\/uploads\/2024\/01\/44297-1.webp",474,316,false],"gridsquare":["https:\/\/imagazine.it\/wp-content\/uploads\/2024\/01\/44297-1.webp",391,260,false],"tileview":["https:\/\/imagazine.it\/wp-content\/uploads\/2024\/01\/44297-1.webp",300,200,false],"1536x1536":["https:\/\/imagazine.it\/wp-content\/uploads\/2024\/01\/44297-1.webp",1000,667,false],"2048x2048":["https:\/\/imagazine.it\/wp-content\/uploads\/2024\/01\/44297-1.webp",1000,667,false],"newsup-slider-full":["https:\/\/imagazine.it\/wp-content\/uploads\/2024\/01\/44297-1.webp",1000,667,false],"newsup-featured":["https:\/\/imagazine.it\/wp-content\/uploads\/2024\/01\/44297-1.webp",1000,667,false],"newsup-medium":["https:\/\/imagazine.it\/wp-content\/uploads\/2024\/01\/44297-1-720x380.webp",720,380,true],"tptn_thumbnail":["https:\/\/imagazine.it\/wp-content\/uploads\/2024\/01\/44297-1.webp",250,167,false],"sow-carousel-default":["https:\/\/imagazine.it\/wp-content\/uploads\/2024\/01\/44297-1-272x182.webp",272,182,true]},"rttpg_author":{"display_name":"redazione","author_link":"https:\/\/imagazine.it\/home_desk\/author\/redazione\/"},"rttpg_comment":0,"rttpg_category":"<a href=\"https:\/\/imagazine.it\/home_desk\/category\/attualita\/\" rel=\"category tag\">ATTUALIT\u00c0<\/a>","rttpg_excerpt":"Cerimonia al Cimitero degli Eroi","_links":{"self":[{"href":"https:\/\/imagazine.it\/home_desk\/wp-json\/wp\/v2\/posts\/40746","targetHints":{"allow":["GET"]}}],"collection":[{"href":"https:\/\/imagazine.it\/home_desk\/wp-json\/wp\/v2\/posts"}],"about":[{"href":"https:\/\/imagazine.it\/home_desk\/wp-json\/wp\/v2\/types\/post"}],"author":[{"embeddable":true,"href":"https:\/\/imagazine.it\/home_desk\/wp-json\/wp\/v2\/users\/28"}],"replies":[{"embeddable":true,"href":"https:\/\/imagazine.it\/home_desk\/wp-json\/wp\/v2\/comments?post=40746"}],"version-history":[{"count":0,"href":"https:\/\/imagazine.it\/home_desk\/wp-json\/wp\/v2\/posts\/40746\/revisions"}],"wp:featuredmedia":[{"embeddable":true,"href":"https:\/\/imagazine.it\/home_desk\/wp-json\/wp\/v2\/media\/40747"}],"wp:attachment":[{"href":"https:\/\/imagazine.it\/home_desk\/wp-json\/wp\/v2\/media?parent=40746"}],"wp:term":[{"taxonomy":"category","embeddable":true,"href":"https:\/\/imagazine.it\/home_desk\/wp-json\/wp\/v2\/categories?post=40746"},{"taxonomy":"post_tag","embeddable":true,"href":"https:\/\/imagazine.it\/home_desk\/wp-json\/wp\/v2\/tags?post=40746"}],"curies":[{"name":"wp","href":"https:\/\/api.w.org\/{rel}","templated":true}]}}